{"id":100,"date":"2016-03-16T10:52:13","date_gmt":"2016-03-16T09:52:13","guid":{"rendered":"http:\/\/libre-cueillette.net\/?p=100"},"modified":"2018-11-17T12:29:48","modified_gmt":"2018-11-17T11:29:48","slug":"le-projet-sixieme-rencontre","status":"publish","type":"post","link":"https:\/\/libre-cueillette.net\/index.php\/2016\/03\/16\/le-projet-sixieme-rencontre\/","title":{"rendered":"Le projet, 6\u00e8me groupe de travail"},"content":{"rendered":"<h2 class=\"Style14\" align=\"center\"><span class=\"Style17\" style=\"color: #00680f;\"><strong>Amis-Chemins, Groupe Colibris, UTLA, Cantau et Lili<\/strong> <\/span><\/h2>\n<p class=\"Style4\" align=\"justify\"><span style=\"color: #000000;\"><span style=\"color: #00680f;\"><strong>Le projet avance.<\/strong><\/span> Au si\u00e8ge des Amis-Chemins, le 7 mars, un nouveau groupe s&rsquo;est r\u00e9uni : il comprenait Nathalie Laval, professeur d&rsquo;histoire-g\u00e9ographie au lyc\u00e9e Cantau, Pierre Meauz\u00e9, du groupe Colibris 64, Nicole Dupla, de l&rsquo;atelier Jardinage et Botanique de l&rsquo;Universit\u00e9 du Temps Libre d&rsquo;Anglet et Cathy Constant-Elissagaray, de l&rsquo;association des Amis-Chemins. Nous recevions Lili qui s&rsquo;est ainsi pr\u00e9sent\u00e9e.<\/span><\/p>\n<p class=\"Style4\" align=\"justify\"><span style=\"color: #000000;\"><!--more--><\/span><\/p>\n<p class=\"Style4\" align=\"justify\"><span style=\"color: #000000;\"><span style=\"color: #00680f;\"><strong><span class=\"Style14\">Lili<\/span><\/strong><\/span> (Val\u00e9rie Le Houx) : J&rsquo;habite \u00e0 Bayonne, j&rsquo;ai 45 ans et je souhaite monter un projet p\u00e9dagogique et culturel en perma &lsquo;culture dans les Landes d&rsquo;ici deux ans ! Je suis dans la culture depuis toujours (la terre et la sc\u00e8ne) et ne peux dissocier les deux ! J&rsquo;ai fait ma premi\u00e8re <span style=\"color: #00680f;\"><strong>formation chez Pierre Rhabi<\/strong><\/span>, je compte y aller cet \u00e9t\u00e9 deux semaines leur apporter mon aide et l&rsquo;ann\u00e9e prochaine deux semaines en formation chez Perrine et Charles, la <span style=\"color: #00680f;\"><strong>Ferme du Bec Hellouin<\/strong><\/span> en Normandie (centre de formation reconnu) pour devenir animatrice en permaculture ! Transmettre a toujours \u00e9t\u00e9 mon travail et je fais de la permaculture et ateliers jardins dans les \u00e9coles depuis toujours ! Alors, voil\u00e0, je veux bien \u00eatre de l&rsquo;aventure et vous donner des coups de mains&#8230; avec plaisir, joie et grand bonheur ! Je suis une pro en commercial et communication donc si besoin j&rsquo;ai plusieurs cordes \u00e0 mon arc !!!<\/span><\/p>\n<p class=\"Style4\" align=\"justify\"><span style=\"color: #000000;\"><span style=\"color: #00680f;\"><strong><span class=\"Style14\">Pierre Meauz\u00e9<\/span><\/strong><\/span> : Au cours des \u00e9changes, Pierre a pr\u00e9cis\u00e9 qu&rsquo;il \u00e9tait en train de terminer une <span style=\"color: #00680f;\"><strong>formation de permaculture du design<\/strong><\/span>*. Il a dit qu&rsquo;il \u00e9tait int\u00e9ress\u00e9 pour aider \u00e0 la plantation de plantes comestibles de sous-bois dans le bosquet du lyc\u00e9e (ou dans le tr\u00e8s proche voisinage).<\/span><\/p>\n<p class=\"Style4\" align=\"justify\"><span style=\"color: #000000;\">(*) Ce <span style=\"color: #00680f;\"><strong>Cours Certifi\u00e9 en Permaculture<\/strong><\/span> (CCP) a \u00e9t\u00e9 organis\u00e9 pour l\u2019association\u00a0Biogintza et\u00a0Jean Irubetagoyena. Il a d\u00e9marr\u00e9 le week-end du 19\/20 septembre et s\u2019est \u00e9tal\u00e9 durant six mois r\u00e9partis sur plusieurs week-ends sur un terrain permaculturel ainsi que des soirs de semaine \u00e0 la maison des associations de Bayonne. C\u2019\u00e9tait le premier CCP certifiant en permaculture au Pays basque, parrain\u00e9 par l\u2019UPP (<a style=\"color: #000000;\" href=\"http:\/\/permaculturefrance.org\/\" target=\"_blank\" rel=\"noopener\">Universit\u00e9 Populaire de Permaculture<\/a>).<\/span><\/p>\n<p class=\"Style4\" align=\"justify\"><span style=\"color: #000000;\"><img loading=\"lazy\" decoding=\"async\" class=\"aligncenter wp-image-101 size-full\" src=\"https:\/\/libre-cueillette.net\/wp-content\/uploads\/Image-permaculture.jpg\" alt=\"Image-permaculture\" width=\"500\" height=\"375\" srcset=\"https:\/\/libre-cueillette.net\/wp-content\/uploads\/Image-permaculture.jpg 500w, https:\/\/libre-cueillette.net\/wp-content\/uploads\/Image-permaculture-300x225.jpg 300w\" sizes=\"auto, (max-width: 500px) 100vw, 500px\" \/><\/span><\/p>\n<p class=\"Style4\" align=\"justify\"><span style=\"color: #000000;\"><span style=\"color: #00680f;\"><strong>La <a style=\"color: #00680f;\" href=\"http:\/\/larbreessentiel.fr\/cours-certifies-en-permaculture-les-infos\/\" target=\"_blank\" rel=\"noopener\">prochaine formation<\/a> aura lieu sur 12 jours cons\u00e9cutifs du 17 au 28 mai 2016 \u00e0 Larressore<\/strong><\/span> et il y aura une vingtaine de places disponibles. Au programme :<\/span><\/p>\n<p align=\"left\"><span style=\"color: #000000;\">Apport Th\u00e9orique:<\/span><\/p>\n<div align=\"left\">\n<ul>\n<li><span style=\"color: #000000;\">Introduction \u00e0 la permaculture<\/span><\/li>\n<li><span style=\"color: #000000;\">D\u00e9couverte du site et mise en commun des observations<\/span><\/li>\n<li><span style=\"color: #000000;\">Vers une soci\u00e9t\u00e9 durable<\/span><\/li>\n<li><span style=\"color: #000000;\">Introduction \u00e0 la permaculture<\/span><\/li>\n<li><span style=\"color: #000000;\">Historique de la permaculture \/ Courants de pens\u00e9e<\/span><\/li>\n<li><span style=\"color: #000000;\">D\u00e9finition de la permaculture \/ Fleur permaculturelle \/ Principes de permaculture (Ethique et conception) \/<\/span><\/li>\n<li><span style=\"color: #000000;\">M\u00e9thode de design (OBREDIM) \/ 1\u00b0 partie<\/span><\/li>\n<li><span style=\"color: #000000;\">M\u00e9thode de design (OBREDIM) \/ 2\u00b0 partie<\/span><\/li>\n<li><span style=\"color: #000000;\">Mod\u00e8les et motifs naturels (\u00ab patterns \u00bb)<\/span><\/li>\n<li><span style=\"color: #000000;\">Principes d\u2019\u00e9cologie et permaculture \/ 1\u00b0 partie<\/span><\/li>\n<li><span style=\"color: #000000;\">Introduction au design \/ Pr\u00e9sentation de l\u2019exercice et du travail attendu \/ constitution de groupes<\/span><\/li>\n<li><span style=\"color: #000000;\">Principes d\u2019\u00e9cologie et permaculture \/ 2\u00b0 partie<\/span><\/li>\n<li><span style=\"color: #000000;\">Facteurs climatiques et microclimats<\/span><\/li>\n<li><span style=\"color: #000000;\">Le sol vivant \/ 1\u00b0 partie<\/span><\/li>\n<li><span style=\"color: #000000;\">Le sol vivant \/ 2\u00b0 partie<\/span><\/li>\n<li><span style=\"color: #000000;\">L\u2019eau \/ Erosion et collecte des eaux pluviales et de\u00a0ruissellement<\/span><\/li>\n<li><span style=\"color: #000000;\">Les bases d\u2019une agriculture respectueuse du sol<\/span><\/li>\n<li><span style=\"color: #000000;\">Plantes annuelles, plantes p\u00e9rennes et permaculture<\/span><\/li>\n<li><span style=\"color: #000000;\">Obtenir une production sans \u00e9puiser les sols<\/span><\/li>\n<li><span style=\"color: #000000;\">Arbres et permaculture<\/span><\/li>\n<li><span style=\"color: #000000;\">Les diff\u00e9rents types de cultures sous les arbres<\/span><\/li>\n<li><span style=\"color: #000000;\">R\u00f4le des animaux en permaculture<\/span><\/li>\n<li><span style=\"color: #000000;\">Epuration naturelle des eaux us\u00e9es<\/span><\/li>\n<li><span style=\"color: #000000;\">Gouvernance<\/span><\/li>\n<li><span style=\"color: #000000;\">Empreinte \u00e9cologique et permaculture<\/span><\/li>\n<li><span style=\"color: #000000;\">Habitat et gestion de l\u2019\u00e9nergie<\/span><\/li>\n<li><span style=\"color: #000000;\">Structures invisibles et organisationnelles \/ Agriculture urbaine<\/span><\/li>\n<li><span style=\"color: #000000;\">Le mouvement de permaculture en France<\/span><\/li>\n<\/ul>\n<\/div>\n<p align=\"left\"><span style=\"color: #000000;\">Pratique:<\/span><\/p>\n<div align=\"left\">\n<ul>\n<li><span style=\"color: #000000;\">Ateliers pratiques divers : composte, zonage, analyse du sol\u2026adaptables en fonction du lieu et la m\u00e9t\u00e9o.<\/span><\/li>\n<li><span style=\"color: #000000;\">Constitution de groupes de travail pour mise en pratique de design\u00a0et pr\u00e9sentation d\u2019un design en fin de stage.<\/span><\/li>\n<\/ul>\n<\/div>\n<p class=\"Style4\" align=\"justify\"><span style=\"color: #000000;\">Nathalie Laval s&rsquo;est montr\u00e9e tr\u00e8s int\u00e9ress\u00e9e par ce parcours et elle a signal\u00e9 qu&rsquo;un de ses coll\u00e8gues, professeur \u00e0 Cantau, avait des centres d&rsquo;int\u00e9r\u00eat similaires. Affaire \u00e0 suivre&#8230;<\/span><\/p>\n<p class=\"Style4\" align=\"justify\"><span style=\"color: #000000;\">Toutes ces comp\u00e9tences pourront \u00eatre mises \u00e0 profit dans le cadre des activit\u00e9s du collectif Libre Cueillette sur la commune d&rsquo;Anglet. Plusieurs pistes sont d&rsquo;ores et d\u00e9j\u00e0 trac\u00e9es :<\/span><\/p>\n<p class=\"Style4\" align=\"justify\"><span style=\"color: #000000;\">&#8211; <span style=\"color: #00680f;\"><strong>Projet d&rsquo;am\u00e9nagement du rond-point de la Tour de Lannes<\/strong><\/span>. Il sera propos\u00e9 aux 13 copropri\u00e9taires de cet espace vert central. Il consistera \u00e0 r\u00e9fl\u00e9chir \u00e0 l&rsquo;implantation de parterres paysagers de plantes p\u00e9rennes comestibles, principalement fruiti\u00e8res. Le but est de r\u00e9duire des nuisances comme les tontes trop fr\u00e9quentes, bruyantes, qui d\u00e9nudent les racines et s\u00e9lectionnent la mousse au d\u00e9triment d&rsquo;autres herbes. Ce terrain ras provoque le d\u00e9valement des eaux pluviales qui s&rsquo;\u00e9coulent sans frein entre les arbres. L&rsquo;implantation de ces parterres permettrait d&rsquo;offrir une aire conviviale de rencontre o\u00f9 pourraient \u00e9voluer les petits-enfants des uns et des autres (les enfants des propri\u00e9taires ayant grandi et quitt\u00e9 le domicile familial).<\/span><\/p>\n<p class=\"Style4\" align=\"justify\"><span style=\"color: #000000;\">&#8211; <span style=\"color: #00680f;\"><strong>Projet d&rsquo;am\u00e9nagement de la zone commerciale d&rsquo;Aritxague<\/strong><\/span>, \u00e9ventuellement par des \u00e9l\u00e8ves du lyc\u00e9e Cantau dans le cadre d&rsquo;un travail scolaire.<\/span><\/p>\n<p class=\"Style4\" align=\"justify\"><span style=\"color: #000000;\">&#8211; <span style=\"color: #00680f;\"><strong>Projet de cr\u00e9ation d&rsquo;un jardin partag\u00e9<\/strong><\/span> au futur si\u00e8ge de l&rsquo;Universit\u00e9 du Temps Libre d&rsquo;Anglet sur l&rsquo;espace actuel de l&rsquo;\u00e9cole de Tivoli (sous r\u00e9serve de l&rsquo;acceptation de la municipalit\u00e9). Lili se d\u00e9clare pr\u00eate \u00e0 participer \u00e0 l&rsquo;animation, si ce projet se r\u00e9alise, et Pierre souligne la n\u00e9cessit\u00e9 de voir les lieux pour bien r\u00e9fl\u00e9chir \u00e0 l&rsquo;implantation : il sera difficile de revenir en arri\u00e8re une fois que les premi\u00e8res plantations auront \u00e9t\u00e9 faites&#8230;<\/span><\/p>\n<p class=\"Style4\" align=\"justify\"><span style=\"color: #000000;\"><img loading=\"lazy\" decoding=\"async\" class=\"aligncenter wp-image-102 size-full\" src=\"https:\/\/libre-cueillette.net\/wp-content\/uploads\/zac-aritxague-melville-lynch-bayonne-et-anglet-af.jpg\" alt=\"zac-aritxague-melville-lynch-bayonne-et-anglet-af\" width=\"600\" height=\"400\" srcset=\"https:\/\/libre-cueillette.net\/wp-content\/uploads\/zac-aritxague-melville-lynch-bayonne-et-anglet-af.jpg 600w, https:\/\/libre-cueillette.net\/wp-content\/uploads\/zac-aritxague-melville-lynch-bayonne-et-anglet-af-300x200.jpg 300w\" sizes=\"auto, (max-width: 600px) 100vw, 600px\" \/><\/span><\/p>\n<p class=\"Style4\" align=\"justify\"><span style=\"color: #000000;\">&#8211; Enfin, Pierre signale un <span style=\"color: #00680f;\"><strong>nouveau projet de <a style=\"color: #00680f;\" href=\"http:\/\/www.agglo-cotebasque.net\/les-politiques-publiques\/developpement-urbain\/1097-la-zac-daritxague-melville-lynch.html\" target=\"_blank\" rel=\"noopener\">ZAC<\/a><\/strong><\/span>, tout pr\u00e8s de son domicile. Du moment que ce projet est connu bien en amont de sa r\u00e9alisation, le collectif Libre Cueillette pourrait intervenir pour faire en sorte qu&rsquo;un <span style=\"color: #00680f;\"><strong>am\u00e9nagement paysager dans la lign\u00e9e des Incroyables Comestibles<\/strong><\/span> puisse \u00eatre pr\u00e9vu autour de tous ces futurs b\u00e2timents, routes et parkings.<\/span><\/p>\n<p class=\"Style4\" align=\"justify\"><span style=\"color: #000000;\">Voici quelques extraits de la pr\u00e9sentation de la ZAC par l&rsquo;agglom\u00e9ration. \u00ab\u00a0Il s&rsquo;agit de la r\u00e9alisation d\u2019un Village d\u2019artisans en accession \u00e0 la propri\u00e9t\u00e9 sur la ZAC d\u2019Aritxague-Melville Lynch. La surface indicative de l&rsquo;\u00eelot est de\u00a08\u00a0170 m\u00b2 de terrain. Afin d\u2019associer le public &#8211; notamment les riverains et les futurs usagers &#8211; \u00e0 la r\u00e9alisation de cet espace \u00e9conomique, trois r\u00e9unions publiques et une visite de site ont eu lieu lors de sa phase de cr\u00e9ation en 2013 (1). Le bilan de la concertation, int\u00e9grant les remarques du public, a \u00e9t\u00e9 approuv\u00e9 par d\u00e9lib\u00e9ration le 14 juin 2013. Sachant que l\u2019association du public perdurera durant toutes les phases du projet afin de l\u2019informer sur les avanc\u00e9es. Dans ce cadre, une nouvelle r\u00e9union publique a eu lieu le 16 juillet 2015, en vue d\u2019associer le public aux modifications envisag\u00e9es, \u00e0 savoir l\u2019implantation d\u2019un \u00e9quipement public municipal, tel que le Centre Technique Municipal d\u2019Anglet, qui suppose l\u2019\u00e9largissement de la vocation de la zone. Elle fait suite <a style=\"color: #000000;\" title=\"NON D\u00e9FINI, OJ_N__27.pdf, 337 KB\" href=\"http:\/\/www.agglo-cotebasque.net\/fileadmin\/user_upload\/fichiers\/Les_missions\/Habitat_et_Urbanisme\/OJ_N__27.pdf\">au conseil du 8 avril 2015<\/a>, qui a initi\u00e9 le processus de modification du dossier de cr\u00e9ation de la ZAC, afin d\u2019accueillir le CTM, et act\u00e9 le principe d\u2019une concertation publique. Cette nouvelle r\u00e9union publique a ainsi permis d\u2019associer le public aux modifications envisag\u00e9es. Un dossier d\u2019information actualis\u00e9, pr\u00e9sentant les \u00e9volutions du projet, et un registre d\u2019observations sont mis \u00e0 la disposition du public dans les mairies d\u2019Anglet et de Bayonne, ou encore \u00e0 l\u2019H\u00f4tel d\u2019Agglom\u00e9ration, avenue Foch \u00e0 Bayonne (<a style=\"color: #000000;\" title=\"NON D\u00e9FINI, ZAC_AML_Re__union_publique_16juill2015_V2_20150709.pptx, 24 MB\" href=\"http:\/\/www.agglo-cotebasque.net\/fileadmin\/user_upload\/fichiers\/Annonce_d_urbanisme\/ZAC_AML_Re__union_publique_16juill2015_V2_20150709.pptx\">cf. pr\u00e9sentation)<\/a>. Dossier de <a style=\"color: #000000;\" title=\"NON D\u00e9FINI, OJ_N__28_Bilan_concertation.pdf, 1.6 MB\" href=\"http:\/\/www.agglo-cotebasque.net\/fileadmin\/user_upload\/fichiers\/actualites\/OJ_N__28_Bilan_concertation.pdf\">bilan de concertation <\/a>(octobre 2015).\u00a0\u00bb<\/span><\/p>\n","protected":false},"excerpt":{"rendered":"<p>Amis-Chemins, Groupe Colibris, UTLA, Cantau et Lili Le projet avance. Au si\u00e8ge des Amis-Chemins, le 7 mars, un nouveau groupe s&rsquo;est r\u00e9uni : il comprenait Nathalie Laval, professeur d&rsquo;histoire-g\u00e9ographie au lyc\u00e9e Cantau, Pierre Meauz\u00e9, du groupe Colibris 64, Nicole Dupla,<\/p>\n","protected":false},"author":1,"featured_media":0,"comment_status":"open","ping_status":"open","sticky":false,"template":"","format":"standard","meta":{"footnotes":""},"categories":[5],"tags":[276,16,12,14,15,17,13,11],"class_list":["post-100","post","type-post","status-publish","format-standard","hentry","category-projet","tag-276","tag-amenagement","tag-animations","tag-ateliers","tag-formation","tag-jardin-partage","tag-jardins","tag-permaculture"],"_links":{"self":[{"href":"https:\/\/libre-cueillette.net\/index.php\/wp-json\/wp\/v2\/posts\/100","targetHints":{"allow":["GET"]}}],"collection":[{"href":"https:\/\/libre-cueillette.net\/index.php\/wp-json\/wp\/v2\/posts"}],"about":[{"href":"https:\/\/libre-cueillette.net\/index.php\/wp-json\/wp\/v2\/types\/post"}],"author":[{"embeddable":true,"href":"https:\/\/libre-cueillette.net\/index.php\/wp-json\/wp\/v2\/users\/1"}],"replies":[{"embeddable":true,"href":"https:\/\/libre-cueillette.net\/index.php\/wp-json\/wp\/v2\/comments?post=100"}],"version-history":[{"count":7,"href":"https:\/\/libre-cueillette.net\/index.php\/wp-json\/wp\/v2\/posts\/100\/revisions"}],"predecessor-version":[{"id":2543,"href":"https:\/\/libre-cueillette.net\/index.php\/wp-json\/wp\/v2\/posts\/100\/revisions\/2543"}],"wp:attachment":[{"href":"https:\/\/libre-cueillette.net\/index.php\/wp-json\/wp\/v2\/media?parent=100"}],"wp:term":[{"taxonomy":"category","embeddable":true,"href":"https:\/\/libre-cueillette.net\/index.php\/wp-json\/wp\/v2\/categories?post=100"},{"taxonomy":"post_tag","embeddable":true,"href":"https:\/\/libre-cueillette.net\/index.php\/wp-json\/wp\/v2\/tags?post=100"}],"curies":[{"name":"wp","href":"https:\/\/api.w.org\/{rel}","templated":true}]}}