{"id":10195,"date":"2023-06-23T15:39:50","date_gmt":"2023-06-23T14:39:50","guid":{"rendered":"https:\/\/libre-cueillette.net\/?p=10195"},"modified":"2023-06-30T18:06:26","modified_gmt":"2023-06-30T17:06:26","slug":"printemps-a-lilitegia-suite","status":"publish","type":"post","link":"https:\/\/libre-cueillette.net\/index.php\/2023\/06\/23\/printemps-a-lilitegia-suite\/","title":{"rendered":"Printemps \u00e0 Lilitegia (suite)"},"content":{"rendered":"\n<figure id=\"attachment_10198\" aria-describedby=\"caption-attachment-10198\" style=\"width: 800px\" class=\"wp-caption aligncenter\"><a href=\"https:\/\/libre-cueillette.net\/wp-content\/uploads\/aIMG_20230510_182146.jpg\"><img loading=\"lazy\" decoding=\"async\" class=\"wp-image-10198 size-full\" src=\"https:\/\/libre-cueillette.net\/wp-content\/uploads\/aIMG_20230510_182146.jpg\" alt=\"\" width=\"800\" height=\"600\" srcset=\"https:\/\/libre-cueillette.net\/wp-content\/uploads\/aIMG_20230510_182146.jpg 800w, https:\/\/libre-cueillette.net\/wp-content\/uploads\/aIMG_20230510_182146-300x225.jpg 300w, https:\/\/libre-cueillette.net\/wp-content\/uploads\/aIMG_20230510_182146-768x576.jpg 768w\" sizes=\"auto, (max-width: 800px) 100vw, 800px\" \/><\/a><figcaption id=\"caption-attachment-10198\" class=\"wp-caption-text\"><span style=\"color: #000000;\">Les enfants se souviendront toute leur vie de leurs d\u00e9couvertes au jardin.<\/span><\/figcaption><\/figure>\n<p><span style=\"color: #000000;\">L&rsquo;un des objectifs de la nouvelle conception du jardin est de contrer les \u00ab\u00a0pr\u00e9l\u00e8vements\u00a0\u00bb intempestifs de deux mani\u00e8res: en cr\u00e9ant un foisonnement v\u00e9g\u00e9tal tr\u00e8s dense et tr\u00e8s diversifi\u00e9 et en disposant les pas japonais en un cheminement tortueux seulement accessible en deux endroits pour chaque grand bac de culture. D\u00e9j\u00e0, un artichaut encore tr\u00e8s petit a \u00e9t\u00e9 cueilli par quelqu&rsquo;un ext\u00e9rieur au groupe. Pour m\u00e9moire, Sonia rappelle aux r\u00e9sidents-jardiniers une r\u00e8gle simple: lorsqu&rsquo;une r\u00e9colte ne pr\u00e9sente pas d&rsquo;urgence, elle se fait lors d&rsquo;une s\u00e9ance de jardinage en commun. Par contre, des fruits abondants comme les fraises, qui risquent de s&rsquo;ab\u00eemer ou d&rsquo;\u00eatre grignot\u00e9s par les limaces si l&rsquo;on tarde trop, peuvent \u00eatre r\u00e9colt\u00e9s au fur et \u00e0 mesure de leur m\u00fbrissement.<\/span><\/p>\n<figure id=\"attachment_10267\" aria-describedby=\"caption-attachment-10267\" style=\"width: 800px\" class=\"wp-caption aligncenter\"><a href=\"https:\/\/libre-cueillette.net\/wp-content\/uploads\/aIMG_20230510_183856-1.jpg\"><img loading=\"lazy\" decoding=\"async\" class=\"wp-image-10267 size-full\" src=\"https:\/\/libre-cueillette.net\/wp-content\/uploads\/aIMG_20230510_183856-1.jpg\" alt=\"\" width=\"800\" height=\"600\" srcset=\"https:\/\/libre-cueillette.net\/wp-content\/uploads\/aIMG_20230510_183856-1.jpg 800w, https:\/\/libre-cueillette.net\/wp-content\/uploads\/aIMG_20230510_183856-1-300x225.jpg 300w, https:\/\/libre-cueillette.net\/wp-content\/uploads\/aIMG_20230510_183856-1-768x576.jpg 768w\" sizes=\"auto, (max-width: 800px) 100vw, 800px\" \/><\/a><figcaption id=\"caption-attachment-10267\" class=\"wp-caption-text\"><span style=\"color: #000000;\">Des messages percutants !<\/span><\/figcaption><\/figure>\n<figure id=\"attachment_10200\" aria-describedby=\"caption-attachment-10200\" style=\"width: 800px\" class=\"wp-caption aligncenter\"><a href=\"https:\/\/libre-cueillette.net\/wp-content\/uploads\/aIMG_20230510_190437.jpg\"><img loading=\"lazy\" decoding=\"async\" class=\"wp-image-10200 size-full\" src=\"https:\/\/libre-cueillette.net\/wp-content\/uploads\/aIMG_20230510_190437.jpg\" alt=\"\" width=\"800\" height=\"600\" srcset=\"https:\/\/libre-cueillette.net\/wp-content\/uploads\/aIMG_20230510_190437.jpg 800w, https:\/\/libre-cueillette.net\/wp-content\/uploads\/aIMG_20230510_190437-300x225.jpg 300w, https:\/\/libre-cueillette.net\/wp-content\/uploads\/aIMG_20230510_190437-768x576.jpg 768w\" sizes=\"auto, (max-width: 800px) 100vw, 800px\" \/><\/a><figcaption id=\"caption-attachment-10200\" class=\"wp-caption-text\"><span style=\"color: #000000;\">Une enfant scandalis\u00e9e par le comportement de certains adultes peu scrupuleux.<\/span><\/figcaption><\/figure>\n<p><span style=\"color: #000000;\">D\u00e8s la mi-mai, l&rsquo;aspect du jardin est tr\u00e8s prometteur, les plantes poussent \u00e0 une vitesse fabuleuse et chaque mercredi offre une nouvelle occasion de s&rsquo;\u00e9merveiller. Du coup, la fr\u00e9quentation du jardin augmente, des \u00ab\u00a0anciens\u00a0\u00bb reviennent et de nouvelles recrues apparaissent. Une jeune femme s&rsquo;adresse \u00e0 Sonia et moi, d\u00e9courag\u00e9e: \u00ab\u00a0Je ne vais pas poursuivre, je n&rsquo;y connais rien, je ne sais pas quoi faire.\u00a0\u00bb C&rsquo;est bien qu&rsquo;elle le dise au lieu de dispara\u00eetre sans explication, car ainsi, nous pouvons l&rsquo;aider \u00e0 s&rsquo;int\u00e9grer en lui attribuant des t\u00e2ches simples. Encourag\u00e9e et rassur\u00e9e, elle trouve peu \u00e0 peu sa place et revient r\u00e9guli\u00e8rement au jardin.<br \/><\/span><\/p>\n<figure id=\"attachment_10203\" aria-describedby=\"caption-attachment-10203\" style=\"width: 800px\" class=\"wp-caption aligncenter\"><a href=\"https:\/\/libre-cueillette.net\/wp-content\/uploads\/aIMG_20230517_172054.jpg\"><img loading=\"lazy\" decoding=\"async\" class=\"wp-image-10203 size-full\" src=\"https:\/\/libre-cueillette.net\/wp-content\/uploads\/aIMG_20230517_172054.jpg\" alt=\"\" width=\"800\" height=\"600\" srcset=\"https:\/\/libre-cueillette.net\/wp-content\/uploads\/aIMG_20230517_172054.jpg 800w, https:\/\/libre-cueillette.net\/wp-content\/uploads\/aIMG_20230517_172054-300x225.jpg 300w, https:\/\/libre-cueillette.net\/wp-content\/uploads\/aIMG_20230517_172054-768x576.jpg 768w\" sizes=\"auto, (max-width: 800px) 100vw, 800px\" \/><\/a><figcaption id=\"caption-attachment-10203\" class=\"wp-caption-text\"><span style=\"color: #000000;\">La b\u00e2che et le voisinage des l\u00e9gumineuses ont \u00e9t\u00e9 b\u00e9n\u00e9fiques aux tomates et aux courges.<\/span><\/figcaption><\/figure>\n<figure id=\"attachment_10204\" aria-describedby=\"caption-attachment-10204\" style=\"width: 800px\" class=\"wp-caption aligncenter\"><a href=\"https:\/\/libre-cueillette.net\/wp-content\/uploads\/aIMG_20230517_172331.jpg\"><img loading=\"lazy\" decoding=\"async\" class=\"wp-image-10204 size-full\" src=\"https:\/\/libre-cueillette.net\/wp-content\/uploads\/aIMG_20230517_172331.jpg\" alt=\"\" width=\"800\" height=\"600\" srcset=\"https:\/\/libre-cueillette.net\/wp-content\/uploads\/aIMG_20230517_172331.jpg 800w, https:\/\/libre-cueillette.net\/wp-content\/uploads\/aIMG_20230517_172331-300x225.jpg 300w, https:\/\/libre-cueillette.net\/wp-content\/uploads\/aIMG_20230517_172331-768x576.jpg 768w\" sizes=\"auto, (max-width: 800px) 100vw, 800px\" \/><\/a><figcaption id=\"caption-attachment-10204\" class=\"wp-caption-text\"><span style=\"color: #000000;\">La terrasse sup\u00e9rieure s&rsquo;enrichit de nouveaux plants.<\/span><\/figcaption><\/figure>\n<figure id=\"attachment_10205\" aria-describedby=\"caption-attachment-10205\" style=\"width: 800px\" class=\"wp-caption aligncenter\"><a href=\"https:\/\/libre-cueillette.net\/wp-content\/uploads\/aIMG_20230517_173812.jpg\"><img loading=\"lazy\" decoding=\"async\" class=\"wp-image-10205 size-full\" src=\"https:\/\/libre-cueillette.net\/wp-content\/uploads\/aIMG_20230517_173812.jpg\" alt=\"\" width=\"800\" height=\"600\" srcset=\"https:\/\/libre-cueillette.net\/wp-content\/uploads\/aIMG_20230517_173812.jpg 800w, https:\/\/libre-cueillette.net\/wp-content\/uploads\/aIMG_20230517_173812-300x225.jpg 300w, https:\/\/libre-cueillette.net\/wp-content\/uploads\/aIMG_20230517_173812-768x576.jpg 768w\" sizes=\"auto, (max-width: 800px) 100vw, 800px\" \/><\/a><figcaption id=\"caption-attachment-10205\" class=\"wp-caption-text\"><span style=\"color: #000000;\">Une rotation des cultures est pr\u00e9vue : ce qui poussait \u00e0 la terrasse inf\u00e9rieure est plant\u00e9 \u00e0 l&rsquo;\u00e9tage, et inversement patates et courges sont sem\u00e9es en bas.<\/span><\/figcaption><\/figure>\n<p><span style=\"color: #000000;\">Apr\u00e8s une visite \u00e0 la p\u00e9pini\u00e8re Indartia d&rsquo;Ascain le 15 mars, de nouvelles esp\u00e8ces v\u00e9g\u00e9tales ont \u00e9t\u00e9 introduites au jardin: menthe poivr\u00e9e, val\u00e9riane, estragon de Russie, fenouil bronze, thym citronn\u00e9, m\u00e9lisse, romarin prostr\u00e9, camomille romaine, tanaisie, cassissier, rhubarbe, verveine, m\u00fbrier sans \u00e9pine. Leur implantation m\u00e9ritait r\u00e9flexion: elles ont \u00e9t\u00e9 r\u00e9parties sur les espaces laiss\u00e9s vacants apr\u00e8s la disparition des plantes annuelles qui avaient achev\u00e9 leur cycle. La principale difficult\u00e9, c&rsquo;\u00e9tait de pr\u00e9voir leur vitesse de croissance et le volume qu&rsquo;elles occuperaient \u00e0 terme de fa\u00e7on \u00e0 ne pas trop serrer les jeunes plants. Un \u00e9cueil suppl\u00e9mentaire est apparu avec le nombre grandissant de plantes sauvages et cultiv\u00e9es qui rendait difficile la \u00ab\u00a0lisibilit\u00e9\u00a0\u00bb du jardin. Une signal\u00e9tique est vraiment devenue indispensable. H\u00e9l\u00e8ne a fait l&rsquo;acquisition de pinces \u00e0 linge et de brochettes en bois, ainsi que d&rsquo;un feutre \u00e0 encre ind\u00e9l\u00e9bile et le marquage des plantes a d\u00e9but\u00e9.<br \/><\/span><\/p>\n<figure id=\"attachment_10211\" aria-describedby=\"caption-attachment-10211\" style=\"width: 800px\" class=\"wp-caption aligncenter\"><a href=\"https:\/\/libre-cueillette.net\/wp-content\/uploads\/aIMG_20230517_174228-1.jpg\"><img loading=\"lazy\" decoding=\"async\" class=\"wp-image-10211 size-full\" src=\"https:\/\/libre-cueillette.net\/wp-content\/uploads\/aIMG_20230517_174228-1.jpg\" alt=\"\" width=\"800\" height=\"600\" srcset=\"https:\/\/libre-cueillette.net\/wp-content\/uploads\/aIMG_20230517_174228-1.jpg 800w, https:\/\/libre-cueillette.net\/wp-content\/uploads\/aIMG_20230517_174228-1-300x225.jpg 300w, https:\/\/libre-cueillette.net\/wp-content\/uploads\/aIMG_20230517_174228-1-768x576.jpg 768w\" sizes=\"auto, (max-width: 800px) 100vw, 800px\" \/><\/a><figcaption id=\"caption-attachment-10211\" class=\"wp-caption-text\"><span style=\"color: #000000;\">Les l\u00e9gumes croissent sans contrainte et deviennent tr\u00e8s volumineux.<\/span><\/figcaption><\/figure>\n<figure id=\"attachment_10207\" aria-describedby=\"caption-attachment-10207\" style=\"width: 800px\" class=\"wp-caption aligncenter\"><a href=\"https:\/\/libre-cueillette.net\/wp-content\/uploads\/aIMG_20230517_174556.jpg\"><img loading=\"lazy\" decoding=\"async\" class=\"wp-image-10207 size-full\" src=\"https:\/\/libre-cueillette.net\/wp-content\/uploads\/aIMG_20230517_174556.jpg\" alt=\"\" width=\"800\" height=\"600\" srcset=\"https:\/\/libre-cueillette.net\/wp-content\/uploads\/aIMG_20230517_174556.jpg 800w, https:\/\/libre-cueillette.net\/wp-content\/uploads\/aIMG_20230517_174556-300x225.jpg 300w, https:\/\/libre-cueillette.net\/wp-content\/uploads\/aIMG_20230517_174556-768x576.jpg 768w\" sizes=\"auto, (max-width: 800px) 100vw, 800px\" \/><\/a><figcaption id=\"caption-attachment-10207\" class=\"wp-caption-text\"><span style=\"color: #000000;\">Les plantes d\u00e9coratives \u00e0 fleurs poussent parmi les l\u00e9gumes.<\/span><\/figcaption><\/figure>\n<p><span style=\"color: #000000;\">Le jardin est un lieu nourricier, certes, mais aussi o\u00f9 l&rsquo;on exp\u00e9rimente, o\u00f9 l&rsquo;on teste de nouvelles m\u00e9thodes (conserver les gourmands des plants de tomates, ne pas d\u00e9sherber syst\u00e9matiquement, pailler pour limiter l&rsquo;arrosage, laisser agir les auxiliaires plut\u00f4t que traiter avec des produits chimiques&#8230;) et o\u00f9 l&rsquo;on introduit des plantes originaires d&rsquo;autres r\u00e9gions du monde et d&rsquo;autres zones climatiques. Par exemple, la mauve annuelle blanche (Lavatera trimestris Mont blanc), tr\u00e8s florif\u00e8re, provient du pourtour m\u00e9diterran\u00e9en, le pourpier de Cooper qui pousse \u00e0 c\u00f4t\u00e9 est originaire d&rsquo;une r\u00e9gion d&rsquo;Afrique du Sud o\u00f9 r\u00e8gne \u00e9galement un climat de type m\u00e9diterran\u00e9en, avec une faible pluviom\u00e9trie estivale. Quant \u00e0 la patate douce plant\u00e9e \u00e0 proximit\u00e9, cousine de l&rsquo;Ipom\u00e9e bleue, c&rsquo;\u00e9tait initialement une plante d&rsquo;Am\u00e9rique tropicale, au climat chaud et humide, alors que le c\u00e8leri provient des zones humides du pourtour m\u00e9diterran\u00e9en.<br \/><\/span><\/p>\n<figure id=\"attachment_10208\" aria-describedby=\"caption-attachment-10208\" style=\"width: 800px\" class=\"wp-caption aligncenter\"><a href=\"https:\/\/libre-cueillette.net\/wp-content\/uploads\/aIMG_20230517_181432.jpg\"><img loading=\"lazy\" decoding=\"async\" class=\"wp-image-10208 size-full\" src=\"https:\/\/libre-cueillette.net\/wp-content\/uploads\/aIMG_20230517_181432.jpg\" alt=\"\" width=\"800\" height=\"600\" srcset=\"https:\/\/libre-cueillette.net\/wp-content\/uploads\/aIMG_20230517_181432.jpg 800w, https:\/\/libre-cueillette.net\/wp-content\/uploads\/aIMG_20230517_181432-300x225.jpg 300w, https:\/\/libre-cueillette.net\/wp-content\/uploads\/aIMG_20230517_181432-768x576.jpg 768w\" sizes=\"auto, (max-width: 800px) 100vw, 800px\" \/><\/a><figcaption id=\"caption-attachment-10208\" class=\"wp-caption-text\"><span style=\"color: #000000;\">Sonia invite les r\u00e9sidents-jardiniers \u00e0 disposer \u00e0 leur guise les nouveaux plants.<\/span><\/figcaption><\/figure>\n<p><span style=\"color: #000000;\">Les topinambours (d&rsquo;Am\u00e9rique du Nord) r\u00e9colt\u00e9s l&rsquo;automne dernier n&rsquo;ont pas tous \u00e9t\u00e9 consomm\u00e9s. Une partie a \u00e9t\u00e9 conserv\u00e9e au local de fa\u00e7on \u00e0 \u00eatre ressem\u00e9e ult\u00e9rieurement. L&rsquo;exp\u00e9rience a montr\u00e9 que le vent dess\u00e9chant souffle plus fort sur la terrasse sup\u00e9rieure. Sonia a donc eu l&rsquo;id\u00e9e d&rsquo;utiliser le topinambour comme haie coupe-vent. Sem\u00e9 tr\u00e8s serr\u00e9 en bordure, il obligera en outre les visiteurs du jardin \u00e0 n&rsquo;acc\u00e9der au grand bac que par les entr\u00e9es pr\u00e9vues pour cheminer seulement sur les pas japonais, de fa\u00e7on \u00e0 ne pas pi\u00e9tiner intempestivement les zones de culture.<\/span><\/p>\n<figure id=\"attachment_10215\" aria-describedby=\"caption-attachment-10215\" style=\"width: 450px\" class=\"wp-caption aligncenter\"><a href=\"https:\/\/libre-cueillette.net\/wp-content\/uploads\/aIMG_20230517_184243-1.jpg\"><img loading=\"lazy\" decoding=\"async\" class=\"wp-image-10215 size-full\" src=\"https:\/\/libre-cueillette.net\/wp-content\/uploads\/aIMG_20230517_184243-1.jpg\" alt=\"\" width=\"450\" height=\"600\" srcset=\"https:\/\/libre-cueillette.net\/wp-content\/uploads\/aIMG_20230517_184243-1.jpg 450w, https:\/\/libre-cueillette.net\/wp-content\/uploads\/aIMG_20230517_184243-1-225x300.jpg 225w\" sizes=\"auto, (max-width: 450px) 100vw, 450px\" \/><\/a><figcaption id=\"caption-attachment-10215\" class=\"wp-caption-text\"><span style=\"color: #000000;\">Des framboises bien m\u00fbres malgr\u00e9 leur couleur inhabituelle.<\/span><\/figcaption><\/figure>\n<figure id=\"attachment_10216\" aria-describedby=\"caption-attachment-10216\" style=\"width: 450px\" class=\"wp-caption aligncenter\"><a href=\"https:\/\/libre-cueillette.net\/wp-content\/uploads\/aIMG_20230517_184251-1.jpg\"><img loading=\"lazy\" decoding=\"async\" class=\"wp-image-10216 size-full\" src=\"https:\/\/libre-cueillette.net\/wp-content\/uploads\/aIMG_20230517_184251-1.jpg\" alt=\"\" width=\"450\" height=\"600\" srcset=\"https:\/\/libre-cueillette.net\/wp-content\/uploads\/aIMG_20230517_184251-1.jpg 450w, https:\/\/libre-cueillette.net\/wp-content\/uploads\/aIMG_20230517_184251-1-225x300.jpg 225w\" sizes=\"auto, (max-width: 450px) 100vw, 450px\" \/><\/a><figcaption id=\"caption-attachment-10216\" class=\"wp-caption-text\"><span style=\"color: #000000;\">La luzerne arrach\u00e9e pour d\u00e9gager une plate-bande est \u00e9tal\u00e9e en paillage.<\/span><\/figcaption><\/figure>\n<figure id=\"attachment_10268\" aria-describedby=\"caption-attachment-10268\" style=\"width: 800px\" class=\"wp-caption aligncenter\"><a href=\"https:\/\/libre-cueillette.net\/wp-content\/uploads\/aIMG_20230517_184319-1.jpg\"><img loading=\"lazy\" decoding=\"async\" class=\"wp-image-10268 size-full\" src=\"https:\/\/libre-cueillette.net\/wp-content\/uploads\/aIMG_20230517_184319-1.jpg\" alt=\"\" width=\"800\" height=\"600\" srcset=\"https:\/\/libre-cueillette.net\/wp-content\/uploads\/aIMG_20230517_184319-1.jpg 800w, https:\/\/libre-cueillette.net\/wp-content\/uploads\/aIMG_20230517_184319-1-300x225.jpg 300w, https:\/\/libre-cueillette.net\/wp-content\/uploads\/aIMG_20230517_184319-1-768x576.jpg 768w\" sizes=\"auto, (max-width: 800px) 100vw, 800px\" \/><\/a><figcaption id=\"caption-attachment-10268\" class=\"wp-caption-text\"><span style=\"color: #000000;\">Des tomates partout \u00e0 l&rsquo;\u00e9tage sup\u00e9rieur.<\/span><\/figcaption><\/figure>\n<p><span style=\"color: #000000;\">Un jardin pour le plaisir des sens ! Les fleurs font assaut de leurs charmes pour attirer les pollinisateurs, tandis qu&rsquo;une main pass\u00e9e en douceur sur les aromatiques laisse s&rsquo;envoler des effluves odorants avant de plonger dans un massif de fraisiers pour en cueillir les fruits d\u00e9licieux. Chemin faisant, on d\u00e9couvre de petites b\u00eates tapies dans le foisonnement v\u00e9g\u00e9tal. Il n&rsquo;y a pas que des insectes butineurs de nectar et r\u00e9colteurs de pollen. Jalousement gard\u00e9s par un bataillon de fourmis, les pucerons aspirent la s\u00e8ve sucr\u00e9e, attirant la convoitise des coccinelles et de leurs larves affam\u00e9es. Mais \u00e0 leur tour, ces insectes pr\u00e9dateurs risquent de devenir la proie d&rsquo;araign\u00e9es en embuscade ! Ouh la la, ce calme apparent est trompeur, ces toits h\u00e9bergent une jungle miniature !<\/span><\/p>\n<figure id=\"attachment_10222\" aria-describedby=\"caption-attachment-10222\" style=\"width: 800px\" class=\"wp-caption aligncenter\"><a href=\"https:\/\/libre-cueillette.net\/wp-content\/uploads\/aIMG_20230524_171322-1.jpg\"><img loading=\"lazy\" decoding=\"async\" class=\"wp-image-10222 size-full\" src=\"https:\/\/libre-cueillette.net\/wp-content\/uploads\/aIMG_20230524_171322-1.jpg\" alt=\"\" width=\"800\" height=\"600\" srcset=\"https:\/\/libre-cueillette.net\/wp-content\/uploads\/aIMG_20230524_171322-1.jpg 800w, https:\/\/libre-cueillette.net\/wp-content\/uploads\/aIMG_20230524_171322-1-300x225.jpg 300w, https:\/\/libre-cueillette.net\/wp-content\/uploads\/aIMG_20230524_171322-1-768x576.jpg 768w\" sizes=\"auto, (max-width: 800px) 100vw, 800px\" \/><\/a><figcaption id=\"caption-attachment-10222\" class=\"wp-caption-text\"><span style=\"color: #000000;\">Le plaisir des yeux<\/span><\/figcaption><\/figure>\n<figure id=\"attachment_10223\" aria-describedby=\"caption-attachment-10223\" style=\"width: 800px\" class=\"wp-caption aligncenter\"><a href=\"https:\/\/libre-cueillette.net\/wp-content\/uploads\/aIMG_20230524_171911-1.jpg\"><img loading=\"lazy\" decoding=\"async\" class=\"wp-image-10223 size-full\" src=\"https:\/\/libre-cueillette.net\/wp-content\/uploads\/aIMG_20230524_171911-1.jpg\" alt=\"\" width=\"800\" height=\"600\" srcset=\"https:\/\/libre-cueillette.net\/wp-content\/uploads\/aIMG_20230524_171911-1.jpg 800w, https:\/\/libre-cueillette.net\/wp-content\/uploads\/aIMG_20230524_171911-1-300x225.jpg 300w, https:\/\/libre-cueillette.net\/wp-content\/uploads\/aIMG_20230524_171911-1-768x576.jpg 768w\" sizes=\"auto, (max-width: 800px) 100vw, 800px\" \/><\/a><figcaption id=\"caption-attachment-10223\" class=\"wp-caption-text\"><span style=\"color: #000000;\">Une plante sauvage et une plante cultiv\u00e9e forment un seul massif buissonnant.<\/span><\/figcaption><\/figure>\n<figure id=\"attachment_10221\" aria-describedby=\"caption-attachment-10221\" style=\"width: 800px\" class=\"wp-caption aligncenter\"><a href=\"https:\/\/libre-cueillette.net\/wp-content\/uploads\/aIMG_20230524_172144.jpg\"><img loading=\"lazy\" decoding=\"async\" class=\"wp-image-10221 size-full\" src=\"https:\/\/libre-cueillette.net\/wp-content\/uploads\/aIMG_20230524_172144.jpg\" alt=\"\" width=\"800\" height=\"600\" srcset=\"https:\/\/libre-cueillette.net\/wp-content\/uploads\/aIMG_20230524_172144.jpg 800w, https:\/\/libre-cueillette.net\/wp-content\/uploads\/aIMG_20230524_172144-300x225.jpg 300w, https:\/\/libre-cueillette.net\/wp-content\/uploads\/aIMG_20230524_172144-768x576.jpg 768w\" sizes=\"auto, (max-width: 800px) 100vw, 800px\" \/><\/a><figcaption id=\"caption-attachment-10221\" class=\"wp-caption-text\"><span style=\"color: #000000;\">De nouvelles araign\u00e9es au jardin, tranquilles pr\u00e9datrices d&rsquo;insectes.<\/span><\/figcaption><\/figure>\n<p><span style=\"color: #000000;\">La question r\u00e9guli\u00e8rement pos\u00e9e par les n\u00e9ophytes porte sur l&rsquo;arrosage. Il y a deux r\u00e8gles. Les graines et jeunes plants r\u00e9cemment introduits doivent demeurer dans un sol l\u00e9g\u00e8rement humide. D&rsquo;autre part, lorsqu&rsquo;on parcourt le jardin, il faut observer les plantes: celles qui ont soif le montrent par un feuillage en berne, ou bien des feuilles qui se referment ou se recroquevillent, ou encore des tiges qui se courbent vers le bas. S&rsquo;il a fait tr\u00e8s chaud, il est pr\u00e9f\u00e9rable d&rsquo;arroser tard le soir, ou t\u00f4t le matin, et de pr\u00e9f\u00e9rence au pied de la plante dans la mesure du possible. L&rsquo;eau circule dans la plante \u00e0 partir de ses racines et un arrosage sur les parties a\u00e9riennes risquerait d&rsquo;attirer des champignons ou autres microorganismes (o\u00efdium, mildiou&#8230;). La perte l&rsquo;an pass\u00e9 des plants de petits pois, alors qu&rsquo;ils \u00e9taient magnifiques et couverts de gousses, demeure encore dans les m\u00e9moires. Rien de tel que l&rsquo;exp\u00e9rience pour progresser.<br \/><\/span><\/p>\n<figure id=\"attachment_10230\" aria-describedby=\"caption-attachment-10230\" style=\"width: 800px\" class=\"wp-caption aligncenter\"><a href=\"https:\/\/libre-cueillette.net\/wp-content\/uploads\/aIMG_20230524_172232.jpg\"><img loading=\"lazy\" decoding=\"async\" class=\"wp-image-10230 size-full\" src=\"https:\/\/libre-cueillette.net\/wp-content\/uploads\/aIMG_20230524_172232.jpg\" alt=\"\" width=\"800\" height=\"600\" srcset=\"https:\/\/libre-cueillette.net\/wp-content\/uploads\/aIMG_20230524_172232.jpg 800w, https:\/\/libre-cueillette.net\/wp-content\/uploads\/aIMG_20230524_172232-300x225.jpg 300w, https:\/\/libre-cueillette.net\/wp-content\/uploads\/aIMG_20230524_172232-768x576.jpg 768w\" sizes=\"auto, (max-width: 800px) 100vw, 800px\" \/><\/a><figcaption id=\"caption-attachment-10230\" class=\"wp-caption-text\"><span style=\"color: #000000;\">Les pommes de terre ont bien germ\u00e9 et forment des plants vigoureux qui commencent \u00e0 fleurir, tandis que la patate douce d\u00e9bute \u00e0 peine.<br \/><\/span><\/figcaption><\/figure>\n<figure id=\"attachment_10231\" aria-describedby=\"caption-attachment-10231\" style=\"width: 450px\" class=\"wp-caption aligncenter\"><a href=\"https:\/\/libre-cueillette.net\/wp-content\/uploads\/aIMG_20230524_174427.jpg\"><img loading=\"lazy\" decoding=\"async\" class=\"wp-image-10231 size-full\" src=\"https:\/\/libre-cueillette.net\/wp-content\/uploads\/aIMG_20230524_174427.jpg\" alt=\"\" width=\"450\" height=\"600\" srcset=\"https:\/\/libre-cueillette.net\/wp-content\/uploads\/aIMG_20230524_174427.jpg 450w, https:\/\/libre-cueillette.net\/wp-content\/uploads\/aIMG_20230524_174427-225x300.jpg 225w\" sizes=\"auto, (max-width: 450px) 100vw, 450px\" \/><\/a><figcaption id=\"caption-attachment-10231\" class=\"wp-caption-text\"><span style=\"color: #000000;\">Une nouvelle acquisition, la val\u00e9riane officinale, a \u00e9t\u00e9 plant\u00e9e autant pour ses qualit\u00e9s ornementales que les vertus th\u00e9rapeutiques de ses parties souterraines.<\/span><\/figcaption><\/figure>\n<figure id=\"attachment_10232\" aria-describedby=\"caption-attachment-10232\" style=\"width: 800px\" class=\"wp-caption aligncenter\"><a href=\"https:\/\/libre-cueillette.net\/wp-content\/uploads\/aIMG_20230524_175458.jpg\"><img loading=\"lazy\" decoding=\"async\" class=\"wp-image-10232 size-full\" src=\"https:\/\/libre-cueillette.net\/wp-content\/uploads\/aIMG_20230524_175458.jpg\" alt=\"\" width=\"800\" height=\"600\" srcset=\"https:\/\/libre-cueillette.net\/wp-content\/uploads\/aIMG_20230524_175458.jpg 800w, https:\/\/libre-cueillette.net\/wp-content\/uploads\/aIMG_20230524_175458-300x225.jpg 300w, https:\/\/libre-cueillette.net\/wp-content\/uploads\/aIMG_20230524_175458-768x576.jpg 768w\" sizes=\"auto, (max-width: 800px) 100vw, 800px\" \/><\/a><figcaption id=\"caption-attachment-10232\" class=\"wp-caption-text\"><span style=\"color: #000000;\">Les petits fruitiers pourront \u00eatre multipli\u00e9s par bouturage \u00e0 l&rsquo;automne.<\/span><\/figcaption><\/figure>\n<p><span style=\"color: #000000;\">Un des grands bacs de la terrasse sup\u00e9rieure devient le \u00ab\u00a0jardin des enfants\u00a0\u00bb. Petit \u00e0 petit, il s&rsquo;enrichit de nouvelles plantations auxquelles ils contribuent activement.<\/span><\/p>\n<figure id=\"attachment_10237\" aria-describedby=\"caption-attachment-10237\" style=\"width: 800px\" class=\"wp-caption aligncenter\"><a href=\"https:\/\/libre-cueillette.net\/wp-content\/uploads\/aIMG_20230531_180408.jpg\"><img loading=\"lazy\" decoding=\"async\" class=\"wp-image-10237 size-full\" src=\"https:\/\/libre-cueillette.net\/wp-content\/uploads\/aIMG_20230531_180408.jpg\" alt=\"\" width=\"800\" height=\"600\" srcset=\"https:\/\/libre-cueillette.net\/wp-content\/uploads\/aIMG_20230531_180408.jpg 800w, https:\/\/libre-cueillette.net\/wp-content\/uploads\/aIMG_20230531_180408-300x225.jpg 300w, https:\/\/libre-cueillette.net\/wp-content\/uploads\/aIMG_20230531_180408-768x576.jpg 768w\" sizes=\"auto, (max-width: 800px) 100vw, 800px\" \/><\/a><figcaption id=\"caption-attachment-10237\" class=\"wp-caption-text\"><span style=\"color: #000000;\">D\u00e9sherbage et plantation au \u00ab\u00a0Jardin des enfants\u00a0\u00bb<\/span><\/figcaption><\/figure>\n<figure id=\"attachment_10235\" aria-describedby=\"caption-attachment-10235\" style=\"width: 800px\" class=\"wp-caption aligncenter\"><a href=\"https:\/\/libre-cueillette.net\/wp-content\/uploads\/aIMG_20230531_171239.jpg\"><img loading=\"lazy\" decoding=\"async\" class=\"wp-image-10235 size-full\" src=\"https:\/\/libre-cueillette.net\/wp-content\/uploads\/aIMG_20230531_171239.jpg\" alt=\"\" width=\"800\" height=\"600\" srcset=\"https:\/\/libre-cueillette.net\/wp-content\/uploads\/aIMG_20230531_171239.jpg 800w, https:\/\/libre-cueillette.net\/wp-content\/uploads\/aIMG_20230531_171239-300x225.jpg 300w, https:\/\/libre-cueillette.net\/wp-content\/uploads\/aIMG_20230531_171239-768x576.jpg 768w\" sizes=\"auto, (max-width: 800px) 100vw, 800px\" \/><\/a><figcaption id=\"caption-attachment-10235\" class=\"wp-caption-text\"><span style=\"color: #000000;\">Les graines germ\u00e9es dans le composteur ont donn\u00e9 des plants qui sont transf\u00e9r\u00e9s au jardin: on verra ce que cela donnera.<\/span><\/figcaption><\/figure>\n<figure id=\"attachment_10236\" aria-describedby=\"caption-attachment-10236\" style=\"width: 800px\" class=\"wp-caption aligncenter\"><a href=\"https:\/\/libre-cueillette.net\/wp-content\/uploads\/aIMG_20230531_173349.jpg\"><img loading=\"lazy\" decoding=\"async\" class=\"wp-image-10236 size-full\" src=\"https:\/\/libre-cueillette.net\/wp-content\/uploads\/aIMG_20230531_173349.jpg\" alt=\"\" width=\"800\" height=\"600\" srcset=\"https:\/\/libre-cueillette.net\/wp-content\/uploads\/aIMG_20230531_173349.jpg 800w, https:\/\/libre-cueillette.net\/wp-content\/uploads\/aIMG_20230531_173349-300x225.jpg 300w, https:\/\/libre-cueillette.net\/wp-content\/uploads\/aIMG_20230531_173349-768x576.jpg 768w\" sizes=\"auto, (max-width: 800px) 100vw, 800px\" \/><\/a><figcaption id=\"caption-attachment-10236\" class=\"wp-caption-text\"><span style=\"color: #000000;\">Tout pousse et se d\u00e9veloppe magnifiquement.<\/span><\/figcaption><\/figure>\n<p><span style=\"color: #000000;\">Les activit\u00e9s de jardinage alternent entre les deux terrasses ou se font en parall\u00e8le, selon le nombre de r\u00e9sidents pr\u00e9sents aux animations Libre Cueillette. Gr\u00e2ce aux graines qui ont germ\u00e9 naturellement l&rsquo;an pass\u00e9, des plants de tomates ont \u00e9t\u00e9 dispers\u00e9s un peu partout. De fa\u00e7on \u00e0 limiter les apports d&rsquo;eau, des oyas ont \u00e9t\u00e9 enterr\u00e9s \u00e0 c\u00f4t\u00e9. Ces pots de terre emplis d&rsquo;eau sont poreux et les racines pousseront vers ces r\u00e9cipients qui humectent la terre alentour. Pr\u00e8s du ma\u00efs poussent des haricots, pour tester la m\u00e9thode des Indiens d&rsquo;Am\u00e9rique, la milpa (les trois s\u0153urs, association des cultures de ma\u00efs, de haricot et de courge qui s&rsquo;aident mutuellement dans leur croissance).<\/span><\/p>\n<figure id=\"attachment_10244\" aria-describedby=\"caption-attachment-10244\" style=\"width: 800px\" class=\"wp-caption aligncenter\"><a href=\"https:\/\/libre-cueillette.net\/wp-content\/uploads\/aIMG_20230531_180845.jpg\"><img loading=\"lazy\" decoding=\"async\" class=\"wp-image-10244 size-full\" src=\"https:\/\/libre-cueillette.net\/wp-content\/uploads\/aIMG_20230531_180845.jpg\" alt=\"\" width=\"800\" height=\"600\" srcset=\"https:\/\/libre-cueillette.net\/wp-content\/uploads\/aIMG_20230531_180845.jpg 800w, https:\/\/libre-cueillette.net\/wp-content\/uploads\/aIMG_20230531_180845-300x225.jpg 300w, https:\/\/libre-cueillette.net\/wp-content\/uploads\/aIMG_20230531_180845-768x576.jpg 768w\" sizes=\"auto, (max-width: 800px) 100vw, 800px\" \/><\/a><figcaption id=\"caption-attachment-10244\" class=\"wp-caption-text\"><span style=\"color: #000000;\">Ma\u00efs et haricots ont \u00e9t\u00e9 sem\u00e9s ensemble. Les f\u00e8ves commencent \u00e0 m\u00fbrir.<\/span><\/figcaption><\/figure>\n<figure id=\"attachment_10243\" aria-describedby=\"caption-attachment-10243\" style=\"width: 800px\" class=\"wp-caption aligncenter\"><a href=\"https:\/\/libre-cueillette.net\/wp-content\/uploads\/aIMG_20230531_180636.jpg\"><img loading=\"lazy\" decoding=\"async\" class=\"wp-image-10243 size-full\" src=\"https:\/\/libre-cueillette.net\/wp-content\/uploads\/aIMG_20230531_180636.jpg\" alt=\"\" width=\"800\" height=\"600\" srcset=\"https:\/\/libre-cueillette.net\/wp-content\/uploads\/aIMG_20230531_180636.jpg 800w, https:\/\/libre-cueillette.net\/wp-content\/uploads\/aIMG_20230531_180636-300x225.jpg 300w, https:\/\/libre-cueillette.net\/wp-content\/uploads\/aIMG_20230531_180636-768x576.jpg 768w\" sizes=\"auto, (max-width: 800px) 100vw, 800px\" \/><\/a><figcaption id=\"caption-attachment-10243\" class=\"wp-caption-text\"><span style=\"color: #000000;\">Des plants de tomates partout et \u00e0 tous les stades de croissance.<\/span><\/figcaption><\/figure>\n<figure id=\"attachment_10242\" aria-describedby=\"caption-attachment-10242\" style=\"width: 666px\" class=\"wp-caption aligncenter\"><a href=\"https:\/\/libre-cueillette.net\/wp-content\/uploads\/aIMG_20230531_180413.jpg\"><img loading=\"lazy\" decoding=\"async\" class=\"wp-image-10242 size-full\" src=\"https:\/\/libre-cueillette.net\/wp-content\/uploads\/aIMG_20230531_180413.jpg\" alt=\"\" width=\"666\" height=\"600\" srcset=\"https:\/\/libre-cueillette.net\/wp-content\/uploads\/aIMG_20230531_180413.jpg 666w, https:\/\/libre-cueillette.net\/wp-content\/uploads\/aIMG_20230531_180413-300x270.jpg 300w\" sizes=\"auto, (max-width: 666px) 100vw, 666px\" \/><\/a><figcaption id=\"caption-attachment-10242\" class=\"wp-caption-text\"><span style=\"color: #000000;\">Les plantes sauvages poussent toujours plus vite que les cultiv\u00e9es. Elles sont arrach\u00e9es et \u00e9tal\u00e9es en paillage.<\/span><\/figcaption><\/figure>\n<p><span style=\"color: #000000;\">Au fil des jours, les deux terrasses s&rsquo;enrichissent et la v\u00e9g\u00e9tation devient si dense par endroits qu&rsquo;il faut d\u00e9gager certains plants cultiv\u00e9s pour \u00e9viter leur \u00e9touffement. De m\u00eame, le nouveau cheminement tr\u00e8s visible au d\u00e9but de sa mise en place commence \u00e0 dispara\u00eetre par endroit: deux solutions se pr\u00e9sentent, tailler les plantes trop volumineuses ou trop colonisatrices (comme la menthe aquatique qui \u00e9touffe la sauge) ou d\u00e9placer les pas japonais pour tenir compte de cette nouvelle emprise au sol.<\/span><\/p>\n<figure id=\"attachment_10240\" aria-describedby=\"caption-attachment-10240\" style=\"width: 800px\" class=\"wp-caption aligncenter\"><a href=\"https:\/\/libre-cueillette.net\/wp-content\/uploads\/aIMG_20230531_171526.jpg\"><img loading=\"lazy\" decoding=\"async\" class=\"wp-image-10240 size-full\" src=\"https:\/\/libre-cueillette.net\/wp-content\/uploads\/aIMG_20230531_171526.jpg\" alt=\"\" width=\"800\" height=\"600\" srcset=\"https:\/\/libre-cueillette.net\/wp-content\/uploads\/aIMG_20230531_171526.jpg 800w, https:\/\/libre-cueillette.net\/wp-content\/uploads\/aIMG_20230531_171526-300x225.jpg 300w, https:\/\/libre-cueillette.net\/wp-content\/uploads\/aIMG_20230531_171526-768x576.jpg 768w\" sizes=\"auto, (max-width: 800px) 100vw, 800px\" \/><\/a><figcaption id=\"caption-attachment-10240\" class=\"wp-caption-text\"><span style=\"color: #000000;\">Le cheminement commence \u00e0 dispara\u00eetre par endroits sous les plantes.<\/span><\/figcaption><\/figure>\n<p>\u00a0<\/p>\n<p>\u00a0<\/p>\n<p>\u00a0<\/p>\n\n\n","protected":false},"excerpt":{"rendered":"<p>L&rsquo;un des objectifs de la nouvelle conception du jardin est de contrer les \u00ab\u00a0pr\u00e9l\u00e8vements\u00a0\u00bb intempestifs de deux mani\u00e8res: en cr\u00e9ant un foisonnement v\u00e9g\u00e9tal tr\u00e8s dense et tr\u00e8s diversifi\u00e9 et en disposant les pas japonais en un cheminement tortueux seulement accessible<\/p>\n","protected":false},"author":1,"featured_media":0,"comment_status":"open","ping_status":"open","sticky":false,"template":"","format":"standard","meta":{"footnotes":""},"categories":[364],"tags":[366],"class_list":["post-10195","post","type-post","status-publish","format-standard","hentry","category-lilitegia","tag-366"],"_links":{"self":[{"href":"https:\/\/libre-cueillette.net\/index.php\/wp-json\/wp\/v2\/posts\/10195","targetHints":{"allow":["GET"]}}],"collection":[{"href":"https:\/\/libre-cueillette.net\/index.php\/wp-json\/wp\/v2\/posts"}],"about":[{"href":"https:\/\/libre-cueillette.net\/index.php\/wp-json\/wp\/v2\/types\/post"}],"author":[{"embeddable":true,"href":"https:\/\/libre-cueillette.net\/index.php\/wp-json\/wp\/v2\/users\/1"}],"replies":[{"embeddable":true,"href":"https:\/\/libre-cueillette.net\/index.php\/wp-json\/wp\/v2\/comments?post=10195"}],"version-history":[{"count":21,"href":"https:\/\/libre-cueillette.net\/index.php\/wp-json\/wp\/v2\/posts\/10195\/revisions"}],"predecessor-version":[{"id":10270,"href":"https:\/\/libre-cueillette.net\/index.php\/wp-json\/wp\/v2\/posts\/10195\/revisions\/10270"}],"wp:attachment":[{"href":"https:\/\/libre-cueillette.net\/index.php\/wp-json\/wp\/v2\/media?parent=10195"}],"wp:term":[{"taxonomy":"category","embeddable":true,"href":"https:\/\/libre-cueillette.net\/index.php\/wp-json\/wp\/v2\/categories?post=10195"},{"taxonomy":"post_tag","embeddable":true,"href":"https:\/\/libre-cueillette.net\/index.php\/wp-json\/wp\/v2\/tags?post=10195"}],"curies":[{"name":"wp","href":"https:\/\/api.w.org\/{rel}","templated":true}]}}