{"id":1260,"date":"2017-07-13T14:53:19","date_gmt":"2017-07-13T13:53:19","guid":{"rendered":"http:\/\/libre-cueillette.net\/?p=1260"},"modified":"2018-11-17T11:52:46","modified_gmt":"2018-11-17T10:52:46","slug":"le-jardin-des-etoiles-a-un-mois","status":"publish","type":"post","link":"https:\/\/libre-cueillette.net\/index.php\/2017\/07\/13\/le-jardin-des-etoiles-a-un-mois\/","title":{"rendered":"Le jardin des \u00e9toiles a un mois"},"content":{"rendered":"<p style=\"text-align: center;\"><div id=\"metaslider-id-1241\" style=\"max-width: 800px;\" class=\"ml-slider-3-108-0 metaslider metaslider-nivo metaslider-1241 ml-slider has-dots-nav ms-theme-default\" role=\"region\" aria-label=\"col_12juillet\" data-height=\"450\" data-width=\"800\">\n    <div id=\"metaslider_container_1241\">\n        <div class='slider-wrapper theme-default'><div class='ribbon'><\/div><div id='metaslider_1241' class='nivoSlider'><img loading=\"lazy\" decoding=\"async\" src=\"https:\/\/libre-cueillette.net\/wp-content\/uploads\/c20170712_150510.jpg\" height=\"450\" width=\"800\" data-caption=\"D&eacute;j&agrave; 4 semaines depuis les premi&egrave;res plantations ! Tout prosp&egrave;re, sauf un plant de betterave qui n&#039;a pas pris.\" alt=\"\" class=\"slider-1241 slide-1251 msDefaultImage\" \/><img loading=\"lazy\" decoding=\"async\" src=\"https:\/\/libre-cueillette.net\/wp-content\/uploads\/c20170712_150531.jpg\" height=\"450\" width=\"800\" data-caption=\"R&eacute;cup, r&eacute;cup ! Cageot d&eacute;mantel&eacute; pour confectionner une protection pour les jeunes haricots.\" alt=\"\" class=\"slider-1241 slide-1252 msDefaultImage\" \/><img loading=\"lazy\" decoding=\"async\" src=\"https:\/\/libre-cueillette.net\/wp-content\/uploads\/c20170712_150613.jpg\" height=\"450\" width=\"800\" data-caption=\"R&eacute;cup, r&eacute;cup ! Bouteilles d&#039;eau transform&eacute;es en mini-serres et protection anti-limaces.\" alt=\"\" class=\"slider-1241 slide-1253 msDefaultImage\" \/><img loading=\"lazy\" decoding=\"async\" src=\"https:\/\/libre-cueillette.net\/wp-content\/uploads\/c20170712_150651.jpg\" height=\"450\" width=\"800\" data-caption=\"En 15 jours, les graines de capucines et pois de senteur ont germ&eacute; et franchi la protection de copeaux de bois.\" alt=\"\" class=\"slider-1241 slide-1254 msDefaultImage\" \/><img loading=\"lazy\" decoding=\"async\" src=\"https:\/\/libre-cueillette.net\/wp-content\/uploads\/c20170712_150721.jpg\" height=\"450\" width=\"800\" data-caption=\"Les premiers fruits ! D&eacute;licieuses tomates cerises r&eacute;parties entre les jardini&egrave;res.\" alt=\"\" class=\"slider-1241 slide-1255 msDefaultImage\" \/><img loading=\"lazy\" decoding=\"async\" src=\"https:\/\/libre-cueillette.net\/wp-content\/uploads\/c20170712_151054.jpg\" height=\"450\" width=\"800\" data-caption=\"Les plants de tomates fleurissent !\" alt=\"\" class=\"slider-1241 slide-1256 msDefaultImage\" \/><img loading=\"lazy\" decoding=\"async\" src=\"https:\/\/libre-cueillette.net\/wp-content\/uploads\/c20170712_151524.jpg\" height=\"450\" width=\"800\" data-caption=\"Deux composteurs ont &eacute;t&eacute; fournis par l&#039;agglom&eacute;ration et install&eacute;s d&eacute;but juillet sur la terre d&#039;une plate-bande.\" alt=\"\" class=\"slider-1241 slide-1258 msDefaultImage\" \/><img loading=\"lazy\" decoding=\"async\" src=\"https:\/\/libre-cueillette.net\/wp-content\/uploads\/c20170712_151404.jpg\" height=\"450\" width=\"800\" data-caption=\"V&eacute;rification du contenu : des r&eacute;sidents bien intentionn&eacute;s ont oubli&eacute; de couper en morceaux les &eacute;pluchures pour faciliter et acc&eacute;l&eacute;rer la d&eacute;gradation par les vers et micro-organismes du sol.\" alt=\"\" class=\"slider-1241 slide-1257 msDefaultImage\" \/><img loading=\"lazy\" decoding=\"async\" src=\"https:\/\/libre-cueillette.net\/wp-content\/uploads\/c20170712_151743.jpg\" height=\"450\" width=\"800\" data-caption=\"Devinette : Quelle est cette fleur ?\" alt=\"\" class=\"slider-1241 slide-1259 msDefaultImage\" \/><\/div><\/div>\n        \n    <\/div>\n<\/div><\/p>\n<p style=\"text-align: justify;\">\u00a0<span style=\"color: #000000;\"><img loading=\"lazy\" decoding=\"async\" class=\"size-medium wp-image-1268 alignleft\" src=\"https:\/\/libre-cueillette.net\/wp-content\/uploads\/c20170712_152928-287x300.jpg\" alt=\"c20170712_152928\" width=\"287\" height=\"300\" srcset=\"https:\/\/libre-cueillette.net\/wp-content\/uploads\/c20170712_152928-287x300.jpg 287w, https:\/\/libre-cueillette.net\/wp-content\/uploads\/c20170712_152928.jpg 500w\" sizes=\"auto, (max-width: 287px) 100vw, 287px\" \/>Le jardin des \u00e9toiles a un mois et tout a d\u00e9j\u00e0 bien pouss\u00e9, \u00e0 l&rsquo;exception d&rsquo;un petit plant de betterave qui s&rsquo;est dess\u00e9ch\u00e9. Pour ce quatri\u00e8me atelier, les jardini\u00e8res sont arriv\u00e9es les bras charg\u00e9s. Anny-France a \u00ab\u00a0craqu\u00e9\u00a0\u00bb pour des semences de bourrache et de radis, ainsi que deux plants magnifiques de patate douce et de rhubarbe. Anne-Marie a r\u00e9cup\u00e9r\u00e9 de la menthe sauvage destin\u00e9e \u00e0 \u00eatre dispos\u00e9e en bordure \u00ab\u00a0pour d\u00e9courager les chats du voisinage \u00e0 venir faire leurs besoins dans les plates-bandes\u00a0\u00bb, nous dit-elle. Une de ses relations a offert une dizaine de plants suppl\u00e9mentaires de tomate. La semaine pass\u00e9e, elle a plant\u00e9 du laurier sauce.<br \/>\n<\/span><\/p>\n<p style=\"text-align: justify;\"><span style=\"color: #000000;\">L&rsquo;\u00e9quipe s&rsquo;est rendue au service de l&rsquo;agglom\u00e9ration pour se procurer deux composteurs qui ont \u00e9t\u00e9 assembl\u00e9s le 5 juillet avec Sonia, l&rsquo;animatrice de Libre Cueillette. Des affiches ont \u00e9t\u00e9 punais\u00e9es dans la cabane de jardin : \u00ab\u00a0les d\u00e9chets de la maison\u00a0\u00bb et \u00ab\u00a0les d\u00e9chets du jardin\u00a0\u00bb qui d\u00e9taillent la contribution de chacun en carbone, azote et humidit\u00e9. Il y en a aussi sur les composteurs pour indiquer ce qu&rsquo;on peut y mettre pour obtenir du bon terreau. Des r\u00e9sidents ont d\u00e9j\u00e0 commenc\u00e9 \u00e0 y verser leurs d\u00e9chets v\u00e9g\u00e9taux de cuisine et les auxiliaires du jardin ont d\u00e9but\u00e9 leur travail de d\u00e9composition.<\/span><\/p>\n<p style=\"text-align: justify;\"><a href=\"https:\/\/libre-cueillette.net\/wp-content\/uploads\/c20170712_150429.jpg\"><img loading=\"lazy\" decoding=\"async\" class=\"wp-image-1263 size-medium alignnone\" src=\"https:\/\/libre-cueillette.net\/wp-content\/uploads\/c20170712_150429-199x300.jpg\" alt=\"c20170712_150429\" width=\"199\" height=\"300\" srcset=\"https:\/\/libre-cueillette.net\/wp-content\/uploads\/c20170712_150429-199x300.jpg 199w, https:\/\/libre-cueillette.net\/wp-content\/uploads\/c20170712_150429.jpg 500w\" sizes=\"auto, (max-width: 199px) 100vw, 199px\" \/><\/a><a href=\"https:\/\/libre-cueillette.net\/wp-content\/uploads\/c20170712_150420.jpg\"> <img loading=\"lazy\" decoding=\"async\" class=\"wp-image-1264 size-medium alignnone\" src=\"https:\/\/libre-cueillette.net\/wp-content\/uploads\/c20170712_150420-215x300.jpg\" alt=\"c20170712_150420\" width=\"215\" height=\"300\" srcset=\"https:\/\/libre-cueillette.net\/wp-content\/uploads\/c20170712_150420-215x300.jpg 215w, https:\/\/libre-cueillette.net\/wp-content\/uploads\/c20170712_150420.jpg 500w\" sizes=\"auto, (max-width: 215px) 100vw, 215px\" \/><\/a><\/p>\n<p style=\"text-align: justify;\"><img loading=\"lazy\" decoding=\"async\" class=\"aligncenter wp-image-1265 size-full\" src=\"https:\/\/libre-cueillette.net\/wp-content\/uploads\/c20170712_150148.jpg\" alt=\"c20170712_150148\" width=\"1000\" height=\"153\" srcset=\"https:\/\/libre-cueillette.net\/wp-content\/uploads\/c20170712_150148.jpg 1000w, https:\/\/libre-cueillette.net\/wp-content\/uploads\/c20170712_150148-300x46.jpg 300w, https:\/\/libre-cueillette.net\/wp-content\/uploads\/c20170712_150148-768x118.jpg 768w\" sizes=\"auto, (max-width: 1000px) 100vw, 1000px\" \/><\/p>\n<p style=\"text-align: justify;\"><span style=\"color: #000000;\">Les r\u00e9sidents qui ne sont pas disponibles le mercredi apr\u00e8s-midi peuvent contribuer \u00e9galement au jardin. Une fiche a \u00e9t\u00e9 \u00e9tablie pour que chacun consigne son passage et qu&rsquo;il n&rsquo;y ait pas, par exemple, double arrosage.<\/span><\/p>\n<p style=\"text-align: justify;\"><span style=\"color: #000000;\">Sonia a affich\u00e9 les dates de semis des v\u00e9g\u00e9taux, ainsi que les associations b\u00e9n\u00e9fiques ou n\u00e9fastes. Sur le panneau d&rsquo;affichage de la r\u00e9sidence, l&rsquo;appel pour la r\u00e9cup\u00e9ration de bouteilles d&rsquo;eau en plastique, vides bien s\u00fbr, a \u00e9t\u00e9 suivi d&rsquo;effet. Un r\u00e9sident qui travaille de nuit et boit beaucoup de caf\u00e9 pour tenir le coup met de c\u00f4t\u00e9 le marc de caf\u00e9 pour le compost du jardin. Un bricoleur est venu fixer une cordelette pour maintenir la porte de la cabane de jardin afin qu&rsquo;elle ne rompe pas ses gonds sous la force du vent lorsqu&rsquo;elle est ouverte.<\/span><\/p>\n<p style=\"text-align: justify;\"><a href=\"https:\/\/libre-cueillette.net\/wp-content\/uploads\/c20170712_150353.jpg\"><img loading=\"lazy\" decoding=\"async\" class=\"alignnone wp-image-1266 size-medium\" src=\"https:\/\/libre-cueillette.net\/wp-content\/uploads\/c20170712_150353-300x213.jpg\" alt=\"c20170712_150353\" width=\"300\" height=\"213\" srcset=\"https:\/\/libre-cueillette.net\/wp-content\/uploads\/c20170712_150353-300x213.jpg 300w, https:\/\/libre-cueillette.net\/wp-content\/uploads\/c20170712_150353-768x546.jpg 768w, https:\/\/libre-cueillette.net\/wp-content\/uploads\/c20170712_150353.jpg 1000w\" sizes=\"auto, (max-width: 300px) 100vw, 300px\" \/><\/a> <a href=\"https:\/\/libre-cueillette.net\/wp-content\/uploads\/c20170712_150400.jpg\"><img loading=\"lazy\" decoding=\"async\" class=\"alignnone wp-image-1267 size-medium\" src=\"https:\/\/libre-cueillette.net\/wp-content\/uploads\/c20170712_150400-300x210.jpg\" alt=\"c20170712_150400\" width=\"300\" height=\"210\" srcset=\"https:\/\/libre-cueillette.net\/wp-content\/uploads\/c20170712_150400-300x210.jpg 300w, https:\/\/libre-cueillette.net\/wp-content\/uploads\/c20170712_150400-768x537.jpg 768w, https:\/\/libre-cueillette.net\/wp-content\/uploads\/c20170712_150400.jpg 1000w\" sizes=\"auto, (max-width: 300px) 100vw, 300px\" \/><\/a><\/p>\n<p style=\"text-align: justify;\"><span style=\"color: #000000;\">Ainsi, tr\u00e8s vite, en quelques semaines \u00e0 peine, le jardin des \u00e9toiles am\u00e8ne \u00e0 tisser de multiples liens entre les r\u00e9sidents qui contribuent chacun \u00e0 leur mani\u00e8re. C&rsquo;est magique&#8230; <\/span><\/p>\n","protected":false},"excerpt":{"rendered":"<p>\u00a0Le jardin des \u00e9toiles a un mois et tout a d\u00e9j\u00e0 bien pouss\u00e9, \u00e0 l&rsquo;exception d&rsquo;un petit plant de betterave qui s&rsquo;est dess\u00e9ch\u00e9. Pour ce quatri\u00e8me atelier, les jardini\u00e8res sont arriv\u00e9es les bras charg\u00e9s. Anny-France a \u00ab\u00a0craqu\u00e9\u00a0\u00bb pour des semences<\/p>\n","protected":false},"author":1,"featured_media":0,"comment_status":"open","ping_status":"open","sticky":false,"template":"","format":"standard","meta":{"footnotes":""},"categories":[273],"tags":[275,211,17,84,212,33,210,78],"class_list":["post-1260","post","type-post","status-publish","format-standard","hentry","category-terrasses-de-l-avenue","tag-275","tag-compost","tag-jardin-partage","tag-lien-social","tag-plants","tag-recuperation","tag-reseaux","tag-semis"],"_links":{"self":[{"href":"https:\/\/libre-cueillette.net\/index.php\/wp-json\/wp\/v2\/posts\/1260","targetHints":{"allow":["GET"]}}],"collection":[{"href":"https:\/\/libre-cueillette.net\/index.php\/wp-json\/wp\/v2\/posts"}],"about":[{"href":"https:\/\/libre-cueillette.net\/index.php\/wp-json\/wp\/v2\/types\/post"}],"author":[{"embeddable":true,"href":"https:\/\/libre-cueillette.net\/index.php\/wp-json\/wp\/v2\/users\/1"}],"replies":[{"embeddable":true,"href":"https:\/\/libre-cueillette.net\/index.php\/wp-json\/wp\/v2\/comments?post=1260"}],"version-history":[{"count":6,"href":"https:\/\/libre-cueillette.net\/index.php\/wp-json\/wp\/v2\/posts\/1260\/revisions"}],"predecessor-version":[{"id":1272,"href":"https:\/\/libre-cueillette.net\/index.php\/wp-json\/wp\/v2\/posts\/1260\/revisions\/1272"}],"wp:attachment":[{"href":"https:\/\/libre-cueillette.net\/index.php\/wp-json\/wp\/v2\/media?parent=1260"}],"wp:term":[{"taxonomy":"category","embeddable":true,"href":"https:\/\/libre-cueillette.net\/index.php\/wp-json\/wp\/v2\/categories?post=1260"},{"taxonomy":"post_tag","embeddable":true,"href":"https:\/\/libre-cueillette.net\/index.php\/wp-json\/wp\/v2\/tags?post=1260"}],"curies":[{"name":"wp","href":"https:\/\/api.w.org\/{rel}","templated":true}]}}