{"id":1316,"date":"2017-09-08T09:40:53","date_gmt":"2017-09-08T08:40:53","guid":{"rendered":"http:\/\/libre-cueillette.net\/?p=1316"},"modified":"2018-11-17T11:52:08","modified_gmt":"2018-11-17T10:52:08","slug":"un-pays-de-cocagne","status":"publish","type":"post","link":"https:\/\/libre-cueillette.net\/index.php\/2017\/09\/08\/un-pays-de-cocagne\/","title":{"rendered":"Un pays de Cocagne !"},"content":{"rendered":"<p>Presque trois mois se sont \u00e9coul\u00e9s depuis sa cr\u00e9ation, et le Jardin des \u00e9toiles prosp\u00e8re \u00e0 qui mieux mieux, gr\u00e2ce aux soins vigilants qui lui sont procur\u00e9s quotidiennement.<\/p>\n<p style=\"text-align: center;\"><div id=\"metaslider-id-1278\" style=\"max-width: 800px;\" class=\"ml-slider-3-108-0 metaslider metaslider-nivo metaslider-1278 ml-slider has-dots-nav ms-theme-default\" role=\"region\" aria-label=\"col_6sept\" data-height=\"450\" data-width=\"800\">\n    <div id=\"metaslider_container_1278\">\n        <div class='slider-wrapper theme-default'><div class='ribbon'><\/div><div id='metaslider_1278' class='nivoSlider'><img loading=\"lazy\" decoding=\"async\" src=\"https:\/\/libre-cueillette.net\/wp-content\/uploads\/a20170906_152820.jpg\" height=\"450\" width=\"800\" data-caption=\"Parti de z&eacute;ro en juin, le Jardin des &eacute;toiles a &eacute;t&eacute; m&eacute;tamorphos&eacute; en l&#039;espace de presque trois mois.\" alt=\"\" class=\"slider-1278 slide-1292 msDefaultImage\" \/><img loading=\"lazy\" decoding=\"async\" src=\"https:\/\/libre-cueillette.net\/wp-content\/uploads\/a20170906_152741.jpg\" height=\"450\" width=\"800\" data-caption=\"Haricots et radis sont r&eacute;colt&eacute;s quotidiennement.\" alt=\"\" class=\"slider-1278 slide-1291 msDefaultImage\" \/><img loading=\"lazy\" decoding=\"async\" src=\"https:\/\/libre-cueillette.net\/wp-content\/uploads\/a20170906_153753.jpg\" height=\"450\" width=\"800\" data-caption=\"Les choux sont devenus tr&egrave;s imposants...\" alt=\"\" class=\"slider-1278 slide-1293 msDefaultImage\" \/><img loading=\"lazy\" decoding=\"async\" src=\"https:\/\/libre-cueillette.net\/wp-content\/uploads\/a20170906_153805.jpg\" height=\"450\" width=\"800\" data-caption=\"et m&ecirc;me d&eacute;coratifs.\" alt=\"\" class=\"slider-1278 slide-1294 msDefaultImage\" \/><img loading=\"lazy\" decoding=\"async\" src=\"https:\/\/libre-cueillette.net\/wp-content\/uploads\/a20170906_153826.jpg\" height=\"450\" width=\"800\" data-caption=\"Les betteraves seront bient&ocirc;t pr&ecirc;tes &agrave; &ecirc;tre mang&eacute;es : quelle recette choisir ?\" alt=\"\" class=\"slider-1278 slide-1295 msDefaultImage\" \/><img loading=\"lazy\" decoding=\"async\" src=\"https:\/\/libre-cueillette.net\/wp-content\/uploads\/a20170906_153839.jpg\" height=\"450\" width=\"800\" data-caption=\"Les feuilles de brocoli ont &eacute;t&eacute; ligatur&eacute;es avec une ficelle pour mieux prot&eacute;ger la fleur-l&eacute;gume.\" alt=\"\" class=\"slider-1278 slide-1296 msDefaultImage\" \/><img loading=\"lazy\" decoding=\"async\" src=\"https:\/\/libre-cueillette.net\/wp-content\/uploads\/a20170906_153928.jpg\" height=\"450\" width=\"800\" data-caption=\"La patate douce fait des m&egrave;tres de tiges enroul&eacute;es au fur et &agrave; mesure autour du pied.\" alt=\"\" class=\"slider-1278 slide-1297 msDefaultImage\" \/><img loading=\"lazy\" decoding=\"async\" src=\"https:\/\/libre-cueillette.net\/wp-content\/uploads\/a20170906_153949.jpg\" height=\"450\" width=\"800\" data-caption=\"La rhubarbe prosp&egrave;re.\" alt=\"\" class=\"slider-1278 slide-1298 msDefaultImage\" \/><img loading=\"lazy\" decoding=\"async\" src=\"https:\/\/libre-cueillette.net\/wp-content\/uploads\/a20170906_154542.jpg\" height=\"450\" width=\"800\" data-caption=\"Le fenouil &eacute;galement.\" alt=\"\" class=\"slider-1278 slide-1299 msDefaultImage\" \/><img loading=\"lazy\" decoding=\"async\" src=\"https:\/\/libre-cueillette.net\/wp-content\/uploads\/a20170906_154557.jpg\" height=\"450\" width=\"800\" data-caption=\"La bourrache r&ecirc;v&eacute;e par Annie-France est devenue une plante vigoureuse et volumineuse, constell&eacute;e de fleurs bleues.\" alt=\"\" class=\"slider-1278 slide-1300 msDefaultImage\" \/><img loading=\"lazy\" decoding=\"async\" src=\"https:\/\/libre-cueillette.net\/wp-content\/uploads\/a20170906_164920.jpg\" height=\"450\" width=\"800\" data-caption=\"Le brocoli dans son &eacute;crin de feuilles.\" alt=\"\" class=\"slider-1278 slide-1301 msDefaultImage\" \/><img loading=\"lazy\" decoding=\"async\" src=\"https:\/\/libre-cueillette.net\/wp-content\/uploads\/a20170906_165244.jpg\" height=\"450\" width=\"800\" data-caption=\"Dans le compost amen&eacute; par Sonia, des graines de concombre ont germ&eacute; et les plants fleurissent.\" alt=\"\" class=\"slider-1278 slide-1302 msDefaultImage\" \/><\/div><\/div>\n        \n    <\/div>\n<\/div><\/p>\n<p style=\"text-align: center;\"><div id=\"metaslider-id-1303\" style=\"max-width: 450px;\" class=\"ml-slider-3-108-0 metaslider metaslider-nivo metaslider-1303 ml-slider has-dots-nav ms-theme-default\" role=\"region\" aria-label=\"col_6sept2\" data-height=\"800\" data-width=\"450\">\n    <div id=\"metaslider_container_1303\">\n        <div class='slider-wrapper theme-default'><div class='ribbon'><\/div><div id='metaslider_1303' class='nivoSlider'><img loading=\"lazy\" decoding=\"async\" src=\"https:\/\/libre-cueillette.net\/wp-content\/uploads\/b20170906_153024.jpg\" height=\"800\" width=\"450\" data-caption=\"Les tomates cerises sont r&eacute;colt&eacute;es depuis juin, mais les plus grosses tomates poursuivent leur croissance...\" alt=\"\" class=\"slider-1303 slide-1310 msDefaultImage\" \/><img loading=\"lazy\" decoding=\"async\" src=\"https:\/\/libre-cueillette.net\/wp-content\/uploads\/b20170906_153048.jpg\" height=\"800\" width=\"450\" data-caption=\"et prennent sur ce pied des formes originales.\" alt=\"\" class=\"slider-1303 slide-1311 msDefaultImage\" \/><img loading=\"lazy\" decoding=\"async\" src=\"https:\/\/libre-cueillette.net\/wp-content\/uploads\/b20170906_154329.jpg\" height=\"800\" width=\"450\" data-caption=\"Une r&eacute;colte quotidienne de radis et de haricots verts.\" alt=\"\" class=\"slider-1303 slide-1312 msDefaultImage\" \/><img loading=\"lazy\" decoding=\"async\" src=\"https:\/\/libre-cueillette.net\/wp-content\/uploads\/b20170906_162146.jpg\" height=\"800\" width=\"450\" data-caption=\"Suspension des pois de senteur et des capucines aux bambous en bordure de la planche.\" alt=\"\" class=\"slider-1303 slide-1313 msDefaultImage\" \/><img loading=\"lazy\" decoding=\"async\" src=\"https:\/\/libre-cueillette.net\/wp-content\/uploads\/b20170906_162827.jpg\" height=\"800\" width=\"450\" data-caption=\"Extraction des jeunes fenouils pour les transplanter s&eacute;par&eacute;ment afin que leur bulbe grossisse bien.\" alt=\"\" class=\"slider-1303 slide-1314 msDefaultImage\" \/><img loading=\"lazy\" decoding=\"async\" src=\"https:\/\/libre-cueillette.net\/wp-content\/uploads\/b20170906_164617.jpg\" height=\"800\" width=\"450\" data-caption=\"Des piments pr&ecirc;ts &agrave; cueillir !\" alt=\"\" class=\"slider-1303 slide-1315 msDefaultImage\" \/><\/div><\/div>\n        \n    <\/div>\n<\/div><\/p>\n<p style=\"text-align: justify;\">Le r\u00e9seau s&rsquo;\u00e9toffe doucement autour du jardin. Des r\u00e9sidents r\u00e9pondent \u00e0 l&rsquo;appel par affichette et viennent d\u00e9poser leurs d\u00e9chets v\u00e9g\u00e9taux dans le composteur. D&rsquo;autres viennent se promener, admirer et bavarder avec les jardini\u00e8res. Marie-Christine, qui travaille et ne peut participer au temps d&rsquo;animation Libre Cueillette du mercredi apr\u00e8s-midi, a offert un bananier qui a \u00e9t\u00e9 plant\u00e9 sur une nouvelle plate-bande. Jacques, grand bricoleur, a fabriqu\u00e9 un syst\u00e8me ing\u00e9nieux de blocage de la porte de la cabane en position ouverte et il a pris les mesures pour fixer des tringles de suspension des outils. En tant qu&rsquo;animateur d&rsquo;astronomie, il a invit\u00e9 des r\u00e9sidents \u00e0 observer avec lui l&rsquo;\u00e9clipse de soleil du 21 ao\u00fbt en fin d&rsquo;apr\u00e8s-midi depuis le dernier \u00e9tage. Eclipse totale sur la bande de centralit\u00e9 aux Usa, elle n&rsquo;\u00e9tait que partielle en France, mais c&rsquo;\u00e9tait tout de m\u00eame un joli spectacle (avec lunettes de protection adapt\u00e9es) !<\/p>\n<p style=\"text-align: justify;\">Dans les semaines qui viennent, Sonia, l&rsquo;animatrice de Libre Cueillette, aidera les jardini\u00e8res \u00e0 pr\u00e9voir et organiser les semis et boutures d&rsquo;automne. Que du plaisir en perspective !<\/p>\n<p style=\"text-align: justify;\">\n","protected":false},"excerpt":{"rendered":"<p>Presque trois mois se sont \u00e9coul\u00e9s depuis sa cr\u00e9ation, et le Jardin des \u00e9toiles prosp\u00e8re \u00e0 qui mieux mieux, gr\u00e2ce aux soins vigilants qui lui sont procur\u00e9s quotidiennement. Le r\u00e9seau s&rsquo;\u00e9toffe doucement autour du jardin. Des r\u00e9sidents r\u00e9pondent \u00e0 l&rsquo;appel<\/p>\n","protected":false},"author":1,"featured_media":0,"comment_status":"open","ping_status":"open","sticky":false,"template":"","format":"standard","meta":{"footnotes":""},"categories":[273],"tags":[275],"class_list":["post-1316","post","type-post","status-publish","format-standard","hentry","category-terrasses-de-l-avenue","tag-275"],"_links":{"self":[{"href":"https:\/\/libre-cueillette.net\/index.php\/wp-json\/wp\/v2\/posts\/1316","targetHints":{"allow":["GET"]}}],"collection":[{"href":"https:\/\/libre-cueillette.net\/index.php\/wp-json\/wp\/v2\/posts"}],"about":[{"href":"https:\/\/libre-cueillette.net\/index.php\/wp-json\/wp\/v2\/types\/post"}],"author":[{"embeddable":true,"href":"https:\/\/libre-cueillette.net\/index.php\/wp-json\/wp\/v2\/users\/1"}],"replies":[{"embeddable":true,"href":"https:\/\/libre-cueillette.net\/index.php\/wp-json\/wp\/v2\/comments?post=1316"}],"version-history":[{"count":2,"href":"https:\/\/libre-cueillette.net\/index.php\/wp-json\/wp\/v2\/posts\/1316\/revisions"}],"predecessor-version":[{"id":1318,"href":"https:\/\/libre-cueillette.net\/index.php\/wp-json\/wp\/v2\/posts\/1316\/revisions\/1318"}],"wp:attachment":[{"href":"https:\/\/libre-cueillette.net\/index.php\/wp-json\/wp\/v2\/media?parent=1316"}],"wp:term":[{"taxonomy":"category","embeddable":true,"href":"https:\/\/libre-cueillette.net\/index.php\/wp-json\/wp\/v2\/categories?post=1316"},{"taxonomy":"post_tag","embeddable":true,"href":"https:\/\/libre-cueillette.net\/index.php\/wp-json\/wp\/v2\/tags?post=1316"}],"curies":[{"name":"wp","href":"https:\/\/api.w.org\/{rel}","templated":true}]}}