{"id":1325,"date":"2017-09-17T09:46:40","date_gmt":"2017-09-17T08:46:40","guid":{"rendered":"http:\/\/libre-cueillette.net\/?p=1325"},"modified":"2018-11-17T11:51:30","modified_gmt":"2018-11-17T10:51:30","slug":"recoltes-au-jardin-des-etoiles","status":"publish","type":"post","link":"https:\/\/libre-cueillette.net\/index.php\/2017\/09\/17\/recoltes-au-jardin-des-etoiles\/","title":{"rendered":"R\u00e9coltes au Jardin des \u00e9toiles"},"content":{"rendered":"<p><img loading=\"lazy\" decoding=\"async\" class=\"aligncenter wp-image-1326 size-full\" src=\"https:\/\/libre-cueillette.net\/wp-content\/uploads\/c_20170913_153854.jpg\" alt=\"c_20170913_153854\" width=\"800\" height=\"450\" srcset=\"https:\/\/libre-cueillette.net\/wp-content\/uploads\/c_20170913_153854.jpg 800w, https:\/\/libre-cueillette.net\/wp-content\/uploads\/c_20170913_153854-300x169.jpg 300w, https:\/\/libre-cueillette.net\/wp-content\/uploads\/c_20170913_153854-768x432.jpg 768w\" sizes=\"auto, (max-width: 800px) 100vw, 800px\" \/><\/p>\n<p style=\"text-align: justify;\"><span style=\"color: #000000;\">Le mercredi 13 septembre, Anny-France, Anne-Marie et Chantal ont r\u00e9colt\u00e9 des betteraves et deux magnifiques brocolis. Sonia, l&rsquo;animatrice de Libre Cueillette, a fait d\u00e9couvrir la saveur d\u00e9licieuse de la tige de la fleur g\u00e9ante du brocoli, coup\u00e9e en tranches fines et d\u00e9gust\u00e9e crue. Elorri, la responsable du COL, est venue admirer l&rsquo;\u00e9volution prodigieuse de ce jardin partag\u00e9. Demandant quelle \u00e9tait sa port\u00e9e au sein des r\u00e9sidences, au-del\u00e0 des trois jardini\u00e8res assidues, elle a appris qu&rsquo;il y a trois ou quatre autres jardini\u00e8res qui viennent aider apr\u00e8s leur travail et b\u00e9n\u00e9ficient des r\u00e9coltes. Une quinzaine de familles apporte r\u00e9guli\u00e8rement ses d\u00e9chets verts au compost, des r\u00e9sidents viennent converser le soir au jardin au moment de l&rsquo;arrosage et des soins aux plantes potag\u00e8res, et des bricoleurs &#8211; surtout Jacques &#8211; am\u00e9liorent l&rsquo;am\u00e9nagement de la cabane de jardin. Le Jardin des \u00e9toiles est un v\u00e9ritable facteur de lien social !<\/span><\/p>\n<p><img loading=\"lazy\" decoding=\"async\" class=\"wp-image-1327 size-full aligncenter\" src=\"https:\/\/libre-cueillette.net\/wp-content\/uploads\/c_20170913_153857.jpg\" alt=\"c_20170913_153857\" width=\"500\" height=\"590\" srcset=\"https:\/\/libre-cueillette.net\/wp-content\/uploads\/c_20170913_153857.jpg 500w, https:\/\/libre-cueillette.net\/wp-content\/uploads\/c_20170913_153857-254x300.jpg 254w\" sizes=\"auto, (max-width: 500px) 100vw, 500px\" \/><\/p>\n","protected":false},"excerpt":{"rendered":"<p>Le mercredi 13 septembre, Anny-France, Anne-Marie et Chantal ont r\u00e9colt\u00e9 des betteraves et deux magnifiques brocolis. Sonia, l&rsquo;animatrice de Libre Cueillette, a fait d\u00e9couvrir la saveur d\u00e9licieuse de la tige de la fleur g\u00e9ante du brocoli, coup\u00e9e en tranches fines<\/p>\n","protected":false},"author":1,"featured_media":0,"comment_status":"open","ping_status":"open","sticky":false,"template":"","format":"standard","meta":{"footnotes":""},"categories":[273],"tags":[275],"class_list":["post-1325","post","type-post","status-publish","format-standard","hentry","category-terrasses-de-l-avenue","tag-275"],"_links":{"self":[{"href":"https:\/\/libre-cueillette.net\/index.php\/wp-json\/wp\/v2\/posts\/1325","targetHints":{"allow":["GET"]}}],"collection":[{"href":"https:\/\/libre-cueillette.net\/index.php\/wp-json\/wp\/v2\/posts"}],"about":[{"href":"https:\/\/libre-cueillette.net\/index.php\/wp-json\/wp\/v2\/types\/post"}],"author":[{"embeddable":true,"href":"https:\/\/libre-cueillette.net\/index.php\/wp-json\/wp\/v2\/users\/1"}],"replies":[{"embeddable":true,"href":"https:\/\/libre-cueillette.net\/index.php\/wp-json\/wp\/v2\/comments?post=1325"}],"version-history":[{"count":1,"href":"https:\/\/libre-cueillette.net\/index.php\/wp-json\/wp\/v2\/posts\/1325\/revisions"}],"predecessor-version":[{"id":1328,"href":"https:\/\/libre-cueillette.net\/index.php\/wp-json\/wp\/v2\/posts\/1325\/revisions\/1328"}],"wp:attachment":[{"href":"https:\/\/libre-cueillette.net\/index.php\/wp-json\/wp\/v2\/media?parent=1325"}],"wp:term":[{"taxonomy":"category","embeddable":true,"href":"https:\/\/libre-cueillette.net\/index.php\/wp-json\/wp\/v2\/categories?post=1325"},{"taxonomy":"post_tag","embeddable":true,"href":"https:\/\/libre-cueillette.net\/index.php\/wp-json\/wp\/v2\/tags?post=1325"}],"curies":[{"name":"wp","href":"https:\/\/api.w.org\/{rel}","templated":true}]}}