{"id":165,"date":"2016-03-19T14:32:06","date_gmt":"2016-03-19T13:32:06","guid":{"rendered":"http:\/\/libre-cueillette.net\/?p=165"},"modified":"2019-01-19T13:57:19","modified_gmt":"2019-01-19T12:57:19","slug":"un-peu-de-lecture","status":"publish","type":"post","link":"https:\/\/libre-cueillette.net\/index.php\/2016\/03\/19\/un-peu-de-lecture\/","title":{"rendered":"Un peu de lecture"},"content":{"rendered":"<p style=\"text-align: center;\"><a href=\"https:\/\/libre-cueillette.net\/wp-content\/uploads\/herve_coves.jpg\"><img loading=\"lazy\" decoding=\"async\" class=\"alignnone size-medium wp-image-3145\" src=\"https:\/\/libre-cueillette.net\/wp-content\/uploads\/herve_coves-215x300.jpg\" alt=\"\" width=\"215\" height=\"300\" srcset=\"https:\/\/libre-cueillette.net\/wp-content\/uploads\/herve_coves-215x300.jpg 215w, https:\/\/libre-cueillette.net\/wp-content\/uploads\/herve_coves.jpg 358w\" sizes=\"auto, (max-width: 215px) 100vw, 215px\" \/><\/a><\/p>\n<p>Herv\u00e9 Coves et les <a href=\"https:\/\/www.youtube.com\/watch?v=Rf8P-5XABas\" target=\"_blank\" rel=\"noopener\">champignons<\/a> &#8211; <a href=\"https:\/\/www.youtube.com\/watch?v=RJfgXbvZUUE\" target=\"_blank\" rel=\"noopener\">Nuisibles ?<\/a> &#8211; La gestion holistique des <a href=\"https:\/\/www.youtube.com\/watch?v=DQ3Da73IGtw\" target=\"_blank\" rel=\"noopener\">limaces<\/a> &#8211; La gestion holistique des <a href=\"https:\/\/www.youtube.com\/watch?v=8w3qhWkfRMY\" target=\"_blank\" rel=\"noopener\">pucerons<\/a> &#8211; La <a href=\"https:\/\/www.youtube.com\/watch?v=-IxkCrX2hJM\" target=\"_blank\" rel=\"noopener\">fertilit\u00e9 et f\u00e9condit\u00e9<\/a> du verger &#8211; etc.<\/p>\n<p style=\"text-align: center;\"><div id=\"metaslider-id-199\" style=\"max-width: 500px;\" class=\"ml-slider-3-108-0 metaslider metaslider-nivo metaslider-199 ml-slider has-dots-nav ms-theme-default\" role=\"region\" aria-label=\"Livres\" data-height=\"700\" data-width=\"500\">\n    <div id=\"metaslider_container_199\">\n        <div class='slider-wrapper theme-default'><div class='ribbon'><\/div><div id='metaslider_199' class='nivoSlider'><img loading=\"lazy\" decoding=\"async\" src=\"https:\/\/libre-cueillette.net\/wp-content\/uploads\/livre1-387x543.png\" height=\"700\" width=\"500\" alt=\"\" class=\"slider-199 slide-197 msDefaultImage\" \/><img loading=\"lazy\" decoding=\"async\" src=\"https:\/\/libre-cueillette.net\/wp-content\/uploads\/les_incroyables_comestibles-500x700.jpg\" height=\"700\" width=\"500\" alt=\"\" class=\"slider-199 slide-166 msDefaultImage\" \/><img loading=\"lazy\" decoding=\"async\" src=\"https:\/\/libre-cueillette.net\/wp-content\/uploads\/du_sahara_aux_cevennes-332x464.jpg\" height=\"700\" width=\"500\" alt=\"\" class=\"slider-199 slide-172 msDefaultImage\" \/><img loading=\"lazy\" decoding=\"async\" src=\"https:\/\/libre-cueillette.net\/wp-content\/uploads\/fukuoka1-500x700.jpg\" height=\"700\" width=\"500\" alt=\"\" class=\"slider-199 slide-180 msDefaultImage\" \/><img loading=\"lazy\" decoding=\"async\" src=\"https:\/\/libre-cueillette.net\/wp-content\/uploads\/et_la_nature-320x448.jpg\" height=\"700\" width=\"500\" alt=\"\" class=\"slider-199 slide-174 msDefaultImage\" \/><img loading=\"lazy\" decoding=\"async\" src=\"https:\/\/libre-cueillette.net\/wp-content\/uploads\/vincent_tardieu-322x450.jpg\" height=\"700\" width=\"500\" alt=\"\" class=\"slider-199 slide-181 msDefaultImage\" \/><img loading=\"lazy\" decoding=\"async\" src=\"https:\/\/libre-cueillette.net\/wp-content\/uploads\/les_neo_paysans-316x442.jpg\" height=\"700\" width=\"500\" alt=\"\" class=\"slider-199 slide-171 msDefaultImage\" \/><img loading=\"lazy\" decoding=\"async\" src=\"https:\/\/libre-cueillette.net\/wp-content\/uploads\/semer_dans_le_desert-1-494x691.jpg\" height=\"700\" width=\"500\" alt=\"\" class=\"slider-199 slide-202 msDefaultImage\" \/><img loading=\"lazy\" decoding=\"async\" src=\"https:\/\/libre-cueillette.net\/wp-content\/uploads\/livre-l-agriculture-naturelle-masanobu-fukuoka-327x458.jpg\" height=\"700\" width=\"500\" alt=\"\" class=\"slider-199 slide-203 msDefaultImage\" \/><img loading=\"lazy\" decoding=\"async\" src=\"https:\/\/libre-cueillette.net\/wp-content\/uploads\/purin-d-ortie-et-compagnie-4e-dition-mise-jour-428x600.jpg\" height=\"700\" width=\"500\" alt=\"\" class=\"slider-199 slide-374 msDefaultImage\" \/><\/div><\/div>\n        \n    <\/div>\n<\/div><\/p>\n","protected":false},"excerpt":{"rendered":"<p>Herv\u00e9 Coves et les champignons &#8211; Nuisibles ? &#8211; La gestion holistique des limaces &#8211; La gestion holistique des pucerons &#8211; La fertilit\u00e9 et f\u00e9condit\u00e9 du verger &#8211; etc.<\/p>\n","protected":false},"author":1,"featured_media":0,"comment_status":"open","ping_status":"open","sticky":false,"template":"","format":"standard","meta":{"footnotes":""},"categories":[62],"tags":[303,43,64,67,63,65,66],"class_list":["post-165","post","type-post","status-publish","format-standard","hentry","category-ressources","tag-herve-coves","tag-incroyables-comestibles","tag-masanobu-fukuoka","tag-neo-paysans","tag-pierre-rabhi","tag-robert-hainard","tag-vincent-tardieu"],"_links":{"self":[{"href":"https:\/\/libre-cueillette.net\/index.php\/wp-json\/wp\/v2\/posts\/165","targetHints":{"allow":["GET"]}}],"collection":[{"href":"https:\/\/libre-cueillette.net\/index.php\/wp-json\/wp\/v2\/posts"}],"about":[{"href":"https:\/\/libre-cueillette.net\/index.php\/wp-json\/wp\/v2\/types\/post"}],"author":[{"embeddable":true,"href":"https:\/\/libre-cueillette.net\/index.php\/wp-json\/wp\/v2\/users\/1"}],"replies":[{"embeddable":true,"href":"https:\/\/libre-cueillette.net\/index.php\/wp-json\/wp\/v2\/comments?post=165"}],"version-history":[{"count":8,"href":"https:\/\/libre-cueillette.net\/index.php\/wp-json\/wp\/v2\/posts\/165\/revisions"}],"predecessor-version":[{"id":3146,"href":"https:\/\/libre-cueillette.net\/index.php\/wp-json\/wp\/v2\/posts\/165\/revisions\/3146"}],"wp:attachment":[{"href":"https:\/\/libre-cueillette.net\/index.php\/wp-json\/wp\/v2\/media?parent=165"}],"wp:term":[{"taxonomy":"category","embeddable":true,"href":"https:\/\/libre-cueillette.net\/index.php\/wp-json\/wp\/v2\/categories?post=165"},{"taxonomy":"post_tag","embeddable":true,"href":"https:\/\/libre-cueillette.net\/index.php\/wp-json\/wp\/v2\/tags?post=165"}],"curies":[{"name":"wp","href":"https:\/\/api.w.org\/{rel}","templated":true}]}}