{"id":1977,"date":"2018-06-28T12:30:42","date_gmt":"2018-06-28T11:30:42","guid":{"rendered":"http:\/\/libre-cueillette.net\/?p=1977"},"modified":"2018-11-17T11:30:57","modified_gmt":"2018-11-17T10:30:57","slug":"creation-dun-nouveau-jardin-partage","status":"publish","type":"post","link":"https:\/\/libre-cueillette.net\/index.php\/2018\/06\/28\/creation-dun-nouveau-jardin-partage\/","title":{"rendered":"Cr\u00e9ation d&rsquo;un nouveau jardin partag\u00e9"},"content":{"rendered":"<p style=\"text-align: justify;\"><a href=\"https:\/\/libre-cueillette.net\/wp-content\/uploads\/lespes.jpg\"><img loading=\"lazy\" decoding=\"async\" class=\"alignleft wp-image-1996 size-medium\" src=\"https:\/\/libre-cueillette.net\/wp-content\/uploads\/lespes-293x300.jpg\" alt=\"lespes\" width=\"293\" height=\"300\" srcset=\"https:\/\/libre-cueillette.net\/wp-content\/uploads\/lespes-293x300.jpg 293w, https:\/\/libre-cueillette.net\/wp-content\/uploads\/lespes.jpg 751w\" sizes=\"auto, (max-width: 293px) 100vw, 293px\" \/><\/a><span style=\"color: #000000;\">C&rsquo;est \u00e0 la r\u00e9sidence Lesp\u00e8s, dans le quartier Montbrun, que la Ville d\u2019Anglet par le biais de son service Jeunesse pr\u00e9pare la cr\u00e9ation d\u2019un futur Jardin partag\u00e9. Paul Michallon, l\u2019animateur Jeunesse de la ville, propose \u00e0 notre association Libre Cueillette de participer \u00e0 ce projet afin que nous fassions b\u00e9n\u00e9ficier les habitants de notre exp\u00e9rience et de notre savoir-faire en la mati\u00e8re. Selon le calendrier municipal, le d\u00e9marrage du jardin d\u00e9butera en septembre.<\/span><\/p>\n<p style=\"text-align: justify;\"><span style=\"color: #000000;\">Afin de permettre aux r\u00e9sidents de d\u00e9buter rapidement les plantations \u00e0 cette date tardive de fin d&rsquo;\u00e9t\u00e9, nous proposons de r\u00e9cup\u00e9rer la tonte de la r\u00e9sidence pour la disposer en buttes de culture dans le futur jardin. <\/span><\/p>\n<p style=\"text-align: justify;\"><span style=\"color: #000000;\"><strong>Quel int\u00e9r\u00eat\u00a0?<\/strong><\/span><\/p>\n<p style=\"text-align: justify;\"><span style=\"color: #000000;\">L&rsquo;herbe qui est dessous pourrira et la tonte se d\u00e9gradera naturellement pour donner du compost. Le sol devrait \u00eatre ainsi ameubli et plus facile \u00e0 travailler. C&rsquo;est aussi une fa\u00e7on de montrer que les d\u00e9chets des uns peuvent \u00eatre les mati\u00e8res premi\u00e8res des autres. La valorisation de l&rsquo;herbe de la r\u00e9sidence sur place est bien s\u00fbr pr\u00e9f\u00e9rable \u00e0 son transport en camion en d\u00e9chetterie ou en un lieu centralis\u00e9 de transformation industrielle en compost.<\/span><\/p>\n<p style=\"text-align: justify;\"><a style=\"color: #000000;\" href=\"https:\/\/libre-cueillette.net\/wp-content\/uploads\/a20180625_095120.jpg\"><img loading=\"lazy\" decoding=\"async\" class=\"aligncenter\" src=\"https:\/\/libre-cueillette.net\/wp-content\/uploads\/a20180625_095120-300x169.jpg\" alt=\"a20180625_095120\" width=\"300\" height=\"169\" \/><\/a><strong><span style=\"color: #000000;\">Description\u00a0:<\/span><\/strong><\/p>\n<p style=\"text-align: justify;\"><span style=\"color: #000000;\">Le 25 juin, nous rencontrons Nad\u00e8ge Chauvier qui dirige la SARL Chauvier Elagage en charge de l&rsquo;entretien des espaces verts de la r\u00e9sidence. Jeune et dynamique, la g\u00e9rante \u00e9value rapidement la quantit\u00e9 de tonte \u00e0 d\u00e9poser : un camion plein, soit une tonne ! Elle retourne ensuite \u00e0 son tracteur de gyrobroyage du sous-bois, tandis que ses \u00e9quipes (masculines) poursuivent la tonte. <\/span><\/p>\n<p style=\"text-align: justify;\"><a style=\"color: #000000;\" href=\"https:\/\/libre-cueillette.net\/wp-content\/uploads\/a20180625_095042.jpg\"><img loading=\"lazy\" decoding=\"async\" class=\"aligncenter\" src=\"https:\/\/libre-cueillette.net\/wp-content\/uploads\/a20180625_095042-300x169.jpg\" alt=\"a20180625_095042\" width=\"300\" height=\"169\" \/><\/a><\/p>\n<p style=\"text-align: justify;\"><span style=\"color: #000000;\">J&rsquo;ai amen\u00e9 un m\u00e8tre-ruban, de la ficelle, une masse et un pieux m\u00e9tallique creux (pour faire les trous), tandis que Sonia s&rsquo;est charg\u00e9e de trouver des piquets. Apr\u00e8s rep\u00e9rages, nous plantons un piquet central et quatre autres aux points cardinaux (\u00e0 peu pr\u00e8s), car le projet est de cr\u00e9er un jardin en forme circulaire de mandala de quatre m\u00e8tres de rayon, en nous inspirant du tr\u00e8s bel espace cr\u00e9\u00e9 par M\u00e9lanie Gulkers \u00e0 Sare. Les jardiniers sauront ainsi o\u00f9 d\u00e9poser l&rsquo;herbe tondue.<\/span><\/p>\n<p style=\"text-align: justify;\"><a style=\"color: #000000;\" href=\"https:\/\/libre-cueillette.net\/wp-content\/uploads\/a20180627_103423.jpg\"><img loading=\"lazy\" decoding=\"async\" class=\"aligncenter\" src=\"https:\/\/libre-cueillette.net\/wp-content\/uploads\/a20180627_103423-300x169.jpg\" alt=\"a20180627_103423\" width=\"300\" height=\"169\" \/><\/a><\/p>\n<p style=\"text-align: justify;\"><span style=\"color: #000000;\">Deux jours apr\u00e8s, les travaux sont termin\u00e9s, il faut se d\u00e9p\u00eacher de venir \u00e9taler l&rsquo;herbe, la m\u00e9t\u00e9o annonce la pluie pour le lendemain. \u00c9quip\u00e9es de r\u00e2teaux et de gants de jardinage, Sonia et moi prenons des brass\u00e9es d&rsquo;herbe pour les disposer le plus esth\u00e9tiquement, mais aussi fonctionnellement possible. Quatre arcs de cercles centr\u00e9s sur les poteaux ext\u00e9rieurs m\u00e9nagent des acc\u00e8s au jardin. Une grosse butte entoure le poteau central, tandis que d&rsquo;autres buttes rayonnent autour. Des petits pots de fleurs en terre cuite au sommet des piquets apportent une touche de fantaisie.<\/span><\/p>\n<p style=\"text-align: justify;\"><a style=\"color: #000000;\" href=\"https:\/\/libre-cueillette.net\/wp-content\/uploads\/a20180627_101940.jpg\"><img loading=\"lazy\" decoding=\"async\" class=\"aligncenter\" src=\"https:\/\/libre-cueillette.net\/wp-content\/uploads\/a20180627_101940-300x169.jpg\" alt=\"a20180627_101940\" width=\"300\" height=\"169\" \/><\/a><\/p>\n<p style=\"text-align: justify;\"><span style=\"color: #000000;\">D\u00e8s que nous commen\u00e7ons \u00e0 rep\u00e9rer les lieux et \u00e0 nous activer sur le site choisi, des habitants viennent \u00e0 nous pour demander ce que nous faisons. Plusieurs d&rsquo;entre eux ont d&rsquo;abord un r\u00e9flexe d&rsquo;inqui\u00e9tude devant cette intrusion sur leur territoire. \u00ab\u00a0A quelle sauce vont-ils \u00eatre mang\u00e9s ? Va-t-on leur \u00f4ter de l&rsquo;espace, construire quelque chose ?\u00a0\u00bb Il faut rassurer, expliquer, et pour finir, tenter d&rsquo;int\u00e9resser pour amener \u00e0 collaborer au projet. D&rsquo;autres, sit\u00f4t entendu le terme de jardin partag\u00e9, sont acquis d&rsquo;avance et nous engrangeons des promesses de participation.<\/span><\/p>\n<p style=\"text-align: justify;\"><strong><span style=\"color: #000000;\">Mercredi 27 juin<\/span><\/strong><\/p>\n<p style=\"text-align: justify;\"><span style=\"color: #000000;\"><a style=\"color: #000000;\" href=\"https:\/\/libre-cueillette.net\/wp-content\/uploads\/a20180627_142224.jpg\"><img loading=\"lazy\" decoding=\"async\" class=\"aligncenter\" src=\"https:\/\/libre-cueillette.net\/wp-content\/uploads\/a20180627_142224-300x185.jpg\" alt=\"a20180627_142224\" width=\"300\" height=\"185\" \/><\/a><\/span><\/p>\n<p style=\"text-align: justify;\"><span style=\"color: #000000;\"><a style=\"color: #000000;\" href=\"https:\/\/libre-cueillette.net\/wp-content\/uploads\/b20180627_143420.jpg\"><img loading=\"lazy\" decoding=\"async\" class=\"alignleft\" src=\"https:\/\/libre-cueillette.net\/wp-content\/uploads\/b20180627_143420-213x300.jpg\" alt=\"b20180627_143420\" width=\"213\" height=\"300\" \/><\/a>En d\u00e9but d&rsquo;apr\u00e8s-midi se d\u00e9roule une f\u00eate de l&rsquo;innovation sociale et environnementale \u00e0 l&rsquo;instigation de l&rsquo;Office 64 de l&rsquo;habitat, dans le cadre de la semaine nationale des HLM, et avec la collaboration de l&rsquo;organisme de collecte et traitement des d\u00e9chets <a style=\"color: #000000;\" href=\"https:\/\/www.facebook.com\/BilTaGarbi\/\" target=\"_blank\" rel=\"noopener\">Bil ta Garbi<\/a>. Claude Olive, maire d&rsquo;Anglet, mais \u00e9galement pr\u00e9sident depuis 2015 de l&rsquo;Office 64, est venu avec son directeur Philippe Etcheverria pour la signature officielle d&rsquo;une convention avec Bil ta Garbi repr\u00e9sent\u00e9 par sa pr\u00e9sidente, Martine Bisauta. <a style=\"color: #000000;\" href=\"https:\/\/libre-cueillette.net\/wp-content\/uploads\/a20180627_142944.jpg\"><img loading=\"lazy\" decoding=\"async\" class=\"alignright\" src=\"https:\/\/libre-cueillette.net\/wp-content\/uploads\/a20180627_142944-300x212.jpg\" alt=\"a20180627_142944\" width=\"300\" height=\"212\" \/><\/a>Il s&rsquo;engage \u00e0 contribuer \u00e0 la sensibilisation au tri des d\u00e9chets au sein de la r\u00e9sidence Lesp\u00e8s et \u00e0 faciliter encore plus sa mise en \u0153uvre par les habitants. Si ces derniers ne se pressaient pas pour venir \u00e9couter les discours, on les voit arriver ensuite petit \u00e0 petit pour participer aux ateliers qui doivent se cl\u00f4turer par un go\u00fbter \u00ab\u00a0\u00e9co-responsable\u00a0\u00bb. En consultant le magazine <a style=\"color: #000000;\" href=\"https:\/\/www.office64.fr\/upload\/files\/echoloc\/EchOloc_33.pdf\" target=\"_blank\" rel=\"noopener\">Echo&rsquo;Loc<\/a> de l&rsquo;Office 64 du dernier trimestre 2015, je constate que d&rsquo;autres jardins partag\u00e9s ont vu le jour sous l&rsquo;\u00e9gide de cet organisme : Biarritz La N\u00e9gresse,\u00a0 \u00a0 Boucau Hur\u00e9ous, Hendaye Gastalgnade. L&rsquo;action municipale s&rsquo;inscrit bien dans une volont\u00e9 g\u00e9n\u00e9rale \u00e0 la fois \u00e9cologique et sociale&#8230;<\/span><\/p>\n<p style=\"text-align: justify;\"><span style=\"color: #000000;\">\u00a0<a style=\"color: #000000;\" href=\"https:\/\/libre-cueillette.net\/wp-content\/uploads\/a20180627_142107.jpg\"><img loading=\"lazy\" decoding=\"async\" class=\"alignleft\" src=\"https:\/\/libre-cueillette.net\/wp-content\/uploads\/a20180627_142107-300x120.jpg\" alt=\"a20180627_142107\" width=\"300\" height=\"120\" \/><\/a>En pr\u00e9vision des nouvelles animations que Libre Cueillette va mener \u00e0 partir de septembre aux Terrasses de l&rsquo;Avenue sous l&rsquo;\u00e9gide du Comit\u00e9 Ouvrier du Logement (COL), je photographie les astuces de r\u00e9cup&rsquo; et les recettes de produits d&rsquo;entretien et de cosm\u00e9tiques \u00e0 fabriquer soi-m\u00eame : confection de sac \u00e0 partir d&rsquo;un teeshirt usag\u00e9, fabrication de lessive maison, de baume \u00e0 l\u00e8vres&#8230;<\/span><\/p>\n<p style=\"text-align: justify;\"><a href=\"https:\/\/libre-cueillette.net\/wp-content\/uploads\/b20180627_142031.jpg\"><img loading=\"lazy\" decoding=\"async\" class=\"alignnone wp-image-1992 size-medium\" src=\"https:\/\/libre-cueillette.net\/wp-content\/uploads\/b20180627_142031-206x300.jpg\" alt=\"b20180627_142031\" width=\"206\" height=\"300\" srcset=\"https:\/\/libre-cueillette.net\/wp-content\/uploads\/b20180627_142031-206x300.jpg 206w, https:\/\/libre-cueillette.net\/wp-content\/uploads\/b20180627_142031.jpg 549w\" sizes=\"auto, (max-width: 206px) 100vw, 206px\" \/><\/a> <a href=\"https:\/\/libre-cueillette.net\/wp-content\/uploads\/b20180627_141908.jpg\"><img loading=\"lazy\" decoding=\"async\" class=\"alignnone wp-image-1987 size-medium\" src=\"https:\/\/libre-cueillette.net\/wp-content\/uploads\/b20180627_141908-214x300.jpg\" alt=\"b20180627_141908\" width=\"214\" height=\"300\" srcset=\"https:\/\/libre-cueillette.net\/wp-content\/uploads\/b20180627_141908-214x300.jpg 214w, https:\/\/libre-cueillette.net\/wp-content\/uploads\/b20180627_141908.jpg 571w\" sizes=\"auto, (max-width: 214px) 100vw, 214px\" \/><\/a> <a href=\"https:\/\/libre-cueillette.net\/wp-content\/uploads\/b20180627_141924.jpg\"><img loading=\"lazy\" decoding=\"async\" class=\"alignnone wp-image-1988 size-medium\" src=\"https:\/\/libre-cueillette.net\/wp-content\/uploads\/b20180627_141924-201x300.jpg\" alt=\"b20180627_141924\" width=\"201\" height=\"300\" srcset=\"https:\/\/libre-cueillette.net\/wp-content\/uploads\/b20180627_141924-201x300.jpg 201w, https:\/\/libre-cueillette.net\/wp-content\/uploads\/b20180627_141924.jpg 537w\" sizes=\"auto, (max-width: 201px) 100vw, 201px\" \/><\/a> <a href=\"https:\/\/libre-cueillette.net\/wp-content\/uploads\/b20180627_141955.jpg\"><img loading=\"lazy\" decoding=\"async\" class=\"alignnone wp-image-1989 size-medium\" src=\"https:\/\/libre-cueillette.net\/wp-content\/uploads\/b20180627_141955-169x300.jpg\" alt=\"b20180627_141955\" width=\"169\" height=\"300\" srcset=\"https:\/\/libre-cueillette.net\/wp-content\/uploads\/b20180627_141955-169x300.jpg 169w, https:\/\/libre-cueillette.net\/wp-content\/uploads\/b20180627_141955.jpg 225w\" sizes=\"auto, (max-width: 169px) 100vw, 169px\" \/><\/a>\u00a0 <a href=\"https:\/\/libre-cueillette.net\/wp-content\/uploads\/b20180627_142010.jpg\"><img loading=\"lazy\" decoding=\"async\" class=\"alignnone wp-image-1990 size-medium\" src=\"https:\/\/libre-cueillette.net\/wp-content\/uploads\/b20180627_142010-169x300.jpg\" alt=\"b20180627_142010\" width=\"169\" height=\"300\" srcset=\"https:\/\/libre-cueillette.net\/wp-content\/uploads\/b20180627_142010-169x300.jpg 169w, https:\/\/libre-cueillette.net\/wp-content\/uploads\/b20180627_142010.jpg 225w\" sizes=\"auto, (max-width: 169px) 100vw, 169px\" \/><\/a>\u00a0 <a href=\"https:\/\/libre-cueillette.net\/wp-content\/uploads\/b20180627_142017.jpg\"><img loading=\"lazy\" decoding=\"async\" class=\"alignnone size-medium wp-image-1991\" src=\"https:\/\/libre-cueillette.net\/wp-content\/uploads\/b20180627_142017-141x300.jpg\" alt=\"b20180627_142017\" width=\"141\" height=\"300\" srcset=\"https:\/\/libre-cueillette.net\/wp-content\/uploads\/b20180627_142017-141x300.jpg 141w, https:\/\/libre-cueillette.net\/wp-content\/uploads\/b20180627_142017.jpg 235w\" sizes=\"auto, (max-width: 141px) 100vw, 141px\" \/><\/a><a href=\"https:\/\/libre-cueillette.net\/wp-content\/uploads\/a20180627_141938.jpg\">\u00a0 <img loading=\"lazy\" decoding=\"async\" class=\"alignnone wp-image-1983 size-medium\" src=\"https:\/\/libre-cueillette.net\/wp-content\/uploads\/a20180627_141938-300x279.jpg\" alt=\"a20180627_141938\" width=\"300\" height=\"279\" srcset=\"https:\/\/libre-cueillette.net\/wp-content\/uploads\/a20180627_141938-300x279.jpg 300w, https:\/\/libre-cueillette.net\/wp-content\/uploads\/a20180627_141938.jpg 350w\" sizes=\"auto, (max-width: 300px) 100vw, 300px\" \/><\/a><\/p>\n<p><span style=\"color: #000000;\"><strong>Photos prises le 3 juillet<\/strong><\/span><\/p>\n<p><a href=\"https:\/\/libre-cueillette.net\/wp-content\/uploads\/a20180703_164117.jpg\"><img loading=\"lazy\" decoding=\"async\" class=\"alignnone size-medium wp-image-2027\" src=\"https:\/\/libre-cueillette.net\/wp-content\/uploads\/a20180703_164117-300x169.jpg\" alt=\"a20180703_164117\" width=\"300\" height=\"169\" srcset=\"https:\/\/libre-cueillette.net\/wp-content\/uploads\/a20180703_164117-300x169.jpg 300w, https:\/\/libre-cueillette.net\/wp-content\/uploads\/a20180703_164117-768x432.jpg 768w, https:\/\/libre-cueillette.net\/wp-content\/uploads\/a20180703_164117.jpg 1000w\" sizes=\"auto, (max-width: 300px) 100vw, 300px\" \/><\/a> <a href=\"https:\/\/libre-cueillette.net\/wp-content\/uploads\/a20180703_164215.jpg\"><img loading=\"lazy\" decoding=\"async\" class=\"alignnone size-medium wp-image-2028\" src=\"https:\/\/libre-cueillette.net\/wp-content\/uploads\/a20180703_164215-300x169.jpg\" alt=\"a20180703_164215\" width=\"300\" height=\"169\" srcset=\"https:\/\/libre-cueillette.net\/wp-content\/uploads\/a20180703_164215-300x169.jpg 300w, https:\/\/libre-cueillette.net\/wp-content\/uploads\/a20180703_164215-768x432.jpg 768w, https:\/\/libre-cueillette.net\/wp-content\/uploads\/a20180703_164215.jpg 1000w\" sizes=\"auto, (max-width: 300px) 100vw, 300px\" \/><\/a><\/p>\n<p>&nbsp;<\/p>\n<p>&nbsp;<\/p>\n<p>&nbsp;<\/p>\n","protected":false},"excerpt":{"rendered":"<p>C&rsquo;est \u00e0 la r\u00e9sidence Lesp\u00e8s, dans le quartier Montbrun, que la Ville d\u2019Anglet par le biais de son service Jeunesse pr\u00e9pare la cr\u00e9ation d\u2019un futur Jardin partag\u00e9. Paul Michallon, l\u2019animateur Jeunesse de la ville, propose \u00e0 notre association Libre Cueillette<\/p>\n","protected":false},"author":1,"featured_media":0,"comment_status":"open","ping_status":"open","sticky":false,"template":"","format":"standard","meta":{"footnotes":""},"categories":[274],"tags":[263],"class_list":["post-1977","post","type-post","status-publish","format-standard","hentry","category-lespes","tag-263"],"_links":{"self":[{"href":"https:\/\/libre-cueillette.net\/index.php\/wp-json\/wp\/v2\/posts\/1977","targetHints":{"allow":["GET"]}}],"collection":[{"href":"https:\/\/libre-cueillette.net\/index.php\/wp-json\/wp\/v2\/posts"}],"about":[{"href":"https:\/\/libre-cueillette.net\/index.php\/wp-json\/wp\/v2\/types\/post"}],"author":[{"embeddable":true,"href":"https:\/\/libre-cueillette.net\/index.php\/wp-json\/wp\/v2\/users\/1"}],"replies":[{"embeddable":true,"href":"https:\/\/libre-cueillette.net\/index.php\/wp-json\/wp\/v2\/comments?post=1977"}],"version-history":[{"count":34,"href":"https:\/\/libre-cueillette.net\/index.php\/wp-json\/wp\/v2\/posts\/1977\/revisions"}],"predecessor-version":[{"id":2521,"href":"https:\/\/libre-cueillette.net\/index.php\/wp-json\/wp\/v2\/posts\/1977\/revisions\/2521"}],"wp:attachment":[{"href":"https:\/\/libre-cueillette.net\/index.php\/wp-json\/wp\/v2\/media?parent=1977"}],"wp:term":[{"taxonomy":"category","embeddable":true,"href":"https:\/\/libre-cueillette.net\/index.php\/wp-json\/wp\/v2\/categories?post=1977"},{"taxonomy":"post_tag","embeddable":true,"href":"https:\/\/libre-cueillette.net\/index.php\/wp-json\/wp\/v2\/tags?post=1977"}],"curies":[{"name":"wp","href":"https:\/\/api.w.org\/{rel}","templated":true}]}}