{"id":2054,"date":"2018-08-08T17:15:05","date_gmt":"2018-08-08T16:15:05","guid":{"rendered":"http:\/\/libre-cueillette.net\/?p=2054"},"modified":"2018-11-17T11:25:26","modified_gmt":"2018-11-17T10:25:26","slug":"surprise-ou-les-merveilles-du-jardin-des-etoiles","status":"publish","type":"post","link":"https:\/\/libre-cueillette.net\/index.php\/2018\/08\/08\/surprise-ou-les-merveilles-du-jardin-des-etoiles\/","title":{"rendered":"Surprise ou les merveilles du jardin des \u00e9toiles"},"content":{"rendered":"<p style=\"text-align: justify;\"><a href=\"https:\/\/libre-cueillette.net\/wp-content\/uploads\/a20180707_140555.jpg\"><img loading=\"lazy\" decoding=\"async\" class=\"size-medium wp-image-2055 alignleft\" src=\"https:\/\/libre-cueillette.net\/wp-content\/uploads\/a20180707_140555-300x233.jpg\" alt=\"a20180707_140555\" width=\"300\" height=\"233\" srcset=\"https:\/\/libre-cueillette.net\/wp-content\/uploads\/a20180707_140555-300x233.jpg 300w, https:\/\/libre-cueillette.net\/wp-content\/uploads\/a20180707_140555-768x595.jpg 768w, https:\/\/libre-cueillette.net\/wp-content\/uploads\/a20180707_140555.jpg 800w\" sizes=\"auto, (max-width: 300px) 100vw, 300px\" \/><\/a><span style=\"color: #000000;\">Non, non, ces deux adorables petits h\u00e9rissons ne sont pas les auxiliaires des jardiniers des Terrasses ! Peut-\u00eatre un jour y en aura-t-il ? Le 7 juillet dernier, ils farfouillaient bruyamment en poussant de petits cris aigus dans le parterre des aromatiques du jardin de Tivoli qui est cultiv\u00e9 par une dizaine d&rsquo;adh\u00e9rents de l&rsquo;Universit\u00e9 du Temps Libre d&rsquo;Anglet dans le cadre de son atelier Jardinage et Botanique.<\/span><\/p>\n<p style=\"text-align: justify;\"><span style=\"color: #000000;\"><a style=\"color: #000000;\" href=\"https:\/\/libre-cueillette.net\/wp-content\/uploads\/b20180807_152630.jpg\"><img loading=\"lazy\" decoding=\"async\" class=\"size-medium wp-image-2059 alignright\" src=\"https:\/\/libre-cueillette.net\/wp-content\/uploads\/b20180807_152630-199x300.jpg\" alt=\"b20180807_152630\" width=\"199\" height=\"300\" srcset=\"https:\/\/libre-cueillette.net\/wp-content\/uploads\/b20180807_152630-199x300.jpg 199w, https:\/\/libre-cueillette.net\/wp-content\/uploads\/b20180807_152630.jpg 530w\" sizes=\"auto, (max-width: 199px) 100vw, 199px\" \/><\/a>Par contre, ce magnifique artichaut en fleur a bien \u00e9t\u00e9 photographi\u00e9 par Sonia au jardin des \u00e9toiles. Si l&rsquo;association Libre Cueillette est encore pr\u00e9sente cet \u00e9t\u00e9 aux Terrasses de l&rsquo;Avenue, c&rsquo;est qu&rsquo;il a \u00e9t\u00e9 d\u00e9cid\u00e9, lors de la r\u00e9union du 2 juillet avec les responsables du Comit\u00e9 Ouvrier du Logement (COL) qui supervisent ces actions, de proroger d&rsquo;un an la convention\u00a0 jusqu&rsquo;en juin 2019. <a style=\"color: #000000;\" href=\"https:\/\/libre-cueillette.net\/wp-content\/uploads\/b20180807_152136.jpg\"><img loading=\"lazy\" decoding=\"async\" class=\"size-medium wp-image-2058 alignleft\" src=\"https:\/\/libre-cueillette.net\/wp-content\/uploads\/b20180807_152136-169x300.jpg\" alt=\"b20180807_152136\" width=\"169\" height=\"300\" srcset=\"https:\/\/libre-cueillette.net\/wp-content\/uploads\/b20180807_152136-169x300.jpg 169w, https:\/\/libre-cueillette.net\/wp-content\/uploads\/b20180807_152136.jpg 450w\" sizes=\"auto, (max-width: 169px) 100vw, 169px\" \/><\/a>En effet, l&rsquo;objectif est de rendre bien p\u00e9rennes ces activit\u00e9s men\u00e9es par les r\u00e9sidents amateurs de jardinage, aid\u00e9s de leurs voisins qui contribuent \u00e0 l&rsquo;alimentation du compost ou au bricolage d&rsquo;accessoires&#8230; ou encore au soutien moral en venant admirer les productions et bavarder un moment.<\/span><\/p>\n<p style=\"text-align: justify;\"><span style=\"color: #000000;\">Les deux terrasses ont d\u00e9sormais chacune leur style, en fonction des \u00e9quipes qui les jardinent. L&rsquo;une exp\u00e9rimente la biodiversit\u00e9 en faisant voisiner divers l\u00e9gumes et fruitiers avec quelques sauvages apport\u00e9es par le vent, les oiseaux ou les insectes, \u00e0 moins que leurs graines n&rsquo;aient \u00e9t\u00e9 enfouies dans la terre, attendant patiemment le moment propice pour germer. <a style=\"color: #000000;\" href=\"https:\/\/libre-cueillette.net\/wp-content\/uploads\/a20180807_152435.jpg\"><img loading=\"lazy\" decoding=\"async\" class=\"size-medium wp-image-2057 alignright\" src=\"https:\/\/libre-cueillette.net\/wp-content\/uploads\/a20180807_152435-300x268.jpg\" alt=\"a20180807_152435\" width=\"300\" height=\"268\" srcset=\"https:\/\/libre-cueillette.net\/wp-content\/uploads\/a20180807_152435-300x268.jpg 300w, https:\/\/libre-cueillette.net\/wp-content\/uploads\/a20180807_152435-768x686.jpg 768w, https:\/\/libre-cueillette.net\/wp-content\/uploads\/a20180807_152435.jpg 800w\" sizes=\"auto, (max-width: 300px) 100vw, 300px\" \/><\/a>L&rsquo;arrosage est rationn\u00e9, mais la terre recouverte de paillis pour maintenir l&rsquo;humidit\u00e9 autour des plantes cultiv\u00e9es. Elles doivent apprendre \u00e0 se contenter de l&rsquo;eau qui tombe du ciel ! L&rsquo;autre terrasse est plus traditionnelle, avec des carr\u00e9s ou des planches aux sillons parall\u00e8les pour chaque vari\u00e9t\u00e9 copieusement arros\u00e9e d\u00e8s 7 heures chaque matin. On aper\u00e7oit de loin une arche bien camp\u00e9e pour supporter l&rsquo;ascension des haricots qui produisent de longues gousses savoureuses. Leurs rames doivent \u00eatre tress\u00e9es car elles cherchent sans cesse \u00e0 grimper plus haut, bien au-del\u00e0 du portique.<br \/>\n<\/span><\/p>\n<p style=\"text-align: justify;\"><span style=\"color: #000000;\">Les composteurs sont en planches ajour\u00e9es si bien que, parfois, des d\u00e9chets v\u00e9g\u00e9taux s&rsquo;offrent une deuxi\u00e8me vie. L&rsquo;une de ces graines a si bien germ\u00e9 que la jeune pousse s&rsquo;est insinu\u00e9e entre les planches pour s&rsquo;offrir plus de lumi\u00e8re. <a style=\"color: #000000;\" href=\"https:\/\/libre-cueillette.net\/wp-content\/uploads\/a20180807_152119.jpg\"><img loading=\"lazy\" decoding=\"async\" class=\"size-medium wp-image-2056 alignleft\" src=\"https:\/\/libre-cueillette.net\/wp-content\/uploads\/a20180807_152119-300x169.jpg\" alt=\"a20180807_152119\" width=\"300\" height=\"169\" srcset=\"https:\/\/libre-cueillette.net\/wp-content\/uploads\/a20180807_152119-300x169.jpg 300w, https:\/\/libre-cueillette.net\/wp-content\/uploads\/a20180807_152119-768x432.jpg 768w, https:\/\/libre-cueillette.net\/wp-content\/uploads\/a20180807_152119.jpg 800w\" sizes=\"auto, (max-width: 300px) 100vw, 300px\" \/><\/a>Un dr\u00f4le de fruit poilu est apparu, un renflement vert. \u00c9tait-ce une courge, une aubergine, un potimarron ? Non ! En grossissant, le fruit s&rsquo;est av\u00e9r\u00e9 \u00eatre un melon ! Et la pousse se prolongeant chaque jour un peu plus a fini par d\u00e9passer le m\u00e8tre, et une kyrielle d&rsquo;autres fruits s&rsquo;est mise \u00e0 poindre \u00e0 son tour. Quel r\u00e9gal en perspective&#8230;!<\/span><\/p>\n<p style=\"text-align: justify;\"><span style=\"color: #000000;\">Un jour, peut-\u00eatre verra-t-on une zyg\u00e8ne, un phasme, des petits passereaux en train de picorer les graines des gramin\u00e9es ou encore une mirabelle oubli\u00e9e sur un rameau, comme dans ce jardin semi-sauvage de la Tour de Lannes ?<\/span><\/p>\n<p style=\"text-align: center;\"><span style=\"color: #000000;\"><div id=\"metaslider-id-2064\" style=\"max-width: 800px;\" class=\"ml-slider-3-108-0 metaslider metaslider-nivo metaslider-2064 ml-slider has-dots-nav ms-theme-default\" role=\"region\" aria-label=\"lannes_oiseaux\" data-height=\"600\" data-width=\"800\">\n    <div id=\"metaslider_container_2064\">\n        <div class='slider-wrapper theme-default'><div class='ribbon'><\/div><div id='metaslider_2064' class='nivoSlider'><img loading=\"lazy\" decoding=\"async\" src=\"https:\/\/libre-cueillette.net\/wp-content\/uploads\/aDSC06779.jpg\" height=\"600\" width=\"800\" title=\"aDSC06779\" alt=\"\" class=\"slider-2064 slide-2073 msDefaultImage\" \/><img loading=\"lazy\" decoding=\"async\" src=\"https:\/\/libre-cueillette.net\/wp-content\/uploads\/aDSC06780.jpg\" height=\"600\" width=\"800\" title=\"aDSC06780\" alt=\"\" class=\"slider-2064 slide-2074 msDefaultImage\" \/><img loading=\"lazy\" decoding=\"async\" src=\"https:\/\/libre-cueillette.net\/wp-content\/uploads\/aDSC06789.jpg\" height=\"600\" width=\"800\" title=\"aDSC06789\" alt=\"\" class=\"slider-2064 slide-2075 msDefaultImage\" \/><img loading=\"lazy\" decoding=\"async\" src=\"https:\/\/libre-cueillette.net\/wp-content\/uploads\/aDSC06796.jpg\" height=\"600\" width=\"800\" title=\"aDSC06796\" alt=\"\" class=\"slider-2064 slide-2076 msDefaultImage\" \/><img loading=\"lazy\" decoding=\"async\" src=\"https:\/\/libre-cueillette.net\/wp-content\/uploads\/aDSC07008.jpg\" height=\"600\" width=\"800\" title=\"aDSC07008\" alt=\"\" class=\"slider-2064 slide-2077 msDefaultImage\" \/><img loading=\"lazy\" decoding=\"async\" src=\"https:\/\/libre-cueillette.net\/wp-content\/uploads\/aDSC07011.jpg\" height=\"600\" width=\"800\" title=\"aDSC07011\" alt=\"\" class=\"slider-2064 slide-2078 msDefaultImage\" \/><img loading=\"lazy\" decoding=\"async\" src=\"https:\/\/libre-cueillette.net\/wp-content\/uploads\/aDSC07013.jpg\" height=\"600\" width=\"800\" title=\"aDSC07013\" alt=\"\" class=\"slider-2064 slide-2079 msDefaultImage\" \/><img loading=\"lazy\" decoding=\"async\" src=\"https:\/\/libre-cueillette.net\/wp-content\/uploads\/aDSC07014.jpg\" height=\"600\" width=\"800\" title=\"aDSC07014\" alt=\"\" class=\"slider-2064 slide-2080 msDefaultImage\" \/><\/div><\/div>\n        \n    <\/div>\n<\/div><\/span><\/p>\n<p style=\"text-align: center;\"><a href=\"https:\/\/libre-cueillette.net\/wp-content\/uploads\/aDSC06771.jpg\"><img loading=\"lazy\" decoding=\"async\" class=\"alignnone size-medium wp-image-2081\" src=\"https:\/\/libre-cueillette.net\/wp-content\/uploads\/aDSC06771-300x275.jpg\" alt=\"aDSC06771\" width=\"300\" height=\"275\" srcset=\"https:\/\/libre-cueillette.net\/wp-content\/uploads\/aDSC06771-300x275.jpg 300w, https:\/\/libre-cueillette.net\/wp-content\/uploads\/aDSC06771-768x703.jpg 768w, https:\/\/libre-cueillette.net\/wp-content\/uploads\/aDSC06771.jpg 800w\" sizes=\"auto, (max-width: 300px) 100vw, 300px\" \/><\/a> <a href=\"https:\/\/libre-cueillette.net\/wp-content\/uploads\/aDSC06774.jpg\"><img loading=\"lazy\" decoding=\"async\" class=\"alignnone size-medium wp-image-2082\" src=\"https:\/\/libre-cueillette.net\/wp-content\/uploads\/aDSC06774-300x225.jpg\" alt=\"aDSC06774\" width=\"300\" height=\"225\" srcset=\"https:\/\/libre-cueillette.net\/wp-content\/uploads\/aDSC06774-300x225.jpg 300w, https:\/\/libre-cueillette.net\/wp-content\/uploads\/aDSC06774-768x576.jpg 768w, https:\/\/libre-cueillette.net\/wp-content\/uploads\/aDSC06774.jpg 800w\" sizes=\"auto, (max-width: 300px) 100vw, 300px\" \/><\/a> <a href=\"https:\/\/libre-cueillette.net\/wp-content\/uploads\/bDSC06769.jpg\"><img loading=\"lazy\" decoding=\"async\" class=\"alignnone size-medium wp-image-2083\" src=\"https:\/\/libre-cueillette.net\/wp-content\/uploads\/bDSC06769-226x300.jpg\" alt=\"bDSC06769\" width=\"226\" height=\"300\" srcset=\"https:\/\/libre-cueillette.net\/wp-content\/uploads\/bDSC06769-226x300.jpg 226w, https:\/\/libre-cueillette.net\/wp-content\/uploads\/bDSC06769.jpg 602w\" sizes=\"auto, (max-width: 226px) 100vw, 226px\" \/><\/a><\/p>\n<p style=\"text-align: justify;\">\n","protected":false},"excerpt":{"rendered":"<p>Non, non, ces deux adorables petits h\u00e9rissons ne sont pas les auxiliaires des jardiniers des Terrasses ! Peut-\u00eatre un jour y en aura-t-il ? Le 7 juillet dernier, ils farfouillaient bruyamment en poussant de petits cris aigus dans le parterre<\/p>\n","protected":false},"author":1,"featured_media":0,"comment_status":"open","ping_status":"open","sticky":false,"template":"","format":"standard","meta":{"footnotes":""},"categories":[273],"tags":[263],"class_list":["post-2054","post","type-post","status-publish","format-standard","hentry","category-terrasses-de-l-avenue","tag-263"],"_links":{"self":[{"href":"https:\/\/libre-cueillette.net\/index.php\/wp-json\/wp\/v2\/posts\/2054","targetHints":{"allow":["GET"]}}],"collection":[{"href":"https:\/\/libre-cueillette.net\/index.php\/wp-json\/wp\/v2\/posts"}],"about":[{"href":"https:\/\/libre-cueillette.net\/index.php\/wp-json\/wp\/v2\/types\/post"}],"author":[{"embeddable":true,"href":"https:\/\/libre-cueillette.net\/index.php\/wp-json\/wp\/v2\/users\/1"}],"replies":[{"embeddable":true,"href":"https:\/\/libre-cueillette.net\/index.php\/wp-json\/wp\/v2\/comments?post=2054"}],"version-history":[{"count":6,"href":"https:\/\/libre-cueillette.net\/index.php\/wp-json\/wp\/v2\/posts\/2054\/revisions"}],"predecessor-version":[{"id":2085,"href":"https:\/\/libre-cueillette.net\/index.php\/wp-json\/wp\/v2\/posts\/2054\/revisions\/2085"}],"wp:attachment":[{"href":"https:\/\/libre-cueillette.net\/index.php\/wp-json\/wp\/v2\/media?parent=2054"}],"wp:term":[{"taxonomy":"category","embeddable":true,"href":"https:\/\/libre-cueillette.net\/index.php\/wp-json\/wp\/v2\/categories?post=2054"},{"taxonomy":"post_tag","embeddable":true,"href":"https:\/\/libre-cueillette.net\/index.php\/wp-json\/wp\/v2\/tags?post=2054"}],"curies":[{"name":"wp","href":"https:\/\/api.w.org\/{rel}","templated":true}]}}