{"id":238,"date":"2016-04-06T17:22:51","date_gmt":"2016-04-06T16:22:51","guid":{"rendered":"http:\/\/libre-cueillette.net\/?p=238"},"modified":"2018-11-17T12:28:06","modified_gmt":"2018-11-17T11:28:06","slug":"semis-et-boutures","status":"publish","type":"post","link":"https:\/\/libre-cueillette.net\/index.php\/2016\/04\/06\/semis-et-boutures\/","title":{"rendered":"Semis et boutures"},"content":{"rendered":"<p><span style=\"color: #000000;\">C\u00e9dric Constant, apr\u00e8s son exp\u00e9rience agricole \u00e0 Tenerife, entreprend de convertir le jardin de sa m\u00e8re en aire productive.<\/span><\/p>\n<p><!--more--><\/p>\n<div id=\"metaslider-id-240\" style=\"max-width: 600px;\" class=\"ml-slider-3-108-0 metaslider metaslider-nivo metaslider-240 ml-slider has-dots-nav ms-theme-default\" role=\"region\" aria-label=\"Semis Tour de Lannes\" data-height=\"450\" data-width=\"600\">\n    <div id=\"metaslider_container_240\">\n        <div class='slider-wrapper theme-default'><div class='ribbon'><\/div><div id='metaslider_240' class='nivoSlider'><img loading=\"lazy\" decoding=\"async\" src=\"https:\/\/libre-cueillette.net\/wp-content\/uploads\/DSC06301.jpg\" height=\"450\" width=\"600\" data-caption=\"Pommes de terre sem&eacute;es dans des pots sur la terrasse\" alt=\"\" class=\"slider-240 slide-241 msDefaultImage\" \/><img loading=\"lazy\" decoding=\"async\" src=\"https:\/\/libre-cueillette.net\/wp-content\/uploads\/DSC06302.jpg\" height=\"450\" width=\"600\" data-caption=\"&Eacute;claircissement de la calendula qui s&#039;est ressem&eacute;e trop serr&eacute;\" alt=\"\" class=\"slider-240 slide-242 msDefaultImage\" \/><img loading=\"lazy\" decoding=\"async\" src=\"https:\/\/libre-cueillette.net\/wp-content\/uploads\/DSC06303.jpg\" height=\"450\" width=\"600\" data-caption=\"Transplantation d&#039;un avocatier qui a pris racine pr&egrave;s du bac &agrave; compost\" alt=\"\" class=\"slider-240 slide-243 msDefaultImage\" \/><img loading=\"lazy\" decoding=\"async\" src=\"https:\/\/libre-cueillette.net\/wp-content\/uploads\/DSC06304.jpg\" height=\"450\" width=\"600\" data-caption=\"Semis dans tous les r&eacute;cipients disponibles\" alt=\"\" class=\"slider-240 slide-244 msDefaultImage\" \/><img loading=\"lazy\" decoding=\"async\" src=\"https:\/\/libre-cueillette.net\/wp-content\/uploads\/DSC06305.jpg\" height=\"450\" width=\"600\" data-caption=\"Trois cartons de semences dans les bagages\" alt=\"\" class=\"slider-240 slide-245 msDefaultImage\" \/><img loading=\"lazy\" decoding=\"async\" src=\"https:\/\/libre-cueillette.net\/wp-content\/uploads\/DSC06306.jpg\" height=\"450\" width=\"600\" data-caption=\"Semis pr&egrave;s du parterre envahi par la sauge\" alt=\"\" class=\"slider-240 slide-246 msDefaultImage\" \/><img loading=\"lazy\" decoding=\"async\" src=\"https:\/\/libre-cueillette.net\/wp-content\/uploads\/DSC06311.jpg\" height=\"450\" width=\"600\" data-caption=\"Le parterre de semis s&#039;agrandit\" alt=\"\" class=\"slider-240 slide-258 msDefaultImage\" \/><img loading=\"lazy\" decoding=\"async\" src=\"https:\/\/libre-cueillette.net\/wp-content\/uploads\/paille_DSC06349-500x375.jpg\" height=\"450\" width=\"600\" data-caption=\"R&eacute;cup&eacute;ration familiale de paille et de foin &agrave; demi-d&eacute;compos&eacute; en terreau\" alt=\"\" class=\"slider-240 slide-283 msDefaultImage\" \/><img loading=\"lazy\" decoding=\"async\" src=\"https:\/\/libre-cueillette.net\/wp-content\/uploads\/paille_DSC06348-500x375.jpg\" height=\"450\" width=\"600\" data-caption=\"R&eacute;cup&eacute;ration familiale de paille et de foin &agrave; demi-d&eacute;compos&eacute; en terreau\" alt=\"\" class=\"slider-240 slide-282 msDefaultImage\" \/><img loading=\"lazy\" decoding=\"async\" src=\"https:\/\/libre-cueillette.net\/wp-content\/uploads\/fumier_DSC06375.jpg\" height=\"450\" width=\"600\" data-caption=\"Ajout de fumier de cheval sur les futurs parterres du potager\" alt=\"\" class=\"slider-240 slide-281 msDefaultImage\" \/><img loading=\"lazy\" decoding=\"async\" src=\"https:\/\/libre-cueillette.net\/wp-content\/uploads\/treillis_DSC06373.jpg\" height=\"450\" width=\"600\" data-caption=\"Treillis en rameaux souples de laurier-sauce\" alt=\"\" class=\"slider-240 slide-284 msDefaultImage\" \/><img loading=\"lazy\" decoding=\"async\" src=\"https:\/\/libre-cueillette.net\/wp-content\/uploads\/tuteurs_DSC06374.jpg\" height=\"450\" width=\"600\" data-caption=\"Tuteurs pour les framboisiers et les futures courgettes\" alt=\"\" class=\"slider-240 slide-285 msDefaultImage\" \/><img loading=\"lazy\" decoding=\"async\" src=\"https:\/\/libre-cueillette.net\/wp-content\/uploads\/recup_DSC06376-264x197.jpg\" height=\"450\" width=\"600\" data-caption=\"R&eacute;cup&eacute;ration d&#039;un grand chauffe-eau pour collecter l&#039;eau de pluie par la goutti&egrave;re\" alt=\"\" class=\"slider-240 slide-286 msDefaultImage\" \/><\/div><\/div>\n        \n    <\/div>\n<\/div>\n<p><img loading=\"lazy\" decoding=\"async\" class=\"size-medium wp-image-259 alignleft\" src=\"https:\/\/libre-cueillette.net\/wp-content\/uploads\/DSC06312-265x300.jpg\" alt=\"DSC06312\" width=\"265\" height=\"300\" srcset=\"https:\/\/libre-cueillette.net\/wp-content\/uploads\/DSC06312-265x300.jpg 265w, https:\/\/libre-cueillette.net\/wp-content\/uploads\/DSC06312-768x871.jpg 768w, https:\/\/libre-cueillette.net\/wp-content\/uploads\/DSC06312-903x1024.jpg 903w, https:\/\/libre-cueillette.net\/wp-content\/uploads\/DSC06312.jpg 1200w\" sizes=\"auto, (max-width: 265px) 100vw, 265px\" \/><\/p>\n<p style=\"text-align: justify;\"><span style=\"color: #000000;\">Il dessine un plan pour s&rsquo;y retrouver et se souvenir de ce qui a \u00e9t\u00e9 sem\u00e9: roquette, coriandre, m\u00e9li-m\u00e9lo de laitues, persil, potimarron, basilic, cumin, concombre, courgette noire, salade de Tenerife, \u00e9pinard, blette de Tenerife, ma\u00efs du P\u00e9rou aux grains g\u00e9ants, tomate c\u0153ur de b\u0153uf, radis, carottes&#8230;<\/span><\/p>\n<p style=\"text-align: justify;\"><span style=\"color: #000000;\">La taille de la sauge, dont l&rsquo;amplitude a \u00e9t\u00e9 r\u00e9duite pour faire place aux futurs plants, est mise \u00e0 profit pour pr\u00e9parer quelques boutures qui seront \u00e9chang\u00e9es lors de la bourse aux plantes du 4 mai \u00e0 l&rsquo;UTLA.<\/span><\/p>\n<p style=\"text-align: justify;\"><span style=\"color: #000000;\">Le terreau est extrait du sous-bois au fond du jardin, les feuilles mortes du ch\u00eane ayant constitu\u00e9, ann\u00e9e apr\u00e8s ann\u00e9e, une bonne \u00e9paisseur d&rsquo;humus.<\/span><\/p>\n<p style=\"text-align: justify;\"><span style=\"color: #000000;\">Le 9 avril, de nouveaux semis sont r\u00e9alis\u00e9s : piment de Padron, haricot vert long (plante basse), marjolaine, m\u00e2che, aillet pour la salade, moutarde, physalis, piment, haricot grain, tournesol, ma\u00efs, chou-rave&#8230;<\/span><\/p>\n<p style=\"text-align: justify;\">Le 24 avril, r\u00e9cup\u00e9ration de paille et foin \u00e0 demi-d\u00e9compos\u00e9 en terreau apr\u00e8s avoir emport\u00e9 un grand chauffe-eau d\u00e9saffect\u00e9 pour recueillir l&rsquo;eau de pluie.<\/p>\n<p style=\"text-align: justify;\">Le 27 avril, collecte de fumier de cheval.<\/p>\n<p style=\"text-align: justify;\">Le 29 avril, coupe de laurier-sauce au fond du jardin dont les plus grosses branches serviront de tuteurs aux framboisiers et futures courgettes et les plus fines seront tress\u00e9es pour entourer les parterres du potager.<\/p>\n","protected":false},"excerpt":{"rendered":"<p>C\u00e9dric Constant, apr\u00e8s son exp\u00e9rience agricole \u00e0 Tenerife, entreprend de convertir le jardin de sa m\u00e8re en aire productive.<\/p>\n","protected":false},"author":1,"featured_media":0,"comment_status":"open","ping_status":"open","sticky":false,"template":"","format":"standard","meta":{"footnotes":""},"categories":[4],"tags":[276,79,81,21,78,80],"class_list":["post-238","post","type-post","status-publish","format-standard","hentry","category-realisations","tag-276","tag-boutures","tag-humus","tag-plantes-comestibles","tag-semis","tag-taille"],"_links":{"self":[{"href":"https:\/\/libre-cueillette.net\/index.php\/wp-json\/wp\/v2\/posts\/238","targetHints":{"allow":["GET"]}}],"collection":[{"href":"https:\/\/libre-cueillette.net\/index.php\/wp-json\/wp\/v2\/posts"}],"about":[{"href":"https:\/\/libre-cueillette.net\/index.php\/wp-json\/wp\/v2\/types\/post"}],"author":[{"embeddable":true,"href":"https:\/\/libre-cueillette.net\/index.php\/wp-json\/wp\/v2\/users\/1"}],"replies":[{"embeddable":true,"href":"https:\/\/libre-cueillette.net\/index.php\/wp-json\/wp\/v2\/comments?post=238"}],"version-history":[{"count":13,"href":"https:\/\/libre-cueillette.net\/index.php\/wp-json\/wp\/v2\/posts\/238\/revisions"}],"predecessor-version":[{"id":287,"href":"https:\/\/libre-cueillette.net\/index.php\/wp-json\/wp\/v2\/posts\/238\/revisions\/287"}],"wp:attachment":[{"href":"https:\/\/libre-cueillette.net\/index.php\/wp-json\/wp\/v2\/media?parent=238"}],"wp:term":[{"taxonomy":"category","embeddable":true,"href":"https:\/\/libre-cueillette.net\/index.php\/wp-json\/wp\/v2\/categories?post=238"},{"taxonomy":"post_tag","embeddable":true,"href":"https:\/\/libre-cueillette.net\/index.php\/wp-json\/wp\/v2\/tags?post=238"}],"curies":[{"name":"wp","href":"https:\/\/api.w.org\/{rel}","templated":true}]}}