{"id":2948,"date":"2019-01-06T15:56:16","date_gmt":"2019-01-06T14:56:16","guid":{"rendered":"http:\/\/libre-cueillette.net\/?p=2948"},"modified":"2019-01-20T11:41:53","modified_gmt":"2019-01-20T10:41:53","slug":"anglet-sauvage","status":"publish","type":"post","link":"https:\/\/libre-cueillette.net\/index.php\/2019\/01\/06\/anglet-sauvage\/","title":{"rendered":"Anglet sauvage"},"content":{"rendered":"<p><span style=\"color: #000000;\">Janvier 2019 ! <\/span><span style=\"color: #000000;\">C&rsquo;est le moment des bonnes r\u00e9solutions. Libre Cueillette lance un inventaire collaboratif sur le th\u00e8me:<\/span><\/p>\n<p style=\"text-align: center;\"><strong><span style=\"color: #000000;\">\u00ab\u00a0Anglet sauvage\u00a0\u00bb.<\/span><\/strong><\/p>\n<figure id=\"attachment_2939\" aria-describedby=\"caption-attachment-2939\" style=\"width: 300px\" class=\"wp-caption aligncenter\"><a href=\"https:\/\/libre-cueillette.net\/wp-content\/uploads\/cDSC01686.jpg\"><img loading=\"lazy\" decoding=\"async\" class=\"size-medium wp-image-2939\" src=\"https:\/\/libre-cueillette.net\/wp-content\/uploads\/cDSC01686-300x216.jpg\" alt=\"\" width=\"300\" height=\"216\" srcset=\"https:\/\/libre-cueillette.net\/wp-content\/uploads\/cDSC01686-300x216.jpg 300w, https:\/\/libre-cueillette.net\/wp-content\/uploads\/cDSC01686-768x554.jpg 768w, https:\/\/libre-cueillette.net\/wp-content\/uploads\/cDSC01686.jpg 971w\" sizes=\"auto, (max-width: 300px) 100vw, 300px\" \/><\/a><figcaption id=\"caption-attachment-2939\" class=\"wp-caption-text\">Crapaud commun<\/figcaption><\/figure>\n<p><span style=\"color: #000000;\"><strong>Exemple:<\/strong> Crapaud commun (Bufo bufo), un pr\u00e9cieux alli\u00e9 du jardinier, enferm\u00e9 par m\u00e9garde entre la porte et le volet et d\u00e9couvert le lendemain matin 28 d\u00e9cembre 2018 (Anglet, Rond-Point de la Tour de Lannes).<\/span><\/p>\n<p><span style=\"color: #000000;\"><strong>Comment participer ?<\/strong> Poster la photo prise \u00e0 Anglet sur Facebook \u00ab\u00a0Anglet sauvage\u00a0\u00bb ou l&rsquo;envoyer par mail \u00e0 contact@libre-cueillette.net en pr\u00e9cisant la date, le lieu de prise de vue, \u00e9ventuellement les circonstances, et, si possible, le nom de l&rsquo;esp\u00e8ce.<\/span><\/p>\n<p><span style=\"color: #000000;\"><strong>Objectif:<\/strong> Exposition et, si la vari\u00e9t\u00e9 et la qualit\u00e9 des photos le permettent, \u00e9dition en 2020 d&rsquo;une s\u00e9rie de fiches ou d&rsquo;une brochure ou d&rsquo;un livre avec les informations collect\u00e9es au cours d&rsquo;une ann\u00e9e enti\u00e8re.<\/span><\/p>\n<figure id=\"attachment_3155\" aria-describedby=\"caption-attachment-3155\" style=\"width: 1435px\" class=\"wp-caption aligncenter\"><a href=\"https:\/\/libre-cueillette.net\/wp-content\/uploads\/affiche4.jpg\"><img loading=\"lazy\" decoding=\"async\" class=\"wp-image-3155 size-full\" src=\"https:\/\/libre-cueillette.net\/wp-content\/uploads\/affiche4.jpg\" alt=\"\" width=\"1435\" height=\"1077\" srcset=\"https:\/\/libre-cueillette.net\/wp-content\/uploads\/affiche4.jpg 1435w, https:\/\/libre-cueillette.net\/wp-content\/uploads\/affiche4-300x225.jpg 300w, https:\/\/libre-cueillette.net\/wp-content\/uploads\/affiche4-768x576.jpg 768w, https:\/\/libre-cueillette.net\/wp-content\/uploads\/affiche4-1024x769.jpg 1024w\" sizes=\"auto, (max-width: 1435px) 100vw, 1435px\" \/><\/a><figcaption id=\"caption-attachment-3155\" class=\"wp-caption-text\">Affiche<\/figcaption><\/figure>\n<p><span style=\"color: #000000;\">Autres exemples:<\/span><\/p>\n<figure id=\"attachment_2957\" aria-describedby=\"caption-attachment-2957\" style=\"width: 300px\" class=\"wp-caption alignleft\"><a href=\"https:\/\/libre-cueillette.net\/wp-content\/uploads\/aDSC01753.jpg\"><img loading=\"lazy\" decoding=\"async\" class=\"wp-image-2957 size-medium\" src=\"https:\/\/libre-cueillette.net\/wp-content\/uploads\/aDSC01753-300x225.jpg\" alt=\"\" width=\"300\" height=\"225\" srcset=\"https:\/\/libre-cueillette.net\/wp-content\/uploads\/aDSC01753-300x225.jpg 300w, https:\/\/libre-cueillette.net\/wp-content\/uploads\/aDSC01753-768x576.jpg 768w, https:\/\/libre-cueillette.net\/wp-content\/uploads\/aDSC01753.jpg 933w\" sizes=\"auto, (max-width: 300px) 100vw, 300px\" \/><\/a><figcaption id=\"caption-attachment-2957\" class=\"wp-caption-text\">Ancien nid de frelon asiatique<\/figcaption><\/figure>\n<figure id=\"attachment_2958\" aria-describedby=\"caption-attachment-2958\" style=\"width: 300px\" class=\"wp-caption alignright\"><a href=\"https:\/\/libre-cueillette.net\/wp-content\/uploads\/cDSC01729.jpg\"><img loading=\"lazy\" decoding=\"async\" class=\"wp-image-2958 size-medium\" src=\"https:\/\/libre-cueillette.net\/wp-content\/uploads\/cDSC01729-300x231.jpg\" alt=\"\" width=\"300\" height=\"231\" srcset=\"https:\/\/libre-cueillette.net\/wp-content\/uploads\/cDSC01729-300x231.jpg 300w, https:\/\/libre-cueillette.net\/wp-content\/uploads\/cDSC01729-768x590.jpg 768w, https:\/\/libre-cueillette.net\/wp-content\/uploads\/cDSC01729.jpg 911w\" sizes=\"auto, (max-width: 300px) 100vw, 300px\" \/><\/a><figcaption id=\"caption-attachment-2958\" class=\"wp-caption-text\">Le plus ancien ch\u00eane du jardin<\/figcaption><\/figure>\n<p style=\"text-align: justify;\"><span style=\"color: #000000;\">Il y a quatre ans ou cinq, j&rsquo;ai d\u00e9couvert un nid de frelons asiatiques suspendu aux plus hautes branches du ch\u00eane lorsqu&rsquo;il eut perdu ses feuilles \u00e0 l&rsquo;entr\u00e9e de l&rsquo;hiver. <em>&#8211; Photo: Ancien nid de frelon asiatique en cours de d\u00e9gradation dans un platane de la plaine d&rsquo;Ansot &#8211; Photo 5 janvier 2019 -.<\/em> Deux ans plus tard, un couple de pies s&rsquo;est install\u00e9 \u00e0 peu pr\u00e8s au m\u00eame endroit. Lorsqu&rsquo;elles ont commenc\u00e9 \u00e0 apporter les brindilles, leur man\u00e8ge a provoqu\u00e9 un incroyable charivari de la part de tous les passereaux du voisinage, inquiets pour leurs futures prog\u00e9nitures. Elles n&rsquo;y ont pas pr\u00eat\u00e9 attention et quelque temps plus tard, j&rsquo;ai observ\u00e9 leurs va-et-vient pour nourrir leur couv\u00e9e invisible au milieu du feuillage. Le printemps dernier, elles sont revenues au m\u00eame endroit, affermissant le nid globulaire difficile \u00e0 photographier tant il est imbriqu\u00e9 dans les rameaux de la canop\u00e9e.<\/span><\/p>\n<figure id=\"attachment_2959\" aria-describedby=\"caption-attachment-2959\" style=\"width: 300px\" class=\"wp-caption alignleft\"><a href=\"https:\/\/libre-cueillette.net\/wp-content\/uploads\/cDSC01730.jpg\"><img loading=\"lazy\" decoding=\"async\" class=\"wp-image-2959 size-medium\" src=\"https:\/\/libre-cueillette.net\/wp-content\/uploads\/cDSC01730-300x225.jpg\" alt=\"\" width=\"300\" height=\"225\" srcset=\"https:\/\/libre-cueillette.net\/wp-content\/uploads\/cDSC01730-300x225.jpg 300w, https:\/\/libre-cueillette.net\/wp-content\/uploads\/cDSC01730-768x576.jpg 768w, https:\/\/libre-cueillette.net\/wp-content\/uploads\/cDSC01730.jpg 933w\" sizes=\"auto, (max-width: 300px) 100vw, 300px\" \/><\/a><figcaption id=\"caption-attachment-2959\" class=\"wp-caption-text\">Nid de pies<\/figcaption><\/figure>\n<figure id=\"attachment_2960\" aria-describedby=\"caption-attachment-2960\" style=\"width: 300px\" class=\"wp-caption alignright\"><a href=\"https:\/\/libre-cueillette.net\/wp-content\/uploads\/cDSC01749.jpg\"><img loading=\"lazy\" decoding=\"async\" class=\"wp-image-2960 size-medium\" src=\"https:\/\/libre-cueillette.net\/wp-content\/uploads\/cDSC01749-300x213.jpg\" alt=\"\" width=\"300\" height=\"213\" srcset=\"https:\/\/libre-cueillette.net\/wp-content\/uploads\/cDSC01749-300x213.jpg 300w, https:\/\/libre-cueillette.net\/wp-content\/uploads\/cDSC01749-768x546.jpg 768w, https:\/\/libre-cueillette.net\/wp-content\/uploads\/cDSC01749.jpg 984w\" sizes=\"auto, (max-width: 300px) 100vw, 300px\" \/><\/a><figcaption id=\"caption-attachment-2960\" class=\"wp-caption-text\">Rouge-gorge familier<\/figcaption><\/figure>\n<p style=\"text-align: justify;\"><span style=\"color: #000000;\">Le rouge-gorge est un familier du jardin, toujours aux aguets et pr\u00eat \u00e0 commenter le moindre de nos faits et gestes. Lorsque la froidure arrive, il appr\u00e9cie les miettes de pain jet\u00e9es sur le pas de la porte. Si le merle arrive, il lui c\u00e8de la place, mais revient sit\u00f4t apr\u00e8s. L&rsquo;article du journal <a href=\"https:\/\/www.lahulotte.fr\/\" target=\"_blank\" rel=\"noopener\">La Hulotte<\/a> est tout-\u00e0-fait r\u00e9v\u00e9lateur du caract\u00e8re batailleur de ce petit passereau rondelet qu&rsquo;il illustre de fa\u00e7on fort humoristique. Depuis cette lecture, je remarque les postures de d\u00e9fi adopt\u00e9es par les m\u00e2les qui se disputent le territoire de mon jardin&#8230;<\/span><\/p>\n<p style=\"text-align: center;\"><a href=\"https:\/\/libre-cueillette.net\/wp-content\/uploads\/La-Hulotte.jpg\"><img loading=\"lazy\" decoding=\"async\" class=\"alignnone size-medium wp-image-2973\" src=\"https:\/\/libre-cueillette.net\/wp-content\/uploads\/La-Hulotte-208x300.jpg\" alt=\"\" width=\"208\" height=\"300\" srcset=\"https:\/\/libre-cueillette.net\/wp-content\/uploads\/La-Hulotte-208x300.jpg 208w, https:\/\/libre-cueillette.net\/wp-content\/uploads\/La-Hulotte-768x1110.jpg 768w, https:\/\/libre-cueillette.net\/wp-content\/uploads\/La-Hulotte-709x1024.jpg 709w, https:\/\/libre-cueillette.net\/wp-content\/uploads\/La-Hulotte.jpg 1700w\" sizes=\"auto, (max-width: 208px) 100vw, 208px\" \/><\/a><\/p>\n<figure id=\"attachment_2961\" aria-describedby=\"caption-attachment-2961\" style=\"width: 203px\" class=\"wp-caption alignleft\"><a href=\"https:\/\/libre-cueillette.net\/wp-content\/uploads\/cDSC01754.jpg\"><img loading=\"lazy\" decoding=\"async\" class=\"wp-image-2961 size-medium\" src=\"https:\/\/libre-cueillette.net\/wp-content\/uploads\/cDSC01754-203x300.jpg\" alt=\"\" width=\"203\" height=\"300\" srcset=\"https:\/\/libre-cueillette.net\/wp-content\/uploads\/cDSC01754-203x300.jpg 203w, https:\/\/libre-cueillette.net\/wp-content\/uploads\/cDSC01754.jpg 474w\" sizes=\"auto, (max-width: 203px) 100vw, 203px\" \/><\/a><figcaption id=\"caption-attachment-2961\" class=\"wp-caption-text\">Passereau granivore ou omnivore \u00e0 d\u00e9terminer<\/figcaption><\/figure>\n<figure id=\"attachment_2962\" aria-describedby=\"caption-attachment-2962\" style=\"width: 300px\" class=\"wp-caption alignright\"><a href=\"https:\/\/libre-cueillette.net\/wp-content\/uploads\/cDSC01755.jpg\"><img loading=\"lazy\" decoding=\"async\" class=\"wp-image-2962 size-medium\" src=\"https:\/\/libre-cueillette.net\/wp-content\/uploads\/cDSC01755-300x176.jpg\" alt=\"\" width=\"300\" height=\"176\" srcset=\"https:\/\/libre-cueillette.net\/wp-content\/uploads\/cDSC01755-300x176.jpg 300w, https:\/\/libre-cueillette.net\/wp-content\/uploads\/cDSC01755-768x452.jpg 768w, https:\/\/libre-cueillette.net\/wp-content\/uploads\/cDSC01755-1024x602.jpg 1024w, https:\/\/libre-cueillette.net\/wp-content\/uploads\/cDSC01755.jpg 1190w\" sizes=\"auto, (max-width: 300px) 100vw, 300px\" \/><\/a><figcaption id=\"caption-attachment-2962\" class=\"wp-caption-text\">Passereau granivore ou omnivore \u00e0 d\u00e9terminer<\/figcaption><\/figure>\n<p style=\"text-align: justify;\"><span style=\"color: #000000;\">Depuis au moins quinze jours, j&rsquo;entends presque tous les soirs la chouette hulotte, reconnaissable \u00e0 son hou-hou-hou qu&rsquo;elle r\u00e9p\u00e8te plusieurs fois. Il m&rsquo;a sembl\u00e9 rep\u00e9rer des fientes fournies sur le lierre qui tapisse le sol au pied du ch\u00eane. Peut-\u00eatre s&rsquo;est-elle perch\u00e9e un moment sur une de ses branches.<\/span><\/p>\n","protected":false},"excerpt":{"rendered":"<p>Janvier 2019 ! C&rsquo;est le moment des bonnes r\u00e9solutions. Libre Cueillette lance un inventaire collaboratif sur le th\u00e8me: \u00ab\u00a0Anglet sauvage\u00a0\u00bb. Exemple: Crapaud commun (Bufo bufo), un pr\u00e9cieux alli\u00e9 du jardinier, enferm\u00e9 par m\u00e9garde entre la porte et le volet et<\/p>\n","protected":false},"author":1,"featured_media":0,"comment_status":"open","ping_status":"open","sticky":false,"template":"","format":"standard","meta":{"footnotes":""},"categories":[296],"tags":[297],"class_list":["post-2948","post","type-post","status-publish","format-standard","hentry","category-anglet-sauvage","tag-297"],"_links":{"self":[{"href":"https:\/\/libre-cueillette.net\/index.php\/wp-json\/wp\/v2\/posts\/2948","targetHints":{"allow":["GET"]}}],"collection":[{"href":"https:\/\/libre-cueillette.net\/index.php\/wp-json\/wp\/v2\/posts"}],"about":[{"href":"https:\/\/libre-cueillette.net\/index.php\/wp-json\/wp\/v2\/types\/post"}],"author":[{"embeddable":true,"href":"https:\/\/libre-cueillette.net\/index.php\/wp-json\/wp\/v2\/users\/1"}],"replies":[{"embeddable":true,"href":"https:\/\/libre-cueillette.net\/index.php\/wp-json\/wp\/v2\/comments?post=2948"}],"version-history":[{"count":20,"href":"https:\/\/libre-cueillette.net\/index.php\/wp-json\/wp\/v2\/posts\/2948\/revisions"}],"predecessor-version":[{"id":3158,"href":"https:\/\/libre-cueillette.net\/index.php\/wp-json\/wp\/v2\/posts\/2948\/revisions\/3158"}],"wp:attachment":[{"href":"https:\/\/libre-cueillette.net\/index.php\/wp-json\/wp\/v2\/media?parent=2948"}],"wp:term":[{"taxonomy":"category","embeddable":true,"href":"https:\/\/libre-cueillette.net\/index.php\/wp-json\/wp\/v2\/categories?post=2948"},{"taxonomy":"post_tag","embeddable":true,"href":"https:\/\/libre-cueillette.net\/index.php\/wp-json\/wp\/v2\/tags?post=2948"}],"curies":[{"name":"wp","href":"https:\/\/api.w.org\/{rel}","templated":true}]}}