{"id":295,"date":"2016-05-17T09:17:29","date_gmt":"2016-05-17T08:17:29","guid":{"rendered":"http:\/\/libre-cueillette.net\/?p=295"},"modified":"2018-11-17T12:26:49","modified_gmt":"2018-11-17T11:26:49","slug":"lycee-cantau","status":"publish","type":"post","link":"https:\/\/libre-cueillette.net\/index.php\/2016\/05\/17\/lycee-cantau\/","title":{"rendered":"Lyc\u00e9e Cantau"},"content":{"rendered":"<p><img loading=\"lazy\" decoding=\"async\" class=\"size-medium wp-image-296 alignleft\" src=\"https:\/\/libre-cueillette.net\/wp-content\/uploads\/cantau_gazette_mai_2016-300x254.jpg\" alt=\"cantau_gazette_mai_2016\" width=\"300\" height=\"254\" srcset=\"https:\/\/libre-cueillette.net\/wp-content\/uploads\/cantau_gazette_mai_2016-300x254.jpg 300w, https:\/\/libre-cueillette.net\/wp-content\/uploads\/cantau_gazette_mai_2016-768x651.jpg 768w, https:\/\/libre-cueillette.net\/wp-content\/uploads\/cantau_gazette_mai_2016.jpg 991w\" sizes=\"auto, (max-width: 300px) 100vw, 300px\" \/><span style=\"color: #000000;\"><strong>Faire pousser, partager et consommer\u2026 fruits et l\u00e9gumes !<\/strong><\/span><\/p>\n<p><span style=\"color: #000000;\"><em>Cathy Constant-Elissagaray pr\u00e9sidente de l\u2019association Amis-Chemins, accompagn\u00e9e de Pierre Meauz\u00e9 du groupe Colibris 64, a pr\u00e9sent\u00e9 son projet de Libre Cueillette sur la commune d\u2019Anglet le 5 avril au CDI. (https:\/\/libre-cueillette.net\/)<\/em><\/span><\/p>\n<p><span style=\"color: #000000;\">Avec le printemps, de nouvelles id\u00e9es germent au lyc\u00e9e qui pourraient voir le jour l\u2019ann\u00e9e scolaire prochaine. Choisir les lieux, dessiner et construire des bacs en bois, semer et planter, prendre soin et consommer, communiquer\u2026<\/span><br \/>\n<span style=\"color: #000000;\">Plusieurs professeurs se sont retrouv\u00e9s autour du projet \u00ab Libre Cueillette \u00bb. La r\u00e9alisation de ces actions locales, sur Anglet et dans le lyc\u00e9e, permettrait la mise en pratique des th\u00e8mes autour du d\u00e9veloppement durable, de l\u2019\u00e9co-citoyennet\u00e9 et de la co-responsabilit\u00e9. Elle favorise la transdisciplinarit\u00e9 et implique des \u00e9l\u00e8ves de tous niveaux. Ces actions pourraient alimenter le dossier pour l\u2019obtention du label \u00e9co-lyc\u00e9e.<\/span><\/p>\n<p><em><span style=\"color: #000000;\">Bulletin trimestriel de l\u2019actualit\u00e9 culturelle au lyc\u00e9e Cantau N\u00b017, mai 2016 (extrait)<br \/>\n<\/span><\/em><\/p>\n","protected":false},"excerpt":{"rendered":"<p>Faire pousser, partager et consommer\u2026 fruits et l\u00e9gumes ! Cathy Constant-Elissagaray pr\u00e9sidente de l\u2019association Amis-Chemins, accompagn\u00e9e de Pierre Meauz\u00e9 du groupe Colibris 64, a pr\u00e9sent\u00e9 son projet de Libre Cueillette sur la commune d\u2019Anglet le 5 avril au CDI. (https:\/\/libre-cueillette.net\/)<\/p>\n","protected":false},"author":1,"featured_media":0,"comment_status":"open","ping_status":"open","sticky":false,"template":"","format":"standard","meta":{"footnotes":""},"categories":[272],"tags":[276,86,88,87],"class_list":["post-295","post","type-post","status-publish","format-standard","hentry","category-cantau","tag-276","tag-article","tag-label-eco-lycee","tag-lycee-cantau"],"_links":{"self":[{"href":"https:\/\/libre-cueillette.net\/index.php\/wp-json\/wp\/v2\/posts\/295","targetHints":{"allow":["GET"]}}],"collection":[{"href":"https:\/\/libre-cueillette.net\/index.php\/wp-json\/wp\/v2\/posts"}],"about":[{"href":"https:\/\/libre-cueillette.net\/index.php\/wp-json\/wp\/v2\/types\/post"}],"author":[{"embeddable":true,"href":"https:\/\/libre-cueillette.net\/index.php\/wp-json\/wp\/v2\/users\/1"}],"replies":[{"embeddable":true,"href":"https:\/\/libre-cueillette.net\/index.php\/wp-json\/wp\/v2\/comments?post=295"}],"version-history":[{"count":3,"href":"https:\/\/libre-cueillette.net\/index.php\/wp-json\/wp\/v2\/posts\/295\/revisions"}],"predecessor-version":[{"id":299,"href":"https:\/\/libre-cueillette.net\/index.php\/wp-json\/wp\/v2\/posts\/295\/revisions\/299"}],"wp:attachment":[{"href":"https:\/\/libre-cueillette.net\/index.php\/wp-json\/wp\/v2\/media?parent=295"}],"wp:term":[{"taxonomy":"category","embeddable":true,"href":"https:\/\/libre-cueillette.net\/index.php\/wp-json\/wp\/v2\/categories?post=295"},{"taxonomy":"post_tag","embeddable":true,"href":"https:\/\/libre-cueillette.net\/index.php\/wp-json\/wp\/v2\/tags?post=295"}],"curies":[{"name":"wp","href":"https:\/\/api.w.org\/{rel}","templated":true}]}}