{"id":3459,"date":"2019-02-05T23:05:12","date_gmt":"2019-02-05T22:05:12","guid":{"rendered":"http:\/\/libre-cueillette.net\/?p=3459"},"modified":"2019-02-05T23:18:08","modified_gmt":"2019-02-05T22:18:08","slug":"les-photos-de-jean-vincent","status":"publish","type":"post","link":"https:\/\/libre-cueillette.net\/index.php\/2019\/02\/05\/les-photos-de-jean-vincent\/","title":{"rendered":"Les photos de Jean-Vincent"},"content":{"rendered":"\n<div class=\"wp-block-image\"><figure class=\"aligncenter\"><img loading=\"lazy\" decoding=\"async\" width=\"1244\" height=\"700\" src=\"https:\/\/libre-cueillette.net\/wp-content\/uploads\/aP1020009.jpg\" alt=\"\" class=\"wp-image-3460\" srcset=\"https:\/\/libre-cueillette.net\/wp-content\/uploads\/aP1020009.jpg 1244w, https:\/\/libre-cueillette.net\/wp-content\/uploads\/aP1020009-300x169.jpg 300w, https:\/\/libre-cueillette.net\/wp-content\/uploads\/aP1020009-768x432.jpg 768w, https:\/\/libre-cueillette.net\/wp-content\/uploads\/aP1020009-1024x576.jpg 1024w\" sizes=\"auto, (max-width: 1244px) 100vw, 1244px\" \/><figcaption>Merle blanc (27 mai 2018)<\/figcaption><\/figure><\/div>\n\n\n\n<p class=\"has-text-color has-very-dark-gray-color\">\u00ab\u00a0J\u2019ai eu la chance de voir dans notre jardin un merle blanc. C\u2019\u00e9tait l\u2019an dernier, au printemps. Il y passait plusieurs fois par jour, et j\u2019ai donc eu l\u2019occasion de prendre plusieurs photos. C\u2019est un oiseau tr\u00e8s rare. D\u2019ailleurs l\u2019expression \u00ab\u00a0merle blanc\u00a0\u00bb signifie introuvable, pour un objet ou une personne. Brassens l\u2019a utilis\u00e9e dans sa chanson \u00ab\u00a0Embrasse-les tous\u00a0\u00bb. J-V L. <\/p>\n\n\n\n<div class=\"wp-block-image\"><figure class=\"aligncenter\"><img loading=\"lazy\" decoding=\"async\" width=\"1244\" height=\"700\" src=\"https:\/\/libre-cueillette.net\/wp-content\/uploads\/aP1010873.jpg\" alt=\"\" class=\"wp-image-3461\" srcset=\"https:\/\/libre-cueillette.net\/wp-content\/uploads\/aP1010873.jpg 1244w, https:\/\/libre-cueillette.net\/wp-content\/uploads\/aP1010873-300x169.jpg 300w, https:\/\/libre-cueillette.net\/wp-content\/uploads\/aP1010873-768x432.jpg 768w, https:\/\/libre-cueillette.net\/wp-content\/uploads\/aP1010873-1024x576.jpg 1024w\" sizes=\"auto, (max-width: 1244px) 100vw, 1244px\" \/><figcaption>Merle blanc (17 mai 2018)<\/figcaption><\/figure><\/div>\n\n\n\n<p class=\"has-text-color has-very-dark-gray-color\">Le merle blanc est un Merle noir (<em>Turdus merula<\/em>) atteint de leucistisme ou d&rsquo;albinisme, deux d\u00e9ficiences g\u00e9n\u00e9tiques. Ces anomalies de pigmentation sont peu courantes chez cette esp\u00e8ce, le merle blanc est donc devenu un symbole de raret\u00e9. Celui-ci est atteint de leucitisme (les albinos sont tout blancs avec des yeux rouges). Ses pigments ont des  probl\u00e8mes pour migrer dans les cellules. Si les pattes ou le bec peuvent \u00eatre  d\u00e9color\u00e9s \u00e9galement, l&rsquo;\u0153il, quant \u00e0 lui, reste noir. La couleur de ces oiseaux les expose plus \u00e0 l&rsquo;attaque des pr\u00e9dateurs. <\/p>\n\n\n\n<div class=\"wp-block-image\"><figure class=\"aligncenter\"><img loading=\"lazy\" decoding=\"async\" width=\"1245\" height=\"700\" src=\"https:\/\/libre-cueillette.net\/wp-content\/uploads\/aP1240827-1.jpg\" alt=\"\" class=\"wp-image-3475\" srcset=\"https:\/\/libre-cueillette.net\/wp-content\/uploads\/aP1240827-1.jpg 1245w, https:\/\/libre-cueillette.net\/wp-content\/uploads\/aP1240827-1-300x169.jpg 300w, https:\/\/libre-cueillette.net\/wp-content\/uploads\/aP1240827-1-768x432.jpg 768w, https:\/\/libre-cueillette.net\/wp-content\/uploads\/aP1240827-1-1024x576.jpg 1024w\" sizes=\"auto, (max-width: 1245px) 100vw, 1245px\" \/><figcaption>Merle noir (5 janvier 2017)<\/figcaption><\/figure><\/div>\n\n\n\n<p class=\"has-text-color has-very-dark-gray-color\">\u00ab\u00a0Voici d\u2019autres oiseaux dont un pic vert, photographi\u00e9 aussi dans mon jardin. Les autres, grive, merle, rouge-gorge, pie, pinson, buse, sont plus communs et ont tous \u00e9t\u00e9 photographi\u00e9s \u00e0 Anglet, ainsi que les plantes et champignon.\u00a0\u00bb   J-V L.  <\/p>\n\n\n\n<div class=\"wp-block-image\"><figure class=\"aligncenter\"><img loading=\"lazy\" decoding=\"async\" width=\"1244\" height=\"700\" src=\"https:\/\/libre-cueillette.net\/wp-content\/uploads\/aP1050815.jpg\" alt=\"\" class=\"wp-image-3462\" srcset=\"https:\/\/libre-cueillette.net\/wp-content\/uploads\/aP1050815.jpg 1244w, https:\/\/libre-cueillette.net\/wp-content\/uploads\/aP1050815-300x169.jpg 300w, https:\/\/libre-cueillette.net\/wp-content\/uploads\/aP1050815-768x432.jpg 768w, https:\/\/libre-cueillette.net\/wp-content\/uploads\/aP1050815-1024x576.jpg 1024w\" sizes=\"auto, (max-width: 1244px) 100vw, 1244px\" \/><figcaption>Pic vert, m\u00e2le, reconnaissable au bandeau rouge dans la moustache (17 juillet 2018)<\/figcaption><\/figure><\/div>\n\n\n\n<div class=\"wp-block-image\"><figure class=\"aligncenter\"><img loading=\"lazy\" decoding=\"async\" width=\"1183\" height=\"700\" src=\"https:\/\/libre-cueillette.net\/wp-content\/uploads\/aP1240789.jpg\" alt=\"\" class=\"wp-image-3464\" srcset=\"https:\/\/libre-cueillette.net\/wp-content\/uploads\/aP1240789.jpg 1183w, https:\/\/libre-cueillette.net\/wp-content\/uploads\/aP1240789-300x178.jpg 300w, https:\/\/libre-cueillette.net\/wp-content\/uploads\/aP1240789-768x454.jpg 768w, https:\/\/libre-cueillette.net\/wp-content\/uploads\/aP1240789-1024x606.jpg 1024w\" sizes=\"auto, (max-width: 1183px) 100vw, 1183px\" \/><figcaption>Grive musicienne (5 janvier 2017)<\/figcaption><\/figure><\/div>\n\n\n\n<div class=\"wp-block-image\"><figure class=\"aligncenter\"><img loading=\"lazy\" decoding=\"async\" width=\"1244\" height=\"700\" src=\"https:\/\/libre-cueillette.net\/wp-content\/uploads\/aP1000714.jpg\" alt=\"\" class=\"wp-image-3466\" srcset=\"https:\/\/libre-cueillette.net\/wp-content\/uploads\/aP1000714.jpg 1244w, https:\/\/libre-cueillette.net\/wp-content\/uploads\/aP1000714-300x169.jpg 300w, https:\/\/libre-cueillette.net\/wp-content\/uploads\/aP1000714-768x432.jpg 768w, https:\/\/libre-cueillette.net\/wp-content\/uploads\/aP1000714-1024x576.jpg 1024w\" sizes=\"auto, (max-width: 1244px) 100vw, 1244px\" \/><figcaption>Pinson des arbres, m\u00e2le en plumage nuptial (8 mai 2018)<\/figcaption><\/figure><\/div>\n\n\n\n<div class=\"wp-block-image\"><figure class=\"aligncenter\"><img loading=\"lazy\" decoding=\"async\" width=\"1244\" height=\"700\" src=\"https:\/\/libre-cueillette.net\/wp-content\/uploads\/aP1100960.jpg\" alt=\"\" class=\"wp-image-3467\" srcset=\"https:\/\/libre-cueillette.net\/wp-content\/uploads\/aP1100960.jpg 1244w, https:\/\/libre-cueillette.net\/wp-content\/uploads\/aP1100960-300x169.jpg 300w, https:\/\/libre-cueillette.net\/wp-content\/uploads\/aP1100960-768x432.jpg 768w, https:\/\/libre-cueillette.net\/wp-content\/uploads\/aP1100960-1024x576.jpg 1024w\" sizes=\"auto, (max-width: 1244px) 100vw, 1244px\" \/><figcaption>Buse variable (10 janvier 2019)<\/figcaption><\/figure><\/div>\n\n\n\n<div class=\"wp-block-image\"><figure class=\"aligncenter\"><img loading=\"lazy\" decoding=\"async\" width=\"1245\" height=\"700\" src=\"https:\/\/libre-cueillette.net\/wp-content\/uploads\/aP1110255.jpg\" alt=\"\" class=\"wp-image-3468\" srcset=\"https:\/\/libre-cueillette.net\/wp-content\/uploads\/aP1110255.jpg 1245w, https:\/\/libre-cueillette.net\/wp-content\/uploads\/aP1110255-300x169.jpg 300w, https:\/\/libre-cueillette.net\/wp-content\/uploads\/aP1110255-768x432.jpg 768w, https:\/\/libre-cueillette.net\/wp-content\/uploads\/aP1110255-1024x576.jpg 1024w\" sizes=\"auto, (max-width: 1245px) 100vw, 1245px\" \/><figcaption>Pie bavarde (28 janvier 2019)<\/figcaption><\/figure><\/div>\n\n\n\n<div class=\"wp-block-image\"><figure class=\"aligncenter\"><img loading=\"lazy\" decoding=\"async\" width=\"1245\" height=\"700\" src=\"https:\/\/libre-cueillette.net\/wp-content\/uploads\/aP1100848.jpg\" alt=\"\" class=\"wp-image-3469\" srcset=\"https:\/\/libre-cueillette.net\/wp-content\/uploads\/aP1100848.jpg 1245w, https:\/\/libre-cueillette.net\/wp-content\/uploads\/aP1100848-300x169.jpg 300w, https:\/\/libre-cueillette.net\/wp-content\/uploads\/aP1100848-768x432.jpg 768w, https:\/\/libre-cueillette.net\/wp-content\/uploads\/aP1100848-1024x576.jpg 1024w\" sizes=\"auto, (max-width: 1245px) 100vw, 1245px\" \/><figcaption>Rouge-gorge (10 janvier 2019)<\/figcaption><\/figure><\/div>\n\n\n\n<div class=\"wp-block-image\"><figure class=\"aligncenter\"><img loading=\"lazy\" decoding=\"async\" width=\"1245\" height=\"700\" src=\"https:\/\/libre-cueillette.net\/wp-content\/uploads\/aP1060709.jpg\" alt=\"\" class=\"wp-image-3470\" srcset=\"https:\/\/libre-cueillette.net\/wp-content\/uploads\/aP1060709.jpg 1245w, https:\/\/libre-cueillette.net\/wp-content\/uploads\/aP1060709-300x169.jpg 300w, https:\/\/libre-cueillette.net\/wp-content\/uploads\/aP1060709-768x432.jpg 768w, https:\/\/libre-cueillette.net\/wp-content\/uploads\/aP1060709-1024x576.jpg 1024w\" sizes=\"auto, (max-width: 1245px) 100vw, 1245px\" \/><figcaption>Raisin d&rsquo;Am\u00e9rique ou Teinturier (<em>Phytolacca americana<\/em>), plante toxique, invasive hors de son aire d&rsquo;origine (30 ao\u00fbt 2018)<\/figcaption><\/figure><\/div>\n\n\n\n<div class=\"wp-block-image\"><figure class=\"aligncenter\"><img loading=\"lazy\" decoding=\"async\" width=\"1244\" height=\"700\" src=\"https:\/\/libre-cueillette.net\/wp-content\/uploads\/aP1070481.jpg\" alt=\"\" class=\"wp-image-3471\" srcset=\"https:\/\/libre-cueillette.net\/wp-content\/uploads\/aP1070481.jpg 1244w, https:\/\/libre-cueillette.net\/wp-content\/uploads\/aP1070481-300x169.jpg 300w, https:\/\/libre-cueillette.net\/wp-content\/uploads\/aP1070481-768x432.jpg 768w, https:\/\/libre-cueillette.net\/wp-content\/uploads\/aP1070481-1024x576.jpg 1024w\" sizes=\"auto, (max-width: 1244px) 100vw, 1244px\" \/><figcaption>Raisin d&rsquo;Am\u00e9rique:  Baies appr\u00e9ci\u00e9es de nombreux oiseaux et de quelques petits mammif\u00e8res naturellement immunis\u00e9s contre les toxines (14 septembre 2018)<\/figcaption><\/figure><\/div>\n\n\n\n<div class=\"wp-block-image\"><figure class=\"aligncenter\"><img loading=\"lazy\" decoding=\"async\" width=\"1244\" height=\"700\" src=\"https:\/\/libre-cueillette.net\/wp-content\/uploads\/aP1090182.jpg\" alt=\"\" class=\"wp-image-3472\" srcset=\"https:\/\/libre-cueillette.net\/wp-content\/uploads\/aP1090182.jpg 1244w, https:\/\/libre-cueillette.net\/wp-content\/uploads\/aP1090182-300x169.jpg 300w, https:\/\/libre-cueillette.net\/wp-content\/uploads\/aP1090182-768x432.jpg 768w, https:\/\/libre-cueillette.net\/wp-content\/uploads\/aP1090182-1024x576.jpg 1024w\" sizes=\"auto, (max-width: 1244px) 100vw, 1244px\" \/><figcaption>Jeune coulemelle ? (25 octobre 2018)<\/figcaption><\/figure><\/div>\n\n\n\n<div class=\"wp-block-image\"><figure class=\"aligncenter\"><img loading=\"lazy\" decoding=\"async\" width=\"1244\" height=\"700\" src=\"https:\/\/libre-cueillette.net\/wp-content\/uploads\/aP1090554.jpg\" alt=\"\" class=\"wp-image-3473\" srcset=\"https:\/\/libre-cueillette.net\/wp-content\/uploads\/aP1090554.jpg 1244w, https:\/\/libre-cueillette.net\/wp-content\/uploads\/aP1090554-300x169.jpg 300w, https:\/\/libre-cueillette.net\/wp-content\/uploads\/aP1090554-768x432.jpg 768w, https:\/\/libre-cueillette.net\/wp-content\/uploads\/aP1090554-1024x576.jpg 1024w\" sizes=\"auto, (max-width: 1244px) 100vw, 1244px\" \/><figcaption>Petit crabe (8 novembre 2018)<\/figcaption><\/figure><\/div>\n\n\n\n<div class=\"wp-block-image\"><figure class=\"aligncenter\"><img loading=\"lazy\" decoding=\"async\" width=\"1244\" height=\"700\" src=\"https:\/\/libre-cueillette.net\/wp-content\/uploads\/aP1050812.jpg\" alt=\"\" class=\"wp-image-3474\" srcset=\"https:\/\/libre-cueillette.net\/wp-content\/uploads\/aP1050812.jpg 1244w, https:\/\/libre-cueillette.net\/wp-content\/uploads\/aP1050812-300x169.jpg 300w, https:\/\/libre-cueillette.net\/wp-content\/uploads\/aP1050812-768x432.jpg 768w, https:\/\/libre-cueillette.net\/wp-content\/uploads\/aP1050812-1024x576.jpg 1024w\" sizes=\"auto, (max-width: 1244px) 100vw, 1244px\" \/><figcaption>Pic vert, m\u00e2le (17 juillet 2018)<\/figcaption><\/figure><\/div>\n","protected":false},"excerpt":{"rendered":"<p>\u00ab\u00a0J\u2019ai eu la chance de voir dans notre jardin un merle blanc. C\u2019\u00e9tait l\u2019an dernier, au printemps. Il y passait plusieurs fois par jour, et j\u2019ai donc eu l\u2019occasion de prendre plusieurs photos. C\u2019est un oiseau tr\u00e8s rare. D\u2019ailleurs l\u2019expression<\/p>\n","protected":false},"author":1,"featured_media":0,"comment_status":"open","ping_status":"open","sticky":false,"template":"","format":"standard","meta":{"footnotes":""},"categories":[296],"tags":[263],"class_list":["post-3459","post","type-post","status-publish","format-standard","hentry","category-anglet-sauvage","tag-263"],"_links":{"self":[{"href":"https:\/\/libre-cueillette.net\/index.php\/wp-json\/wp\/v2\/posts\/3459","targetHints":{"allow":["GET"]}}],"collection":[{"href":"https:\/\/libre-cueillette.net\/index.php\/wp-json\/wp\/v2\/posts"}],"about":[{"href":"https:\/\/libre-cueillette.net\/index.php\/wp-json\/wp\/v2\/types\/post"}],"author":[{"embeddable":true,"href":"https:\/\/libre-cueillette.net\/index.php\/wp-json\/wp\/v2\/users\/1"}],"replies":[{"embeddable":true,"href":"https:\/\/libre-cueillette.net\/index.php\/wp-json\/wp\/v2\/comments?post=3459"}],"version-history":[{"count":5,"href":"https:\/\/libre-cueillette.net\/index.php\/wp-json\/wp\/v2\/posts\/3459\/revisions"}],"predecessor-version":[{"id":3483,"href":"https:\/\/libre-cueillette.net\/index.php\/wp-json\/wp\/v2\/posts\/3459\/revisions\/3483"}],"wp:attachment":[{"href":"https:\/\/libre-cueillette.net\/index.php\/wp-json\/wp\/v2\/media?parent=3459"}],"wp:term":[{"taxonomy":"category","embeddable":true,"href":"https:\/\/libre-cueillette.net\/index.php\/wp-json\/wp\/v2\/categories?post=3459"},{"taxonomy":"post_tag","embeddable":true,"href":"https:\/\/libre-cueillette.net\/index.php\/wp-json\/wp\/v2\/tags?post=3459"}],"curies":[{"name":"wp","href":"https:\/\/api.w.org\/{rel}","templated":true}]}}