{"id":3577,"date":"2019-02-19T12:13:30","date_gmt":"2019-02-19T11:13:30","guid":{"rendered":"http:\/\/libre-cueillette.net\/?p=3577"},"modified":"2019-02-20T21:50:33","modified_gmt":"2019-02-20T20:50:33","slug":"un-ver-plat-invasif-au-jardin","status":"publish","type":"post","link":"https:\/\/libre-cueillette.net\/index.php\/2019\/02\/19\/un-ver-plat-invasif-au-jardin\/","title":{"rendered":"Un ver plat invasif au jardin"},"content":{"rendered":"\n<figure class=\"wp-block-image\"><img loading=\"lazy\" decoding=\"async\" width=\"933\" height=\"700\" src=\"https:\/\/libre-cueillette.net\/wp-content\/uploads\/cDSC01716bis.jpg\" alt=\"\" class=\"wp-image-3578\" srcset=\"https:\/\/libre-cueillette.net\/wp-content\/uploads\/cDSC01716bis.jpg 933w, https:\/\/libre-cueillette.net\/wp-content\/uploads\/cDSC01716bis-300x225.jpg 300w, https:\/\/libre-cueillette.net\/wp-content\/uploads\/cDSC01716bis-768x576.jpg 768w\" sizes=\"auto, (max-width: 933px) 100vw, 933px\" \/><figcaption> <br>Plathelminthe Obama nungara <\/figcaption><\/figure>\n\n\n\n<div class=\"wp-block-image\"><figure class=\"alignleft\"><a href=\"https:\/\/libre-cueillette.net\/wp-content\/uploads\/cDSC01718.jpg\" target=\"_blank\" rel=\"noreferrer noopener\"><img loading=\"lazy\" decoding=\"async\" width=\"150\" height=\"150\" src=\"https:\/\/libre-cueillette.net\/wp-content\/uploads\/cDSC01718-150x150.jpg\" alt=\"\" class=\"wp-image-3579\" srcset=\"https:\/\/libre-cueillette.net\/wp-content\/uploads\/cDSC01718-150x150.jpg 150w, https:\/\/libre-cueillette.net\/wp-content\/uploads\/cDSC01718-230x230.jpg 230w, https:\/\/libre-cueillette.net\/wp-content\/uploads\/cDSC01718-330x330.jpg 330w\" sizes=\"auto, (max-width: 150px) 100vw, 150px\" \/><\/a><figcaption>Un ver plat au dos noir et luisant<\/figcaption><\/figure><\/div>\n\n\n\n<p class=\"has-text-color has-very-dark-gray-color\">Aujourd&rsquo;hui, aux Terrasses, Sonia a fait une d\u00e9couverte curieuse en d\u00e9pla\u00e7ant le gros pot de fleur o\u00f9 pousse un laurier sauce. Il y avait des b\u00eates qui faisaient penser \u00e0 des limaces au corps aplati. Bizarrement, l&rsquo;animal en s&rsquo;allongeant pour se d\u00e9placer lentement montrait deux extr\u00e9mit\u00e9s pointues, sans antennes ni bouche apparentes. Apr\u00e8s une enqu\u00eate minutieuse sur la Toile, il semble malheureusement certain qu&rsquo;il s&rsquo;agit d&rsquo;un ver plat appel\u00e9 <em>Plathelminthe Obama nungara<\/em>. Sur le <a href=\"http:\/\/bit.ly\/Plathelminthe\" target=\"_blank\" rel=\"noreferrer noopener\" aria-label=\"site (s\u2019ouvre dans un nouvel onglet)\">site<\/a> du scientifique Jean-Lou Justine, du Mus\u00e9um national d&rsquo;histoire naturelle, voici la description qui est faite de ces invasifs.<\/p>\n\n\n\n<div class=\"wp-block-image\"><figure class=\"alignright\"><a href=\"https:\/\/libre-cueillette.net\/wp-content\/uploads\/cDSC01717.jpg\" target=\"_blank\" rel=\"noreferrer noopener\"><img loading=\"lazy\" decoding=\"async\" width=\"150\" height=\"150\" src=\"https:\/\/libre-cueillette.net\/wp-content\/uploads\/cDSC01717-150x150.jpg\" alt=\"\" class=\"wp-image-3584\" srcset=\"https:\/\/libre-cueillette.net\/wp-content\/uploads\/cDSC01717-150x150.jpg 150w, https:\/\/libre-cueillette.net\/wp-content\/uploads\/cDSC01717-230x230.jpg 230w, https:\/\/libre-cueillette.net\/wp-content\/uploads\/cDSC01717-330x330.jpg 330w\" sizes=\"auto, (max-width: 150px) 100vw, 150px\" \/><\/a><figcaption>Obama nungara<\/figcaption><\/figure><\/div>\n\n\n\n<p class=\"has-text-color has-very-dark-gray-color\">G\u00e9n\u00e9ralement,<strong> un Plathelminthe terrestre est allong\u00e9, plat, d&rsquo;aspect lisse, un peu gluant.<\/strong> Pas de pattes, pas d&rsquo;anneaux, pas d&rsquo;yeux visibles, pas de bouche visible. Il ne bouge pas vite. Il y a une dizaine d&rsquo;esp\u00e8ces qui ne se ressemblent pas beaucoup. <\/p>\n\n\n\n<p class=\"has-text-color has-very-dark-gray-color\">Les confusions sont possibles avec ces animaux, mais aucun n&rsquo;est plat comme un Plathelminthe:<\/p>\n\n\n\n<ul class=\"wp-block-list\"><li>des limaces (les limaces ont des cornes, et elles ne sont pas plates)<\/li><li>des vers de terre (les vers de terre ont des anneaux)<\/li><li>des chenilles (les chenilles ont des pattes)<\/li><li>des sangsues (c&rsquo;est rare! et les sangsues sont aquatiques et ont des ventouses)<\/li><li>des iules (les iules ont des dizaines de petites pattes)<\/li><li>des orvets (les orvets sont grands, ils ont des yeux, une bouche, des \u00e9cailles, et ils bougent vite)<\/li><\/ul>\n\n\n\n<figure class=\"wp-block-image\"><img loading=\"lazy\" decoding=\"async\" width=\"933\" height=\"700\" src=\"https:\/\/libre-cueillette.net\/wp-content\/uploads\/cDSC01715bis.jpg\" alt=\"\" class=\"wp-image-3582\" srcset=\"https:\/\/libre-cueillette.net\/wp-content\/uploads\/cDSC01715bis.jpg 933w, https:\/\/libre-cueillette.net\/wp-content\/uploads\/cDSC01715bis-300x225.jpg 300w, https:\/\/libre-cueillette.net\/wp-content\/uploads\/cDSC01715bis-768x576.jpg 768w\" sizes=\"auto, (max-width: 933px) 100vw, 933px\" \/><figcaption>Obama nungara: un plathelminthe tr\u00e8s lymphatique<\/figcaption><\/figure>\n\n\n\n<div class=\"wp-block-image\"><figure class=\"alignleft\"><a href=\"https:\/\/libre-cueillette.net\/wp-content\/uploads\/cDSC01712.jpg\" target=\"_blank\" rel=\"noreferrer noopener\"><img loading=\"lazy\" decoding=\"async\" width=\"150\" height=\"150\" src=\"https:\/\/libre-cueillette.net\/wp-content\/uploads\/cDSC01712-150x150.jpg\" alt=\"\" class=\"wp-image-3588\" srcset=\"https:\/\/libre-cueillette.net\/wp-content\/uploads\/cDSC01712-150x150.jpg 150w, https:\/\/libre-cueillette.net\/wp-content\/uploads\/cDSC01712-230x230.jpg 230w, https:\/\/libre-cueillette.net\/wp-content\/uploads\/cDSC01712-330x330.jpg 330w\" sizes=\"auto, (max-width: 150px) 100vw, 150px\" \/><\/a><figcaption>Il n&rsquo;arrive pas \u00e0 se retourner<\/figcaption><\/figure><\/div>\n\n\n\n<p class=\"has-text-color has-very-dark-gray-color\">Les deux individus trouv\u00e9s dans le jardin correspondent \u00e0 la description du plathelminthe <em>Obama nungara<\/em> (Carbayo et al., 2016). Il appartient \u00e0 la famille des Geoplanidae. Il est originaire du Br\u00e9sil, d&rsquo;o\u00f9 son nom issu de la langue indienne Tupi: \u00ab\u00a0<em><strong>oba<\/strong><\/em>\u00ab\u00a0, qui signifie feuille, et \u00ab\u00a0<em><strong>ma<\/strong><\/em>\u00a0\u00bb qui signifie animal, en raison de sa forme aplatie. Sa couleur dorsale va du marron clair \u00e0 presque noir. Sa reproduction est sexu\u00e9e, avec production de cocons de ponte, qui sont de petites boules de 4-5 mm. C&rsquo;est l&rsquo;esp\u00e8ce la plus souvent trouv\u00e9e en France, dans 45 d\u00e9partements en septembre 2014. Il sort la nuit. Son r\u00e9gime alimentaire est compos\u00e9 de vers de terre.<\/p>\n\n\n\n<div class=\"wp-block-image\"><figure class=\"aligncenter\"><img loading=\"lazy\" decoding=\"async\" width=\"1700\" height=\"756\" src=\"https:\/\/libre-cueillette.net\/wp-content\/uploads\/cDSC01713.jpg\" alt=\"\" class=\"wp-image-3589\" srcset=\"https:\/\/libre-cueillette.net\/wp-content\/uploads\/cDSC01713.jpg 1700w, https:\/\/libre-cueillette.net\/wp-content\/uploads\/cDSC01713-300x133.jpg 300w, https:\/\/libre-cueillette.net\/wp-content\/uploads\/cDSC01713-768x342.jpg 768w, https:\/\/libre-cueillette.net\/wp-content\/uploads\/cDSC01713-1024x455.jpg 1024w\" sizes=\"auto, (max-width: 1700px) 100vw, 1700px\" \/><figcaption>L&rsquo;orifice d&rsquo;ingestion-excr\u00e9tion se situe au milieu de la face ventrale<\/figcaption><\/figure><\/div>\n\n\n\n<p class=\"has-text-color has-very-dark-gray-color\"> Ce <a rel=\"noreferrer noopener\" aria-label=\"ver plat (s\u2019ouvre dans un nouvel onglet)\" href=\"https:\/\/www.gerbeaud.com\/nature-environnement\/obama-nungara-ver-plat-marron,1398.html\" target=\"_blank\">ver plat<\/a> est souvent pr\u00e9sent dans les conteneurs achet\u00e9s en jardineries,  o\u00f9 il trouve des conditions optimales de temp\u00e9rature et d\u2019hygrom\u00e9trie.  Il r\u00e9siste parfaitement au transport, se reproduit \u00e0 un rythme tr\u00e8s rapide, ne rencontre pas chez nous de pr\u00e9dateur ni de parasite\u2026 Une  parfaite esp\u00e8ce invasive.  Seul un \u00e9pisode de grand froid pourrait probablement freiner sa  propagation, compte tenu des origines tropicales de cet envahisseur.<\/p>\n\n\n\n<figure class=\"wp-block-image\"><img loading=\"lazy\" decoding=\"async\" width=\"1024\" height=\"448\" src=\"https:\/\/libre-cueillette.net\/wp-content\/uploads\/cDSC01714-1024x448.jpg\" alt=\"\" class=\"wp-image-3591\" srcset=\"https:\/\/libre-cueillette.net\/wp-content\/uploads\/cDSC01714-1024x448.jpg 1024w, https:\/\/libre-cueillette.net\/wp-content\/uploads\/cDSC01714-300x131.jpg 300w, https:\/\/libre-cueillette.net\/wp-content\/uploads\/cDSC01714-768x336.jpg 768w, https:\/\/libre-cueillette.net\/wp-content\/uploads\/cDSC01714.jpg 1925w\" sizes=\"auto, (max-width: 1024px) 100vw, 1024px\" \/><figcaption>La \u00ab\u00a0t\u00eate\u00a0\u00bb est la partie effil\u00e9e \u00e0 gauche de l&rsquo;image. <\/figcaption><\/figure>\n\n\n\n<p class=\"has-text-color has-very-dark-gray-color\"><a rel=\"noreferrer noopener\" aria-label=\"Que faire (s\u2019ouvre dans un nouvel onglet)\" href=\"https:\/\/sites.google.com\/site\/jljjustine\/que-faire-si-je-trouve-un-plathelminthe?authuser=0\" target=\"_blank\">Que faire<\/a>, si on en trouve ? Voici les indications de Jean-Lou Justine, le scientifique du Mus\u00e9um national d&rsquo;histoire naturelle. \u00ab\u00a0D&rsquo;abord, bien v\u00e9rifier que c&rsquo;est un Plathelminthe invasif terrestre: comparer avec les <a href=\"https:\/\/sites.google.com\/site\/jljjustine\/plathelminthe-terrestre-invasif\/especes?authuser=0\">photos des esp\u00e8ces<\/a> sur ce site. Ensuite, noter l&rsquo;endroit (votre jardin? ailleurs? dans la terre? sous un pot de fleurs?). Faire des photos de pr\u00e8s. Pensez \u00e0 placer un objet pour montrer les dimensions: un m\u00e8tre-ruban, du papier quadrill\u00e9, ou une pi\u00e8ce de monnaie. Pensez aussi \u00e0 la lumi\u00e8re &#8211; votre photo sera meilleure si l&rsquo;animal est bien \u00e9clair\u00e9. Un \u00ab\u00a0truc\u00a0\u00bb: souvent, votre appareil fera une meilleure photo si le ver est sur fond sombre (mais bien \u00e9clair\u00e9).\u00a0\u00bb<\/p>\n\n\n\n<p class=\"has-text-color has-very-dark-gray-color\">\u00ab\u00a0Vous pouvez ensuite envoyer l&rsquo;information par deux voies, au choix:<\/p>\n\n\n\n<p class=\"has-text-color has-very-dark-gray-color\">(1) Le plus facile: sur le site des <a rel=\"noreferrer noopener\" href=\"http:\/\/www.google.com\/url?q=http%3A%2F%2Feee.mnhn.fr%2F&amp;sa=D&amp;sntz=1&amp;usg=AFQjCNGNEIiOwBM0wWKksF_OQblSm7fV6Q\" target=\"_blank\">esp\u00e8ces exotiques envahissantes<\/a> du Mus\u00e9um National d&rsquo;Histoire Naturelle. Allez directement au formulaire: <a rel=\"noreferrer noopener\" href=\"http:\/\/www.google.com\/url?q=http%3A%2F%2Feee.mnhn.fr%2Fformulaire%2F&amp;sa=D&amp;sntz=1&amp;usg=AFQjCNGzmx5WUUWX-1Jb57_GSIoz4IYUHw\" target=\"_blank\"><strong>cliquer ici<\/strong><\/a> et entrez les renseignements et la photo du ver. Pour les Plathelminthes, vous avez actuellement le choix entre plusieurs esp\u00e8ces (class\u00e9es \u00e0 \u00ab\u00a0Ver plat\u00a0\u00bb). Si vous ne trouvez pas votre esp\u00e8ce, vous pouvez tout de m\u00eame utiliser le dernier choix \u00ab\u00a0Autre taxon\u00a0\u00bb.<\/p>\n\n\n\n<p class=\"has-text-color has-very-dark-gray-color\">(2) Plus compliqu\u00e9: par email. Si vous avez des <em>excellentes photos<\/em> faites avec un bon appareil, utilisez plut\u00f4t cette voie.\u00a0\u00bb<\/p>\n\n\n\n<div class=\"wp-block-image\"><figure class=\"aligncenter is-resized\"><img loading=\"lazy\" decoding=\"async\" src=\"https:\/\/libre-cueillette.net\/wp-content\/uploads\/cDSC01729-1.jpg\" alt=\"\" class=\"wp-image-3594\" width=\"580\" height=\"322\" srcset=\"https:\/\/libre-cueillette.net\/wp-content\/uploads\/cDSC01729-1.jpg 1257w, https:\/\/libre-cueillette.net\/wp-content\/uploads\/cDSC01729-1-300x167.jpg 300w, https:\/\/libre-cueillette.net\/wp-content\/uploads\/cDSC01729-1-768x428.jpg 768w, https:\/\/libre-cueillette.net\/wp-content\/uploads\/cDSC01729-1-1024x570.jpg 1024w\" sizes=\"auto, (max-width: 580px) 100vw, 580px\" \/><figcaption>Plathelminthe <em>Obama nungar<\/em>a <\/figcaption><\/figure><\/div>\n\n\n\n<p class=\"has-text-color has-very-dark-gray-color\">Sous ce m\u00eame pot, il y avait des millepattes (qui couraient trop vite, j&rsquo;ai rat\u00e9 la photo, ils sont tout flous) et une limace originale. Il semblerait que ce soit une limace l\u00e9opard (<em>Limax maximus L. 1758<\/em>). J&rsquo;avais vu une vid\u00e9o sur l&rsquo;accouplement spectaculaire de cette esp\u00e8ce: apr\u00e8s une cour tr\u00e8s longue durant laquelle elles s&rsquo;encerclent et se \u00ab\u00a0l\u00e8chent\u00a0\u00bb mutuellement, les deux limaces grimpent \u00e0 un arbre (ou n&rsquo;importe quel support \u00e9lev\u00e9), puis se suspendent \u00e0 un fil de bave, leurs p\u00e9nis s&rsquo;allongent et s&rsquo;entortillent au ralenti, tandis qu&rsquo;elles tournent lentement, dans un ballet tr\u00e8s esth\u00e9tique. &#8211; Les limaces sont hermaphrodites, donc \u00e0 la fois m\u00e2le et femelle. Elles se f\u00e9condent mutuellement et pondent des centaines d\u2019\u0153ufs. &#8211; Comme les autres limaces, la limace l\u00e9opard se nourrit de champignons et de feuilles ab\u00eem\u00e9es, mais elle ne d\u00e9daigne pas de manger des animaux morts (les limaces sont un peu \u00ab\u00a0anthropophages\u00a0\u00bb sur les bords&#8230;).<\/p>\n\n\n\n<figure class=\"wp-block-image\"><img loading=\"lazy\" decoding=\"async\" width=\"1000\" height=\"379\" src=\"https:\/\/libre-cueillette.net\/wp-content\/uploads\/cDSC01728.jpg\" alt=\"\" class=\"wp-image-3595\" srcset=\"https:\/\/libre-cueillette.net\/wp-content\/uploads\/cDSC01728.jpg 1000w, https:\/\/libre-cueillette.net\/wp-content\/uploads\/cDSC01728-300x114.jpg 300w, https:\/\/libre-cueillette.net\/wp-content\/uploads\/cDSC01728-768x291.jpg 768w\" sizes=\"auto, (max-width: 1000px) 100vw, 1000px\" \/><figcaption> <br>Limace l\u00e9opard (<em>Limax maximus L. 1758<\/em>) <\/figcaption><\/figure>\n\n\n\n<p class=\"has-text-color has-very-dark-gray-color\">Pour aider le professeur Jean-Lou Justine et le mus\u00e9um national d&rsquo;histoire naturelle, un t\u00e9moignage de cette d\u00e9couverte de ver plat invasif au Jardin des \u00e9toiles a \u00e9t\u00e9 envoy\u00e9 le 19 f\u00e9vrier avec une s\u00e9lection de photos. D\u00e8s le lendemain, il a confirm\u00e9 l&rsquo;identification de l&rsquo;esp\u00e8ce qui est bien un plathelminthe <em>Obama nungara<\/em>.  L&rsquo;information sera ajout\u00e9e aux donn\u00e9es du MNHN et permettra de cartographier la pr\u00e9sence de cette esp\u00e8ce.  Les photos ont \u00e9t\u00e9 d\u00e9pos\u00e9es sur <a rel=\"noreferrer noopener\" aria-label=\"Twitter (s\u2019ouvre dans un nouvel onglet)\" href=\"https:\/\/twitter.com\/Plathelminthe4\/status\/1098213356698251265\" target=\"_blank\">Twitter<\/a>. Il a \u00e9galement donn\u00e9 les liens suivants:<br>&#8211; <a rel=\"noreferrer noopener\" aria-label=\"Lien 1 (s\u2019ouvre dans un nouvel onglet)\" href=\"https:\/\/sites.google.com\/site\/jljjustine\/plathelminthe-terrestre-invasif\/enfinunnompourlespecemarronplate\" target=\"_blank\">Lien 1<\/a> &#8211; <a rel=\"noreferrer noopener\" aria-label=\"Lien 2 (s\u2019ouvre dans un nouvel onglet)\" href=\"https:\/\/theconversation.com\/en-direct-des-especes-avez-vous-vu-obama-dans-votre-jardin-74030\" target=\"_blank\">Lien 2<\/a> &#8211; <a rel=\"noreferrer noopener\" aria-label=\"Lien 3 (s\u2019ouvre dans un nouvel onglet)\" href=\"https:\/\/theconversation.com\/des-vers-geants-predateurs-envahissent-les-jardins-francais-dans-lindifference-96241\" target=\"_blank\">Lien 3<\/a> &#8211; <a rel=\"noreferrer noopener\" aria-label=\"Lien 4 (s\u2019ouvre dans un nouvel onglet)\" href=\"https:\/\/peerj.com\/articles\/4672\/\" target=\"_blank\">Lien 4<\/a> &#8211; <a rel=\"noreferrer noopener\" aria-label=\"Lien 5 (s\u2019ouvre dans un nouvel onglet)\" href=\"https:\/\/peerj.com\/articles\/4672\/#supp-3 )\" target=\"_blank\">Lien 5<\/a> &#8211; <a rel=\"noreferrer noopener\" aria-label=\"Lien 6 (s\u2019ouvre dans un nouvel onglet)\" href=\"http:\/\/bit.ly\/Plathelminthe\" target=\"_blank\">Lien 6<\/a> &#8211; <br> Des nouvelles au jour le jour sur <a rel=\"noreferrer noopener\" aria-label=\"Twitter (s\u2019ouvre dans un nouvel onglet)\" href=\"https:\/\/twitter.com\/Plathelminthe4\" target=\"_blank\">Twitter.<\/a><\/p>\n","protected":false},"excerpt":{"rendered":"<p>Aujourd&rsquo;hui, aux Terrasses, Sonia a fait une d\u00e9couverte curieuse en d\u00e9pla\u00e7ant le gros pot de fleur o\u00f9 pousse un laurier sauce. Il y avait des b\u00eates qui faisaient penser \u00e0 des limaces au corps aplati. Bizarrement, l&rsquo;animal en s&rsquo;allongeant pour<\/p>\n","protected":false},"author":1,"featured_media":0,"comment_status":"open","ping_status":"open","sticky":false,"template":"","format":"standard","meta":{"footnotes":""},"categories":[273],"tags":[297],"class_list":["post-3577","post","type-post","status-publish","format-standard","hentry","category-terrasses-de-l-avenue","tag-297"],"_links":{"self":[{"href":"https:\/\/libre-cueillette.net\/index.php\/wp-json\/wp\/v2\/posts\/3577","targetHints":{"allow":["GET"]}}],"collection":[{"href":"https:\/\/libre-cueillette.net\/index.php\/wp-json\/wp\/v2\/posts"}],"about":[{"href":"https:\/\/libre-cueillette.net\/index.php\/wp-json\/wp\/v2\/types\/post"}],"author":[{"embeddable":true,"href":"https:\/\/libre-cueillette.net\/index.php\/wp-json\/wp\/v2\/users\/1"}],"replies":[{"embeddable":true,"href":"https:\/\/libre-cueillette.net\/index.php\/wp-json\/wp\/v2\/comments?post=3577"}],"version-history":[{"count":14,"href":"https:\/\/libre-cueillette.net\/index.php\/wp-json\/wp\/v2\/posts\/3577\/revisions"}],"predecessor-version":[{"id":3608,"href":"https:\/\/libre-cueillette.net\/index.php\/wp-json\/wp\/v2\/posts\/3577\/revisions\/3608"}],"wp:attachment":[{"href":"https:\/\/libre-cueillette.net\/index.php\/wp-json\/wp\/v2\/media?parent=3577"}],"wp:term":[{"taxonomy":"category","embeddable":true,"href":"https:\/\/libre-cueillette.net\/index.php\/wp-json\/wp\/v2\/categories?post=3577"},{"taxonomy":"post_tag","embeddable":true,"href":"https:\/\/libre-cueillette.net\/index.php\/wp-json\/wp\/v2\/tags?post=3577"}],"curies":[{"name":"wp","href":"https:\/\/api.w.org\/{rel}","templated":true}]}}