{"id":4781,"date":"2019-05-06T19:43:16","date_gmt":"2019-05-06T18:43:16","guid":{"rendered":"http:\/\/libre-cueillette.net\/?p=4781"},"modified":"2019-05-09T16:58:17","modified_gmt":"2019-05-09T15:58:17","slug":"apres-demain","status":"publish","type":"post","link":"https:\/\/libre-cueillette.net\/index.php\/2019\/05\/06\/apres-demain\/","title":{"rendered":"Apr\u00e8s \u00ab\u00a0Demain\u00a0\u00bb"},"content":{"rendered":"\n<div class=\"wp-block-image\"><figure class=\"aligncenter\"><img loading=\"lazy\" decoding=\"async\" width=\"1244\" height=\"700\" src=\"https:\/\/libre-cueillette.net\/wp-content\/uploads\/a20190506_171835.jpg\" alt=\"\" class=\"wp-image-4782\" srcset=\"https:\/\/libre-cueillette.net\/wp-content\/uploads\/a20190506_171835.jpg 1244w, https:\/\/libre-cueillette.net\/wp-content\/uploads\/a20190506_171835-300x169.jpg 300w, https:\/\/libre-cueillette.net\/wp-content\/uploads\/a20190506_171835-768x432.jpg 768w, https:\/\/libre-cueillette.net\/wp-content\/uploads\/a20190506_171835-1024x576.jpg 1024w\" sizes=\"auto, (max-width: 1244px) 100vw, 1244px\" \/><figcaption>Trois lyc\u00e9ennes de Largent\u00e9 (Bayonne) visitent les jardins partag\u00e9s des Terrasses de l&rsquo;Avenue.<\/figcaption><\/figure><\/div>\n\n\n\n<p>L&rsquo;association Libre Cueillette int\u00e9resse d\u00e9cid\u00e9ment bien du monde: un journaliste du quotidien Sud-Ouest, le service communication de la mairie d&rsquo;Anglet, et enfin le lyc\u00e9e Largent\u00e9 de Bayonne. Trois \u00e9l\u00e8ves sont venues filmer la pr\u00e9sentation par Sonia des deux jardins partag\u00e9s des Terrasses de l&rsquo;Avenue dans le cadre de la r\u00e9alisation d&rsquo;un reportage scolaire intitul\u00e9 Apr\u00e8s \u00ab\u00a0Demain\u00a0\u00bb. Bien s\u00fbr, elles avaient pr\u00e9alablement vu le film toutes les trois. Puis elles ont demand\u00e9 \u00e0 Sonia et Cathy de se mettre dans un endroit sans vent, de fa\u00e7on \u00e0 filmer l&rsquo;interview avec un son correct. L&rsquo;entretien avait \u00e9t\u00e9 soigneusement pr\u00e9par\u00e9 sous forme d&rsquo;un questionnaire imprim\u00e9 que l&rsquo;une d&rsquo;entre elles a lu pour guider notre expos\u00e9 sur l&rsquo;association et ses activit\u00e9s. Un \u00e9change bien sympathique qui, nous l&rsquo;esp\u00e9rons, \u00e9veillera des vocations !<\/p>\n\n\n\n<div class=\"wp-block-image\"><figure class=\"aligncenter\"><img loading=\"lazy\" decoding=\"async\" width=\"1244\" height=\"700\" src=\"https:\/\/libre-cueillette.net\/wp-content\/uploads\/a20190506_172155.jpg\" alt=\"\" class=\"wp-image-4783\" srcset=\"https:\/\/libre-cueillette.net\/wp-content\/uploads\/a20190506_172155.jpg 1244w, https:\/\/libre-cueillette.net\/wp-content\/uploads\/a20190506_172155-300x169.jpg 300w, https:\/\/libre-cueillette.net\/wp-content\/uploads\/a20190506_172155-768x432.jpg 768w, https:\/\/libre-cueillette.net\/wp-content\/uploads\/a20190506_172155-1024x576.jpg 1024w\" sizes=\"auto, (max-width: 1244px) 100vw, 1244px\" \/><\/figure><\/div>\n","protected":false},"excerpt":{"rendered":"<p>L&rsquo;association Libre Cueillette int\u00e9resse d\u00e9cid\u00e9ment bien du monde: un journaliste du quotidien Sud-Ouest, le service communication de la mairie d&rsquo;Anglet, et enfin le lyc\u00e9e Largent\u00e9 de Bayonne. Trois \u00e9l\u00e8ves sont venues filmer la pr\u00e9sentation par Sonia des deux jardins partag\u00e9s<\/p>\n","protected":false},"author":1,"featured_media":0,"comment_status":"open","ping_status":"open","sticky":false,"template":"","format":"standard","meta":{"footnotes":""},"categories":[273],"tags":[297],"class_list":["post-4781","post","type-post","status-publish","format-standard","hentry","category-terrasses-de-l-avenue","tag-297"],"_links":{"self":[{"href":"https:\/\/libre-cueillette.net\/index.php\/wp-json\/wp\/v2\/posts\/4781","targetHints":{"allow":["GET"]}}],"collection":[{"href":"https:\/\/libre-cueillette.net\/index.php\/wp-json\/wp\/v2\/posts"}],"about":[{"href":"https:\/\/libre-cueillette.net\/index.php\/wp-json\/wp\/v2\/types\/post"}],"author":[{"embeddable":true,"href":"https:\/\/libre-cueillette.net\/index.php\/wp-json\/wp\/v2\/users\/1"}],"replies":[{"embeddable":true,"href":"https:\/\/libre-cueillette.net\/index.php\/wp-json\/wp\/v2\/comments?post=4781"}],"version-history":[{"count":2,"href":"https:\/\/libre-cueillette.net\/index.php\/wp-json\/wp\/v2\/posts\/4781\/revisions"}],"predecessor-version":[{"id":4785,"href":"https:\/\/libre-cueillette.net\/index.php\/wp-json\/wp\/v2\/posts\/4781\/revisions\/4785"}],"wp:attachment":[{"href":"https:\/\/libre-cueillette.net\/index.php\/wp-json\/wp\/v2\/media?parent=4781"}],"wp:term":[{"taxonomy":"category","embeddable":true,"href":"https:\/\/libre-cueillette.net\/index.php\/wp-json\/wp\/v2\/categories?post=4781"},{"taxonomy":"post_tag","embeddable":true,"href":"https:\/\/libre-cueillette.net\/index.php\/wp-json\/wp\/v2\/tags?post=4781"}],"curies":[{"name":"wp","href":"https:\/\/api.w.org\/{rel}","templated":true}]}}