{"id":4796,"date":"2019-05-10T20:54:38","date_gmt":"2019-05-10T19:54:38","guid":{"rendered":"http:\/\/libre-cueillette.net\/?p=4796"},"modified":"2019-05-10T20:54:40","modified_gmt":"2019-05-10T19:54:40","slug":"belle-production-au-jardin-du-tournesol","status":"publish","type":"post","link":"https:\/\/libre-cueillette.net\/index.php\/2019\/05\/10\/belle-production-au-jardin-du-tournesol\/","title":{"rendered":"Belle production au jardin du Tournesol"},"content":{"rendered":"<div id=\"metaslider-id-4797\" style=\"max-width: 1244px;\" class=\"ml-slider-3-108-0 metaslider metaslider-nivo metaslider-4797 ml-slider has-dots-nav ms-theme-jenga\" role=\"region\" aria-label=\"col_190510\" data-height=\"700\" data-width=\"1244\">\n    <div id=\"metaslider_container_4797\">\n        <div class='slider-wrapper theme-default'><div class='ribbon'><\/div><div id='metaslider_4797' class='nivoSlider'><img loading=\"lazy\" decoding=\"async\" src=\"https:\/\/libre-cueillette.net\/wp-content\/uploads\/a20190510_154221.jpg\" height=\"700\" width=\"1244\" data-caption=\"R&eacute;colte des f&egrave;ves visit&eacute;es par une coccinelle\" title=\"a20190510_154221\" alt=\"\" class=\"slider-4797 slide-4805 msDefaultImage\" \/><img loading=\"lazy\" decoding=\"async\" src=\"https:\/\/libre-cueillette.net\/wp-content\/uploads\/a20190510_154231.jpg\" height=\"700\" width=\"1244\" data-caption=\"Jolie production\" title=\"a20190510_154231\" alt=\"\" class=\"slider-4797 slide-4806 msDefaultImage\" \/><img loading=\"lazy\" decoding=\"async\" src=\"https:\/\/libre-cueillette.net\/wp-content\/uploads\/a20190510_154249.jpg\" height=\"700\" width=\"1244\" data-caption=\"Les radis ne demandent qu&#039;&agrave; &ecirc;tre ramass&eacute;s. Les haricots verts derri&egrave;re vont bient&ocirc;t escalader les tuteurs.\" title=\"a20190510_154249\" alt=\"\" class=\"slider-4797 slide-4807 msDefaultImage\" \/><img loading=\"lazy\" decoding=\"async\" src=\"https:\/\/libre-cueillette.net\/wp-content\/uploads\/a20190510_154322.jpg\" height=\"700\" width=\"1244\" data-caption=\"La production du jour: radis, une carotte, deux salades, f&egrave;ves.\" title=\"a20190510_154322\" alt=\"\" class=\"slider-4797 slide-4808 msDefaultImage\" \/><img loading=\"lazy\" decoding=\"async\" src=\"https:\/\/libre-cueillette.net\/wp-content\/uploads\/a20190510_154346.jpg\" height=\"700\" width=\"1244\" data-caption=\"Les carottes se plaisent beaucoup sur cette terrasse.\" title=\"a20190510_154346\" alt=\"\" class=\"slider-4797 slide-4809 msDefaultImage\" \/><img loading=\"lazy\" decoding=\"async\" src=\"https:\/\/libre-cueillette.net\/wp-content\/uploads\/a20190510_154419.jpg\" height=\"700\" width=\"1244\" data-caption=\"Coriandre en fleurs\" title=\"a20190510_154419\" alt=\"\" class=\"slider-4797 slide-4810 msDefaultImage\" \/><img loading=\"lazy\" decoding=\"async\" src=\"https:\/\/libre-cueillette.net\/wp-content\/uploads\/a20190510_154433.jpg\" height=\"700\" width=\"1244\" data-caption=\"La coriandre a des fleurs roses, d&#039;autres blanches, et certaines encore panach&eacute;es rose et blanc.\" title=\"a20190510_154433\" alt=\"\" class=\"slider-4797 slide-4811 msDefaultImage\" \/><\/div><\/div>\n        \n    <\/div>\n<\/div>\n\n\n<div id=\"metaslider-id-4812\" style=\"max-width: 1244px;\" class=\"ml-slider-3-108-0 metaslider metaslider-nivo metaslider-4812 ml-slider has-dots-nav ms-theme-jenga\" role=\"region\" aria-label=\"col_190510a\" data-height=\"700\" data-width=\"1244\">\n    <div id=\"metaslider_container_4812\">\n        <div class='slider-wrapper theme-default'><div class='ribbon'><\/div><div id='metaslider_4812' class='nivoSlider'><img loading=\"lazy\" decoding=\"async\" src=\"https:\/\/libre-cueillette.net\/wp-content\/uploads\/a20190510_154449.jpg\" height=\"700\" width=\"1244\" data-caption=\"Les premi&egrave;res fraises du jardin du Tournesol\" title=\"a20190510_154449\" alt=\"\" class=\"slider-4812 slide-4821 msDefaultImage\" \/><img loading=\"lazy\" decoding=\"async\" src=\"https:\/\/libre-cueillette.net\/wp-content\/uploads\/a20190510_154504.jpg\" height=\"700\" width=\"1244\" data-caption=\"Les plants de courgettes grandissent.\" title=\"a20190510_154504\" alt=\"\" class=\"slider-4812 slide-4822 msDefaultImage\" \/><img loading=\"lazy\" decoding=\"async\" src=\"https:\/\/libre-cueillette.net\/wp-content\/uploads\/a20190510_154516.jpg\" height=\"700\" width=\"1244\" data-caption=\"La moutarde Mostaza et la salade Mizuna en fleurs.\" title=\"a20190510_154516\" alt=\"\" class=\"slider-4812 slide-4823 msDefaultImage\" \/><img loading=\"lazy\" decoding=\"async\" src=\"https:\/\/libre-cueillette.net\/wp-content\/uploads\/a20190510_154543.jpg\" height=\"700\" width=\"1244\" data-caption=\"Mostaza et Mizuna.\" title=\"a20190510_154543\" alt=\"\" class=\"slider-4812 slide-4824 msDefaultImage\" \/><img loading=\"lazy\" decoding=\"async\" src=\"https:\/\/libre-cueillette.net\/wp-content\/uploads\/a20190510_154627.jpg\" height=\"700\" width=\"1244\" data-caption=\"Qu&#039;est-ce qui est meilleur que la ciboulette ? La fleur de ciboulette !\" title=\"a20190510_154627\" alt=\"\" class=\"slider-4812 slide-4825 msDefaultImage\" \/><img loading=\"lazy\" decoding=\"async\" src=\"https:\/\/libre-cueillette.net\/wp-content\/uploads\/a20190510_161335.jpg\" height=\"700\" width=\"1244\" data-caption=\"De beaux radis !\" title=\"a20190510_161335\" alt=\"\" class=\"slider-4812 slide-4826 msDefaultImage\" \/><img loading=\"lazy\" decoding=\"async\" src=\"https:\/\/libre-cueillette.net\/wp-content\/uploads\/a20190510_161405.jpg\" height=\"700\" width=\"1244\" data-caption=\"Graines de coriandre\" title=\"a20190510_161405\" alt=\"\" class=\"slider-4812 slide-4827 msDefaultImage\" \/><img loading=\"lazy\" decoding=\"async\" src=\"https:\/\/libre-cueillette.net\/wp-content\/uploads\/a20190510_161422.jpg\" height=\"700\" width=\"1244\" data-caption=\"Fleurs de coriandre\" title=\"a20190510_161422\" alt=\"\" class=\"slider-4812 slide-4828 msDefaultImage\" \/><\/div><\/div>\n        \n    <\/div>\n<\/div>\n\n\n\n<div class=\"wp-block-image\"><figure class=\"aligncenter\"><img loading=\"lazy\" decoding=\"async\" width=\"394\" height=\"700\" src=\"https:\/\/libre-cueillette.net\/wp-content\/uploads\/b20190510_154744.jpg\" alt=\"\" class=\"wp-image-4829\" srcset=\"https:\/\/libre-cueillette.net\/wp-content\/uploads\/b20190510_154744.jpg 394w, https:\/\/libre-cueillette.net\/wp-content\/uploads\/b20190510_154744-169x300.jpg 169w\" sizes=\"auto, (max-width: 394px) 100vw, 394px\" \/><figcaption>Les tuyaux d\u00e9saffect\u00e9s sont toujours l\u00e0 et g\u00eanent les cultures du jardin partag\u00e9.<\/figcaption><\/figure><\/div>\n\n\n\n<p><\/p>\n","protected":false},"excerpt":{"rendered":"","protected":false},"author":1,"featured_media":0,"comment_status":"open","ping_status":"open","sticky":false,"template":"","format":"standard","meta":{"footnotes":""},"categories":[273],"tags":[297],"class_list":["post-4796","post","type-post","status-publish","format-standard","hentry","category-terrasses-de-l-avenue","tag-297"],"_links":{"self":[{"href":"https:\/\/libre-cueillette.net\/index.php\/wp-json\/wp\/v2\/posts\/4796","targetHints":{"allow":["GET"]}}],"collection":[{"href":"https:\/\/libre-cueillette.net\/index.php\/wp-json\/wp\/v2\/posts"}],"about":[{"href":"https:\/\/libre-cueillette.net\/index.php\/wp-json\/wp\/v2\/types\/post"}],"author":[{"embeddable":true,"href":"https:\/\/libre-cueillette.net\/index.php\/wp-json\/wp\/v2\/users\/1"}],"replies":[{"embeddable":true,"href":"https:\/\/libre-cueillette.net\/index.php\/wp-json\/wp\/v2\/comments?post=4796"}],"version-history":[{"count":1,"href":"https:\/\/libre-cueillette.net\/index.php\/wp-json\/wp\/v2\/posts\/4796\/revisions"}],"predecessor-version":[{"id":4830,"href":"https:\/\/libre-cueillette.net\/index.php\/wp-json\/wp\/v2\/posts\/4796\/revisions\/4830"}],"wp:attachment":[{"href":"https:\/\/libre-cueillette.net\/index.php\/wp-json\/wp\/v2\/media?parent=4796"}],"wp:term":[{"taxonomy":"category","embeddable":true,"href":"https:\/\/libre-cueillette.net\/index.php\/wp-json\/wp\/v2\/categories?post=4796"},{"taxonomy":"post_tag","embeddable":true,"href":"https:\/\/libre-cueillette.net\/index.php\/wp-json\/wp\/v2\/tags?post=4796"}],"curies":[{"name":"wp","href":"https:\/\/api.w.org\/{rel}","templated":true}]}}