{"id":5144,"date":"2019-09-14T20:46:01","date_gmt":"2019-09-14T19:46:01","guid":{"rendered":"http:\/\/libre-cueillette.net\/?p=5144"},"modified":"2019-09-14T20:46:02","modified_gmt":"2019-09-14T19:46:02","slug":"belles-recoltes-au-jardin-des-etoiles","status":"publish","type":"post","link":"https:\/\/libre-cueillette.net\/index.php\/2019\/09\/14\/belles-recoltes-au-jardin-des-etoiles\/","title":{"rendered":"Belles r\u00e9coltes au jardin des \u00e9toiles"},"content":{"rendered":"\n<div class=\"wp-block-image\"><figure class=\"aligncenter\"><img loading=\"lazy\" decoding=\"async\" width=\"525\" height=\"700\" src=\"https:\/\/libre-cueillette.net\/wp-content\/uploads\/190729_recolte.jpg\" alt=\"\" class=\"wp-image-5145\" srcset=\"https:\/\/libre-cueillette.net\/wp-content\/uploads\/190729_recolte.jpg 525w, https:\/\/libre-cueillette.net\/wp-content\/uploads\/190729_recolte-225x300.jpg 225w\" sizes=\"auto, (max-width: 525px) 100vw, 525px\" \/><figcaption>R\u00e9colte du 29 juillet<\/figcaption><\/figure><\/div>\n\n\n\n<div class=\"wp-block-image\"><figure class=\"aligncenter\"><img loading=\"lazy\" decoding=\"async\" width=\"525\" height=\"700\" src=\"https:\/\/libre-cueillette.net\/wp-content\/uploads\/190809_recolte.jpg\" alt=\"\" class=\"wp-image-5146\" srcset=\"https:\/\/libre-cueillette.net\/wp-content\/uploads\/190809_recolte.jpg 525w, https:\/\/libre-cueillette.net\/wp-content\/uploads\/190809_recolte-225x300.jpg 225w\" sizes=\"auto, (max-width: 525px) 100vw, 525px\" \/><figcaption>R\u00e9colte du 9 ao\u00fbt<\/figcaption><\/figure><\/div>\n\n\n\n<div class=\"wp-block-image\"><figure class=\"aligncenter\"><img loading=\"lazy\" decoding=\"async\" width=\"933\" height=\"700\" src=\"https:\/\/libre-cueillette.net\/wp-content\/uploads\/190903_recolte.jpg\" alt=\"\" class=\"wp-image-5147\" srcset=\"https:\/\/libre-cueillette.net\/wp-content\/uploads\/190903_recolte.jpg 933w, https:\/\/libre-cueillette.net\/wp-content\/uploads\/190903_recolte-300x225.jpg 300w, https:\/\/libre-cueillette.net\/wp-content\/uploads\/190903_recolte-768x576.jpg 768w\" sizes=\"auto, (max-width: 933px) 100vw, 933px\" \/><figcaption>R\u00e9colte du 3 septembre<\/figcaption><\/figure><\/div>\n\n\n\n<div class=\"wp-block-image\"><figure class=\"aligncenter\"><img loading=\"lazy\" decoding=\"async\" width=\"933\" height=\"700\" src=\"https:\/\/libre-cueillette.net\/wp-content\/uploads\/190903_recolte2.jpg\" alt=\"\" class=\"wp-image-5148\" srcset=\"https:\/\/libre-cueillette.net\/wp-content\/uploads\/190903_recolte2.jpg 933w, https:\/\/libre-cueillette.net\/wp-content\/uploads\/190903_recolte2-300x225.jpg 300w, https:\/\/libre-cueillette.net\/wp-content\/uploads\/190903_recolte2-768x576.jpg 768w\" sizes=\"auto, (max-width: 933px) 100vw, 933px\" \/><figcaption>Suite de la r\u00e9colte du 3 septembre <\/figcaption><\/figure><\/div>\n\n\n\n<div class=\"wp-block-image\"><figure class=\"aligncenter\"><img loading=\"lazy\" decoding=\"async\" width=\"933\" height=\"700\" src=\"https:\/\/libre-cueillette.net\/wp-content\/uploads\/190903_recolte3.jpg\" alt=\"\" class=\"wp-image-5149\" srcset=\"https:\/\/libre-cueillette.net\/wp-content\/uploads\/190903_recolte3.jpg 933w, https:\/\/libre-cueillette.net\/wp-content\/uploads\/190903_recolte3-300x225.jpg 300w, https:\/\/libre-cueillette.net\/wp-content\/uploads\/190903_recolte3-768x576.jpg 768w\" sizes=\"auto, (max-width: 933px) 100vw, 933px\" \/><figcaption>Fin de la r\u00e9colte du 3 septembre <\/figcaption><\/figure><\/div>\n\n\n\n<p>Le jardin des \u00e9toiles de la r\u00e9sidence des Terrasses de l&rsquo;Avenue est d\u00e9sormais cultiv\u00e9 de fa\u00e7on autonome par le petit groupe form\u00e9 par Libre Cueillette. Les photos sont \u00e9loquentes, c&rsquo;est un jardin EXTRAORDINAIRE, qui donne une production g\u00e9n\u00e9reuse, abondante et vari\u00e9e, un vrai plaisir des yeux et des papilles ! F\u00e9licitations aux jardini\u00e8res !<\/p>\n","protected":false},"excerpt":{"rendered":"<p>Le jardin des \u00e9toiles de la r\u00e9sidence des Terrasses de l&rsquo;Avenue est d\u00e9sormais cultiv\u00e9 de fa\u00e7on autonome par le petit groupe form\u00e9 par Libre Cueillette. Les photos sont \u00e9loquentes, c&rsquo;est un jardin EXTRAORDINAIRE, qui donne une production g\u00e9n\u00e9reuse, abondante et<\/p>\n","protected":false},"author":1,"featured_media":0,"comment_status":"open","ping_status":"open","sticky":false,"template":"","format":"standard","meta":{"footnotes":""},"categories":[273],"tags":[297],"class_list":["post-5144","post","type-post","status-publish","format-standard","hentry","category-terrasses-de-l-avenue","tag-297"],"_links":{"self":[{"href":"https:\/\/libre-cueillette.net\/index.php\/wp-json\/wp\/v2\/posts\/5144","targetHints":{"allow":["GET"]}}],"collection":[{"href":"https:\/\/libre-cueillette.net\/index.php\/wp-json\/wp\/v2\/posts"}],"about":[{"href":"https:\/\/libre-cueillette.net\/index.php\/wp-json\/wp\/v2\/types\/post"}],"author":[{"embeddable":true,"href":"https:\/\/libre-cueillette.net\/index.php\/wp-json\/wp\/v2\/users\/1"}],"replies":[{"embeddable":true,"href":"https:\/\/libre-cueillette.net\/index.php\/wp-json\/wp\/v2\/comments?post=5144"}],"version-history":[{"count":1,"href":"https:\/\/libre-cueillette.net\/index.php\/wp-json\/wp\/v2\/posts\/5144\/revisions"}],"predecessor-version":[{"id":5150,"href":"https:\/\/libre-cueillette.net\/index.php\/wp-json\/wp\/v2\/posts\/5144\/revisions\/5150"}],"wp:attachment":[{"href":"https:\/\/libre-cueillette.net\/index.php\/wp-json\/wp\/v2\/media?parent=5144"}],"wp:term":[{"taxonomy":"category","embeddable":true,"href":"https:\/\/libre-cueillette.net\/index.php\/wp-json\/wp\/v2\/categories?post=5144"},{"taxonomy":"post_tag","embeddable":true,"href":"https:\/\/libre-cueillette.net\/index.php\/wp-json\/wp\/v2\/tags?post=5144"}],"curies":[{"name":"wp","href":"https:\/\/api.w.org\/{rel}","templated":true}]}}