{"id":5640,"date":"2020-09-08T09:53:36","date_gmt":"2020-09-08T08:53:36","guid":{"rendered":"http:\/\/libre-cueillette.net\/?p=5640"},"modified":"2020-09-08T18:58:53","modified_gmt":"2020-09-08T17:58:53","slug":"forum-2020-des-associations","status":"publish","type":"post","link":"https:\/\/libre-cueillette.net\/index.php\/2020\/09\/08\/forum-2020-des-associations\/","title":{"rendered":"Forum 2020 des associations"},"content":{"rendered":"\n<div class=\"wp-block-image\"><figure class=\"aligncenter\"><img loading=\"lazy\" decoding=\"async\" width=\"203\" height=\"300\" src=\"https:\/\/libre-cueillette.net\/wp-content\/uploads\/a_affiche_forum_asso_2020-203x300.jpg\" alt=\"\" class=\"wp-image-5641\" srcset=\"https:\/\/libre-cueillette.net\/wp-content\/uploads\/a_affiche_forum_asso_2020-203x300.jpg 203w, https:\/\/libre-cueillette.net\/wp-content\/uploads\/a_affiche_forum_asso_2020.jpg 474w\" sizes=\"auto, (max-width: 203px) 100vw, 203px\" \/><figcaption>Masque obligatoire au forum 2020<\/figcaption><\/figure><\/div>\n\n\n\n<p class=\"has-text-color has-very-dark-gray-color\">Le forum des associations d&rsquo;Anglet de 2020 s&rsquo;est tr\u00e8s bien d\u00e9roul\u00e9, avec une m\u00e9t\u00e9o favorable mais une temp\u00e9rature supportable dans les courts couverts o\u00f9 Libre Cueillette avait son stand, comme d&rsquo;habitude. L&rsquo;ambiance toutefois \u00e9tait particuli\u00e8re, puisque les mesures sanitaires dues au Covid imposaient que les exposants et les visiteurs portent le masque. Le sens unique instaur\u00e9 dans les courts couverts a eu pour cons\u00e9quence un flux plus fluide, moins dense, qui a permis de se consacrer sans h\u00e2te ni bousculade \u00e0 chaque visiteur qui faisait halte au stand. En outre, les gens semblent avoir consult\u00e9 pr\u00e9alablement le plan pour se diriger pr\u00e9cis\u00e9ment vers les stands qui les int\u00e9ressaient, plut\u00f4t que de se balader au hasard partout: en d\u00e9finitive, des am\u00e9nagements tr\u00e8s positifs pour le confort des exposants (\u00e0 l&rsquo;exception du masque bien s\u00fbr, tr\u00e8s p\u00e9nible pour pouvoir s&rsquo;exprimer et s&rsquo;entendre mutuellement).<\/p>\n\n\n\n<div class=\"wp-block-image\"><figure class=\"aligncenter\"><img loading=\"lazy\" decoding=\"async\" width=\"883\" height=\"700\" src=\"https:\/\/libre-cueillette.net\/wp-content\/uploads\/a20200904_162853.jpg\" alt=\"\" class=\"wp-image-5644\" srcset=\"https:\/\/libre-cueillette.net\/wp-content\/uploads\/a20200904_162853.jpg 883w, https:\/\/libre-cueillette.net\/wp-content\/uploads\/a20200904_162853-300x238.jpg 300w, https:\/\/libre-cueillette.net\/wp-content\/uploads\/a20200904_162853-768x609.jpg 768w\" sizes=\"auto, (max-width: 883px) 100vw, 883px\" \/><figcaption>La veille du forum, pr\u00e9paration du stand Libre Cueillette<\/figcaption><\/figure><\/div>\n\n\n\n<p class=\"has-text-color has-very-dark-gray-color\">Cette ann\u00e9e, Libre Cueillette a mis l&rsquo;accent sur 3 th\u00e8mes: les projets en cours, son int\u00e9gration au collectif pour l&rsquo;autonomie alimentaire et la p\u00e9tition pour l&rsquo;obtention du permis de v\u00e9g\u00e9taliser dans les 3 villes du BAB.<\/p>\n\n\n\n<div class=\"wp-block-image\"><figure class=\"aligncenter\"><img loading=\"lazy\" decoding=\"async\" width=\"448\" height=\"400\" src=\"https:\/\/libre-cueillette.net\/wp-content\/uploads\/aforum6.jpg\" alt=\"\" class=\"wp-image-5646\" srcset=\"https:\/\/libre-cueillette.net\/wp-content\/uploads\/aforum6.jpg 448w, https:\/\/libre-cueillette.net\/wp-content\/uploads\/aforum6-300x268.jpg 300w\" sizes=\"auto, (max-width: 448px) 100vw, 448px\" \/><figcaption>Les projets ont beaucoup plu aux visiteurs du stand Libre Cueillette.<\/figcaption><\/figure><\/div>\n\n\n\n<figure class=\"wp-block-image\"><img loading=\"lazy\" decoding=\"async\" width=\"950\" height=\"700\" src=\"https:\/\/libre-cueillette.net\/wp-content\/uploads\/aforum7.jpg\" alt=\"\" class=\"wp-image-5647\" srcset=\"https:\/\/libre-cueillette.net\/wp-content\/uploads\/aforum7.jpg 950w, https:\/\/libre-cueillette.net\/wp-content\/uploads\/aforum7-300x221.jpg 300w, https:\/\/libre-cueillette.net\/wp-content\/uploads\/aforum7-768x566.jpg 768w\" sizes=\"auto, (max-width: 950px) 100vw, 950px\" \/><figcaption>Encourager l&rsquo;exploration et la d\u00e9couverte<\/figcaption><\/figure>\n\n\n\n<div class=\"wp-block-image\"><figure class=\"aligncenter\"><img loading=\"lazy\" decoding=\"async\" width=\"938\" height=\"700\" src=\"https:\/\/libre-cueillette.net\/wp-content\/uploads\/aforum8.jpg\" alt=\"\" class=\"wp-image-5648\" srcset=\"https:\/\/libre-cueillette.net\/wp-content\/uploads\/aforum8.jpg 938w, https:\/\/libre-cueillette.net\/wp-content\/uploads\/aforum8-300x224.jpg 300w, https:\/\/libre-cueillette.net\/wp-content\/uploads\/aforum8-768x573.jpg 768w\" sizes=\"auto, (max-width: 938px) 100vw, 938px\" \/><figcaption>Se fondre dans la nature<\/figcaption><\/figure><\/div>\n\n\n\n<div class=\"wp-block-image\"><figure class=\"aligncenter\"><img loading=\"lazy\" decoding=\"async\" width=\"973\" height=\"700\" src=\"https:\/\/libre-cueillette.net\/wp-content\/uploads\/aforum9.jpg\" alt=\"\" class=\"wp-image-5649\" srcset=\"https:\/\/libre-cueillette.net\/wp-content\/uploads\/aforum9.jpg 973w, https:\/\/libre-cueillette.net\/wp-content\/uploads\/aforum9-300x216.jpg 300w, https:\/\/libre-cueillette.net\/wp-content\/uploads\/aforum9-768x553.jpg 768w\" sizes=\"auto, (max-width: 973px) 100vw, 973px\" \/><figcaption>Imaginer les 3 villes du BAB plus vertes d&rsquo;ici 30 ans: <br>le lyc\u00e9e Cantau participe d\u00e9j\u00e0 au concours !<\/figcaption><\/figure><\/div>\n\n\n\n<div class=\"wp-block-image\"><figure class=\"aligncenter\"><img loading=\"lazy\" decoding=\"async\" width=\"1018\" height=\"700\" src=\"https:\/\/libre-cueillette.net\/wp-content\/uploads\/aforum10.jpg\" alt=\"\" class=\"wp-image-5650\" srcset=\"https:\/\/libre-cueillette.net\/wp-content\/uploads\/aforum10.jpg 1018w, https:\/\/libre-cueillette.net\/wp-content\/uploads\/aforum10-300x206.jpg 300w, https:\/\/libre-cueillette.net\/wp-content\/uploads\/aforum10-768x528.jpg 768w\" sizes=\"auto, (max-width: 1018px) 100vw, 1018px\" \/><figcaption>Le confinement et la suspension des activit\u00e9s associatives ont d\u00e9gag\u00e9 du temps pour la r\u00e9flexion et les \u00e9changes entre association<\/figcaption><\/figure><\/div>\n\n\n\n<div class=\"wp-block-image\"><figure class=\"aligncenter\"><img loading=\"lazy\" decoding=\"async\" width=\"455\" height=\"612\" src=\"https:\/\/libre-cueillette.net\/wp-content\/uploads\/aImage-8-1.jpg\" alt=\"\" class=\"wp-image-5658\" srcset=\"https:\/\/libre-cueillette.net\/wp-content\/uploads\/aImage-8-1.jpg 455w, https:\/\/libre-cueillette.net\/wp-content\/uploads\/aImage-8-1-223x300.jpg 223w\" sizes=\"auto, (max-width: 455px) 100vw, 455px\" \/><figcaption>Durant le forum, 76 personnes ont sign\u00e9 la p\u00e9tition pour obtenir le permis de v\u00e9g\u00e9taliser l&rsquo;espace public sur les 3 villes du BAB<\/figcaption><\/figure><\/div>\n\n\n\n<div class=\"wp-block-image\"><figure class=\"aligncenter\"><img loading=\"lazy\" decoding=\"async\" width=\"962\" height=\"700\" src=\"https:\/\/libre-cueillette.net\/wp-content\/uploads\/aforum11.jpg\" alt=\"\" class=\"wp-image-5659\" srcset=\"https:\/\/libre-cueillette.net\/wp-content\/uploads\/aforum11.jpg 962w, https:\/\/libre-cueillette.net\/wp-content\/uploads\/aforum11-300x218.jpg 300w, https:\/\/libre-cueillette.net\/wp-content\/uploads\/aforum11-768x559.jpg 768w\" sizes=\"auto, (max-width: 962px) 100vw, 962px\" \/><figcaption>Affiche 1<\/figcaption><\/figure><\/div>\n\n\n\n<div class=\"wp-block-image\"><figure class=\"aligncenter\"><img loading=\"lazy\" decoding=\"async\" width=\"691\" height=\"500\" src=\"https:\/\/libre-cueillette.net\/wp-content\/uploads\/aforum12.jpg\" alt=\"\" class=\"wp-image-5660\" srcset=\"https:\/\/libre-cueillette.net\/wp-content\/uploads\/aforum12.jpg 691w, https:\/\/libre-cueillette.net\/wp-content\/uploads\/aforum12-300x217.jpg 300w\" sizes=\"auto, (max-width: 691px) 100vw, 691px\" \/><figcaption>Affiche 2<\/figcaption><\/figure><\/div>\n\n\n\n<div class=\"wp-block-image\"><figure class=\"aligncenter\"><img loading=\"lazy\" decoding=\"async\" width=\"684\" height=\"500\" src=\"https:\/\/libre-cueillette.net\/wp-content\/uploads\/aforum13.jpg\" alt=\"\" class=\"wp-image-5661\" srcset=\"https:\/\/libre-cueillette.net\/wp-content\/uploads\/aforum13.jpg 684w, https:\/\/libre-cueillette.net\/wp-content\/uploads\/aforum13-300x219.jpg 300w\" sizes=\"auto, (max-width: 684px) 100vw, 684px\" \/><figcaption>Affiche 3<\/figcaption><\/figure><\/div>\n\n\n\n<div class=\"wp-block-image\"><figure class=\"aligncenter\"><img loading=\"lazy\" decoding=\"async\" width=\"470\" height=\"310\" src=\"https:\/\/libre-cueillette.net\/wp-content\/uploads\/article_permis_de_vegetaliser_petite_plante_1-470x310.jpg\" alt=\"\" class=\"wp-image-5663\" srcset=\"https:\/\/libre-cueillette.net\/wp-content\/uploads\/article_permis_de_vegetaliser_petite_plante_1-470x310.jpg 470w, https:\/\/libre-cueillette.net\/wp-content\/uploads\/article_permis_de_vegetaliser_petite_plante_1-470x310-300x198.jpg 300w\" sizes=\"auto, (max-width: 470px) 100vw, 470px\" \/><figcaption>Affiche 4<\/figcaption><\/figure><\/div>\n\n\n\n<div class=\"wp-block-image\"><figure class=\"aligncenter\"><img loading=\"lazy\" decoding=\"async\" width=\"997\" height=\"700\" src=\"https:\/\/libre-cueillette.net\/wp-content\/uploads\/aimg-tfpynzdw.jpeg\" alt=\"\" class=\"wp-image-5662\" srcset=\"https:\/\/libre-cueillette.net\/wp-content\/uploads\/aimg-tfpynzdw.jpeg 997w, https:\/\/libre-cueillette.net\/wp-content\/uploads\/aimg-tfpynzdw-300x211.jpeg 300w, https:\/\/libre-cueillette.net\/wp-content\/uploads\/aimg-tfpynzdw-768x539.jpeg 768w\" sizes=\"auto, (max-width: 997px) 100vw, 997px\" \/><figcaption>R\u00eave ou r\u00e9alit\u00e9 ?<\/figcaption><\/figure><\/div>\n\n\n\n<figure class=\"wp-block-image\"><img loading=\"lazy\" decoding=\"async\" width=\"792\" height=\"700\" src=\"https:\/\/libre-cueillette.net\/wp-content\/uploads\/collectif_lettre_ouverte.jpg\" alt=\"\" class=\"wp-image-5664\" srcset=\"https:\/\/libre-cueillette.net\/wp-content\/uploads\/collectif_lettre_ouverte.jpg 792w, https:\/\/libre-cueillette.net\/wp-content\/uploads\/collectif_lettre_ouverte-300x265.jpg 300w, https:\/\/libre-cueillette.net\/wp-content\/uploads\/collectif_lettre_ouverte-768x679.jpg 768w\" sizes=\"auto, (max-width: 792px) 100vw, 792px\" \/><figcaption>La lettre ouverte r\u00e9dig\u00e9e par le collectif pour l&rsquo;autonomie alimentaire<\/figcaption><\/figure>\n\n\n\n<div class=\"wp-block-image\"><figure class=\"aligncenter\"><img loading=\"lazy\" decoding=\"async\" width=\"1024\" height=\"744\" src=\"https:\/\/libre-cueillette.net\/wp-content\/uploads\/aIMG_3644-1024x744.jpeg\" alt=\"\" class=\"wp-image-5655\" srcset=\"https:\/\/libre-cueillette.net\/wp-content\/uploads\/aIMG_3644-1024x744.jpeg 1024w, https:\/\/libre-cueillette.net\/wp-content\/uploads\/aIMG_3644-300x218.jpeg 300w, https:\/\/libre-cueillette.net\/wp-content\/uploads\/aIMG_3644-768x558.jpeg 768w, https:\/\/libre-cueillette.net\/wp-content\/uploads\/aIMG_3644.jpeg 1134w\" sizes=\"auto, (max-width: 1024px) 100vw, 1024px\" \/><figcaption>Un moment de calme au d\u00e9but du dimanche apr\u00e8s-midi<\/figcaption><\/figure><\/div>\n","protected":false},"excerpt":{"rendered":"<p>Le forum des associations d&rsquo;Anglet de 2020 s&rsquo;est tr\u00e8s bien d\u00e9roul\u00e9, avec une m\u00e9t\u00e9o favorable mais une temp\u00e9rature supportable dans les courts couverts o\u00f9 Libre Cueillette avait son stand, comme d&rsquo;habitude. L&rsquo;ambiance toutefois \u00e9tait particuli\u00e8re, puisque les mesures sanitaires dues<\/p>\n","protected":false},"author":1,"featured_media":0,"comment_status":"open","ping_status":"open","sticky":false,"template":"","format":"standard","meta":{"footnotes":""},"categories":[4],"tags":[354],"class_list":["post-5640","post","type-post","status-publish","format-standard","hentry","category-realisations","tag-354"],"_links":{"self":[{"href":"https:\/\/libre-cueillette.net\/index.php\/wp-json\/wp\/v2\/posts\/5640","targetHints":{"allow":["GET"]}}],"collection":[{"href":"https:\/\/libre-cueillette.net\/index.php\/wp-json\/wp\/v2\/posts"}],"about":[{"href":"https:\/\/libre-cueillette.net\/index.php\/wp-json\/wp\/v2\/types\/post"}],"author":[{"embeddable":true,"href":"https:\/\/libre-cueillette.net\/index.php\/wp-json\/wp\/v2\/users\/1"}],"replies":[{"embeddable":true,"href":"https:\/\/libre-cueillette.net\/index.php\/wp-json\/wp\/v2\/comments?post=5640"}],"version-history":[{"count":10,"href":"https:\/\/libre-cueillette.net\/index.php\/wp-json\/wp\/v2\/posts\/5640\/revisions"}],"predecessor-version":[{"id":5670,"href":"https:\/\/libre-cueillette.net\/index.php\/wp-json\/wp\/v2\/posts\/5640\/revisions\/5670"}],"wp:attachment":[{"href":"https:\/\/libre-cueillette.net\/index.php\/wp-json\/wp\/v2\/media?parent=5640"}],"wp:term":[{"taxonomy":"category","embeddable":true,"href":"https:\/\/libre-cueillette.net\/index.php\/wp-json\/wp\/v2\/categories?post=5640"},{"taxonomy":"post_tag","embeddable":true,"href":"https:\/\/libre-cueillette.net\/index.php\/wp-json\/wp\/v2\/tags?post=5640"}],"curies":[{"name":"wp","href":"https:\/\/api.w.org\/{rel}","templated":true}]}}