{"id":5676,"date":"2020-02-09T20:35:38","date_gmt":"2020-02-09T19:35:38","guid":{"rendered":"http:\/\/libre-cueillette.net\/?p=5676"},"modified":"2020-09-08T21:00:51","modified_gmt":"2020-09-08T20:00:51","slug":"contribution-au-museum","status":"publish","type":"post","link":"https:\/\/libre-cueillette.net\/index.php\/2020\/02\/09\/contribution-au-museum\/","title":{"rendered":"Contribution au Museum"},"content":{"rendered":"\n<h2 class=\"wp-block-heading\" id=\"mce_4\">Remerciements du Mus\u00e9um <\/h2>\n\n\n\n<p> Jean-Lou Justine,  Professeur au Mus\u00e9um national d&rsquo;Histoire naturelle  (Institut de Syst\u00e9matique, \u00c9volution, Biodiversit\u00e9 , Paris), remercie  Libre Cueillette pour sa contribution \u00e0 la grande  enqu\u00eate sur les  Plathelminthes (<a rel=\"noreferrer noopener\" href=\"https:\/\/libre-cueillette.net\/index.php\/2019\/02\/19\/un-ver-plat-invasif-au-jardin\/\" target=\"_blank\">t\u00e9moignage<\/a>  de la pr\u00e9sence de Plathelminthes au jardin partag\u00e9 des Terrasses de  l&rsquo;Avenue \u00e0 Anglet et envoi de photos). Son article scientifique sur  l\u2019invasion de la France par le Plathelminthe <em>Obama nungara<\/em> vient de para\u00eetre : en <a rel=\"noreferrer noopener\" href=\"https:\/\/peerj.com\/articles\/8385\" target=\"_blank\">anglais<\/a> (traduction en <a rel=\"noreferrer noopener\" href=\"https:\/\/dfzljdn9uc3pi.cloudfront.net\/2020\/8385\/1\/peerj-8385-in-French.pdf\" target=\"_blank\">fran\u00e7ais<\/a>).  <\/p>\n\n\n\n<p> D&rsquo;autres articles ont paru sur le m\u00eame sujet (acc\u00e8s gratuit, traduction fran\u00e7aise int\u00e9grale disponible) : <\/p>\n\n\n\n<ul class=\"wp-block-list\"><li><a rel=\"noreferrer noopener\" href=\"https:\/\/peerj.com\/articles\/4672\/\ufeff\" target=\"_blank\">Article<\/a> de 2018 sur les <em>Bipalium<\/em><\/li><li><a rel=\"noreferrer noopener\" href=\"https:\/\/peerj.com\/articles\/1037\/\" target=\"_blank\">Articles<\/a> de 2015 sur <em>Platydemus manokwari<\/em><\/li><li><a rel=\"noreferrer noopener\" href=\"https:\/\/peerj.com\/articles\/297\/\" target=\"_blank\">Article<\/a> de 2014 sur <em>Platydemus manokwari<\/em><\/li><\/ul>\n\n\n\n<p>Mais le travail n\u2019est pas fini ! Il faut continuer \u00e0 <a rel=\"noreferrer noopener\" href=\"https:\/\/sites.google.com\/site\/jljjustine\/que-faire-si-je-trouve-un-plathelminthe\" target=\"_blank\">signaler la pr\u00e9sence<\/a> des Plathelminthes.  <\/p>\n\n\n\n<figure class=\"wp-block-image\"><img loading=\"lazy\" decoding=\"async\" width=\"1024\" height=\"455\" src=\"https:\/\/libre-cueillette.net\/wp-content\/uploads\/cDSC01713-2-1024x455.jpg\" alt=\"\" class=\"wp-image-5677\" srcset=\"https:\/\/libre-cueillette.net\/wp-content\/uploads\/cDSC01713-2-1024x455.jpg 1024w, https:\/\/libre-cueillette.net\/wp-content\/uploads\/cDSC01713-2-300x133.jpg 300w, https:\/\/libre-cueillette.net\/wp-content\/uploads\/cDSC01713-2-768x342.jpg 768w, https:\/\/libre-cueillette.net\/wp-content\/uploads\/cDSC01713-2.jpg 1700w\" sizes=\"auto, (max-width: 1024px) 100vw, 1024px\" \/><figcaption> Le Plathelminthe Obama Nungara, originaire d&rsquo;Argentine <\/figcaption><\/figure>\n\n\n\n<div class=\"wp-block-image\"><figure class=\"aligncenter\"><img loading=\"lazy\" decoding=\"async\" width=\"1024\" height=\"459\" src=\"https:\/\/libre-cueillette.net\/wp-content\/uploads\/aIMG_7685-1024x459.jpg\" alt=\"\" class=\"wp-image-5678\" srcset=\"https:\/\/libre-cueillette.net\/wp-content\/uploads\/aIMG_7685-1024x459.jpg 1024w, https:\/\/libre-cueillette.net\/wp-content\/uploads\/aIMG_7685-300x135.jpg 300w, https:\/\/libre-cueillette.net\/wp-content\/uploads\/aIMG_7685-768x344.jpg 768w, https:\/\/libre-cueillette.net\/wp-content\/uploads\/aIMG_7685.jpg 1115w\" sizes=\"auto, (max-width: 1024px) 100vw, 1024px\" \/><figcaption>Bipalium, ver plathelminthe originaire d&rsquo;Asie du Sud-Est, ou Diversibipalium multilineatum,  originaire du Japon<\/figcaption><\/figure><\/div>\n","protected":false},"excerpt":{"rendered":"<p>Remerciements du Mus\u00e9um Jean-Lou Justine, Professeur au Mus\u00e9um national d&rsquo;Histoire naturelle (Institut de Syst\u00e9matique, \u00c9volution, Biodiversit\u00e9 , Paris), remercie Libre Cueillette pour sa contribution \u00e0 la grande enqu\u00eate sur les Plathelminthes (t\u00e9moignage de la pr\u00e9sence de Plathelminthes au jardin partag\u00e9<\/p>\n","protected":false},"author":1,"featured_media":0,"comment_status":"open","ping_status":"open","sticky":false,"template":"","format":"standard","meta":{"footnotes":""},"categories":[4],"tags":[354],"class_list":["post-5676","post","type-post","status-publish","format-standard","hentry","category-realisations","tag-354"],"_links":{"self":[{"href":"https:\/\/libre-cueillette.net\/index.php\/wp-json\/wp\/v2\/posts\/5676","targetHints":{"allow":["GET"]}}],"collection":[{"href":"https:\/\/libre-cueillette.net\/index.php\/wp-json\/wp\/v2\/posts"}],"about":[{"href":"https:\/\/libre-cueillette.net\/index.php\/wp-json\/wp\/v2\/types\/post"}],"author":[{"embeddable":true,"href":"https:\/\/libre-cueillette.net\/index.php\/wp-json\/wp\/v2\/users\/1"}],"replies":[{"embeddable":true,"href":"https:\/\/libre-cueillette.net\/index.php\/wp-json\/wp\/v2\/comments?post=5676"}],"version-history":[{"count":1,"href":"https:\/\/libre-cueillette.net\/index.php\/wp-json\/wp\/v2\/posts\/5676\/revisions"}],"predecessor-version":[{"id":5679,"href":"https:\/\/libre-cueillette.net\/index.php\/wp-json\/wp\/v2\/posts\/5676\/revisions\/5679"}],"wp:attachment":[{"href":"https:\/\/libre-cueillette.net\/index.php\/wp-json\/wp\/v2\/media?parent=5676"}],"wp:term":[{"taxonomy":"category","embeddable":true,"href":"https:\/\/libre-cueillette.net\/index.php\/wp-json\/wp\/v2\/categories?post=5676"},{"taxonomy":"post_tag","embeddable":true,"href":"https:\/\/libre-cueillette.net\/index.php\/wp-json\/wp\/v2\/tags?post=5676"}],"curies":[{"name":"wp","href":"https:\/\/api.w.org\/{rel}","templated":true}]}}