{"id":5744,"date":"2020-10-14T08:23:00","date_gmt":"2020-10-14T07:23:00","guid":{"rendered":"http:\/\/libre-cueillette.net\/?p=5744"},"modified":"2022-03-19T17:32:54","modified_gmt":"2022-03-19T16:32:54","slug":"bab-2050-climat","status":"publish","type":"post","link":"https:\/\/libre-cueillette.net\/index.php\/2020\/10\/14\/bab-2050-climat\/","title":{"rendered":"BAB 2050 &#8211; Climat"},"content":{"rendered":"\n<p class=\"has-very-dark-gray-color has-text-color\">Dans le cadre de son projet \u00ab\u00a0<a rel=\"noreferrer noopener\" aria-label=\"BAB 2050 - Carnet de voyage d'anticipation (s\u2019ouvre dans un nouvel onglet)\" href=\"https:\/\/libre-cueillette.net\/index.php\/2020\/09\/08\/bab-2050\/\" target=\"_blank\"><strong>BAB 2050 &#8211; Carnet de voyage d&rsquo;anticipation<\/strong><\/a>\u00ab\u00a0, Libre Cueillette invitera des peintres \u00e0 repr\u00e9senter les trois villes de Bayonne, Anglet, Biarritz \u00ab\u00a0plus vertes\u00a0\u00bb d&rsquo;ici trente ans. Cela implique de r\u00e9fl\u00e9chir au changement climatique en cours. La v\u00e9g\u00e9tation sera-t-elle identique \u00e0 celle d&rsquo;aujourd&rsquo;hui ? Pourquoi pr\u00e9coniser davantage de v\u00e9g\u00e9tation ? Pour embellir ? Pour prot\u00e9ger du vent, de la chaleur, de l&rsquo;eau ? Conserverons-nous le m\u00eame mode de vie ? Avec le r\u00e9chauffement des oc\u00e9ans et la fonte des glaces terrestres, la hausse du niveau de la mer se poursuivra. Ces trois villes c\u00f4ti\u00e8res garderont-elles l&rsquo;int\u00e9gralit\u00e9 de leur territoire actuel ou bien devront-elles c\u00e9der sous la pression marine et se retrouver amput\u00e9es ? Dans cette perspective, quels quartiers seront affect\u00e9s ? Pour tenter de r\u00e9pondre \u00e0 ces questions (et \u00e0 d&rsquo;autres), j&rsquo;ai effectu\u00e9 des recherches documentaires aupr\u00e8s de sources d&rsquo;origine majoritairement gouvernementales et scientifiques.<\/p>\n\n\n\n<h4 class=\"wp-block-heading\">Conf\u00e9rence au lyc\u00e9e Cantau d&rsquo;Anglet et au coll\u00e8ge La Salle Saint Bernard de Bayonne<\/h4>\n\n\n\n<p class=\"has-very-dark-gray-color has-text-color\">Cette \u00e9tude a fort int\u00e9ress\u00e9 trois enseignantes de g\u00e9ographie du lyc\u00e9e Cantau d&rsquo;Anglet, car ce th\u00e8me (le changement climatique) est au programme des classes de sp\u00e9cialit\u00e9 en Terminale. Am\u00e9nag\u00e9e en <strong><a rel=\"noreferrer noopener\" aria-label=\"conf\u00e9rence (s\u2019ouvre dans un nouvel onglet)\" href=\"https:\/\/libre-cueillette.net\/index.php\/2021\/01\/15\/cantau-participe-a-bab-2050\/\" target=\"_blank\">conf\u00e9rence<\/a><\/strong> sous forme de diaporama comment\u00e9 suivi d\u2019un d\u00e9bat, elle a beaucoup plu aux \u00e9l\u00e8ves qui ont applaudi \u00e0 l&rsquo;issue de l\u2019expos\u00e9 (fait le 18 d\u00e9cembre 2020) et montr\u00e9 leur vif int\u00e9r\u00eat en posant ensuite de nombreuses questions. L&rsquo;ann\u00e9e suivante, cette pr\u00e9sentation a servi de base \u00e0 des \u00e9l\u00e8ves de Quatri\u00e8me pour la r\u00e9alisation d&rsquo;une \u0153uvre d&rsquo;art graphique sur ce th\u00e8me appliqu\u00e9 \u00e0 un lieu de Bayonne. Le d\u00e9bat qui a suivi la r\u00e9\u00e9dition de cette conf\u00e9rence au CPIE Seignanx Adour le 16 mars 2022 m&rsquo;a permis d&rsquo;am\u00e9liorer encore le contenu du texte ci-dessous, notamment la rubrique de l&rsquo;\u00e9nergie et celle de l&rsquo;\u00e9rosion des plages d&rsquo;Anglet, ainsi que la mention des derni\u00e8res mesures intergouvernementales, gouvernementales et locales.<\/p>\n\n\n\n<h2 class=\"wp-block-heading\">ANNEXE 4 &#8211; Quels paysages demain ? Cons\u00e9quences locales du changement climatique<\/h2>\n\n\n\n<h3 class=\"wp-block-heading\">SOMMAIRE<\/h3>\n\n\n\n<h4 class=\"wp-block-heading\">Partie 1: Cons\u00e9quences locales du changement climatique<\/h4>\n\n\n\n<ul class=\"has-black-color has-text-color wp-block-list\"><li>1. Trop chaud ! <\/li><li>2. Trop  d&rsquo;inondations  !<\/li><li>3. Trop  sal\u00e9  !<\/li><li>4.  Trop froid ? <\/li><li>5.  Trop soif ! <\/li><li>6.  Moins d&rsquo;\u00e9nergie ?<\/li><\/ul>\n\n\n\n<h4 class=\"wp-block-heading\">Partie 2: Quels paysages en 2050 ?<\/h4>\n\n\n\n<ul class=\"has-black-color has-text-color wp-block-list\"><li>1. V\u00e9g\u00e9tation et changement climatique<\/li><li>2. Le pouvoir des villes<\/li><li>3. La faute aux b\u00e9b\u00e9s ?<\/li><\/ul>\n\n\n\n<h2 class=\"wp-block-heading\">PARTIE 1. Cons\u00e9quences locales du changement climatique<\/h2>\n\n\n\n<h3 class=\"wp-block-heading\">1.1. Trop chaud !<\/h3>\n\n\n\n<div class=\"wp-block-image\"><figure class=\"aligncenter\"><img loading=\"lazy\" decoding=\"async\" width=\"785\" height=\"500\" src=\"https:\/\/libre-cueillette.net\/wp-content\/uploads\/temperature_biarritz_anglet-1.jpg\" alt=\"\" class=\"wp-image-6215\" srcset=\"https:\/\/libre-cueillette.net\/wp-content\/uploads\/temperature_biarritz_anglet-1.jpg 785w, https:\/\/libre-cueillette.net\/wp-content\/uploads\/temperature_biarritz_anglet-1-300x191.jpg 300w, https:\/\/libre-cueillette.net\/wp-content\/uploads\/temperature_biarritz_anglet-1-768x489.jpg 768w\" sizes=\"auto, (max-width: 785px) 100vw, 785px\" \/><figcaption><span style=\"color:#000000\" class=\"tadv-color\"><a rel=\"noreferrer noopener\" aria-label=\" \u00c9volution des temp\u00e9ratures (s\u2019ouvre dans un nouvel onglet)\" href=\"https:\/\/www.climataction-paysbasque.fr\/library\/userfiles\/PCAET\/LIVRE_BLANC_VF-_PARTIE_1.pdf\" target=\"_blank\"> \u00c9volution des temp\u00e9ratures<\/a> \u00e0 la station Biarritz-Anglet <\/span><\/figcaption><\/figure><\/div>\n\n\n\n<p class=\"has-black-color has-text-color\">Depuis 1850, on constate une tendance claire au <a rel=\"noreferrer noopener\" aria-label=\"r\u00e9chauffement (s\u2019ouvre dans un nouvel onglet)\" href=\"http:\/\/www.meteofrance.fr\/climat-passe-et-futur\/le-rechauffement-observe-a-l-echelle-du-globe-et-en-france\" target=\"_blank\"><strong>r\u00e9chauffement<\/strong><\/a> plan\u00e9taire, dont la courbe s&rsquo;infl\u00e9chit m\u00eame \u00e0 la hausse depuis quelques d\u00e9cennies. Il est la cons\u00e9quence des activit\u00e9s humaines qui engendrent des rejets de gaz \u00e0 effet de serre dans l&rsquo;atmosph\u00e8re. Selon le <a rel=\"noreferrer noopener\" href=\"https:\/\/www.ipcc.ch\/site\/assets\/uploads\/2021\/08\/IPCC_WGI-AR6-Press-Release_fr.pdf\" target=\"_blank\"><strong>GIEC<\/strong><\/a> (Groupe d&rsquo;experts intergouvernemental sur l&rsquo;\u00e9volution du climat), il semble que la concentration de dioxyde de carbone CO2 ait augment\u00e9 de 31% depuis 1750. Il faut remonter \u00e0 l&rsquo;\u00e8re du Plioc\u00e8ne, il y a trois millions d&rsquo;ann\u00e9es pour retrouver le taux de 412 ppm (parties par million) actuellement atteint ! &#8211; Durant cette p\u00e9riode, les temp\u00e9ratures \u00e9taient alors 3 \u00e0 4\u00b0C plus \u00e9lev\u00e9es et des arbres poussaient en Antarctique. Le niveau des oc\u00e9ans \u00e9tait 15 \u00e0 20 m\u00e8tres plus haut. &#8211; Parall\u00e8lement la concentration de m\u00e9thane (CH4) a augment\u00e9 de 150% au cours de la m\u00eame p\u00e9riode, tandis que l&rsquo;oxyde d&rsquo;azote (N2O) a augment\u00e9 de 17%, et la hausse de leur concentration se poursuit. <\/p>\n\n\n\n<p class=\"has-black-color has-text-color\">Au XX<sup>e<\/sup> si\u00e8cle, la temp\u00e9rature moyenne de l&rsquo;atmosph\u00e8re du globe a augment\u00e9 d&rsquo;environ 0,6 \u00b0C  et celle de la France m\u00e9tropolitaine de plus de 1\u00b0C. N\u00e9anmoins, l&rsquo;augmentation n&rsquo;a pas \u00e9t\u00e9 r\u00e9guli\u00e8re, elle a \u00e9t\u00e9 plus rapide durant les p\u00e9riodes 1910-1945 et 1976-2000. Cette hausse des temp\u00e9ratures a eu un effet sur l&rsquo;\u00e9vaporation, ce qui a conduit \u00e0 une augmentation des pr\u00e9cipitations d&rsquo;environ 0,5 \u00e0 1% par d\u00e9cennie pour l&rsquo;h\u00e9misph\u00e8re nord. Le <strong><a rel=\"noreferrer noopener\" aria-label=\"sch\u00e9ma (s\u2019ouvre dans un nouvel onglet)\" href=\"https:\/\/societecivile-paysbasque.com\/wp-content\/uploads\/2019\/12\/Diagnostic-Climat-Energie_Synthese-Phase-1.pdf\" target=\"_blank\">sch\u00e9ma<\/a><\/strong> ci-dessus illustre parfaitement les \u00e9t\u00e9s pourris qui \u00e9taient monnaie courante lors de ma jeunesse: non seulement il faisait tr\u00e8s souvent frais, mais en plus il pleuvait tr\u00e8s fr\u00e9quemment. Je me souviens que nous plaignions r\u00e9guli\u00e8rement les touristes attir\u00e9s par nos plages et qui tra\u00eenaient lamentablement en ville ou sur les routes, ne sachant que faire de leurs journ\u00e9es.<\/p>\n\n\n\n<div class=\"wp-block-image\"><figure class=\"aligncenter\"><img loading=\"lazy\" decoding=\"async\" width=\"800\" height=\"450\" src=\"https:\/\/libre-cueillette.net\/wp-content\/uploads\/chiberta_incendie-1.jpg\" alt=\"\" class=\"wp-image-6469\" srcset=\"https:\/\/libre-cueillette.net\/wp-content\/uploads\/chiberta_incendie-1.jpg 800w, https:\/\/libre-cueillette.net\/wp-content\/uploads\/chiberta_incendie-1-300x169.jpg 300w, https:\/\/libre-cueillette.net\/wp-content\/uploads\/chiberta_incendie-1-768x432.jpg 768w\" sizes=\"auto, (max-width: 800px) 100vw, 800px\" \/><figcaption><span style=\"color:#000000\" class=\"tadv-color\"> Incendie de Chiberta le 31 juillet \u00e0 Anglet <\/span><\/figcaption><\/figure><\/div>\n\n\n\n<p class=\"has-very-dark-gray-color has-text-color\">Il \u00e9tait alors inimaginable que nous puissions p\u00e2tir un jour de la canicule et que la for\u00eat de Chiberta br\u00fbl\u00e2t dans un incendie d\u00e9vastateur comme cela s&rsquo;est produit cet \u00e9t\u00e9 2020 \u00e0 Anglet ! D\u00e9sormais, les seules questions qui se posent, ce sont la vitesse, les modalit\u00e9s et l&rsquo;ampleur du ph\u00e9nom\u00e8ne de r\u00e9chauffement climatique au niveau global et local. Les scientifiques mod\u00e9lisent sur informatique en choisissant diff\u00e9rentes hypoth\u00e8ses et de nombreux param\u00e8tres afin de calculer les effets qui en r\u00e9sulteraient. En France, ces \u00e9l\u00e9ments de r\u00e9flexion apparaissent dans le Rapport <strong><a rel=\"noreferrer noopener\" href=\"http:\/\/www.drias-climat.fr\/accompagnement\/section\/182\" target=\"_blank\">Jouzel<\/a><\/strong> publi\u00e9 en 2014. Les donn\u00e9es ont \u00e9t\u00e9 affin\u00e9es et de nouvelles \u00e9tudes figurent sur le site du minist\u00e8re de la transition \u00e9cologique <strong><a rel=\"noreferrer noopener\" href=\"http:\/\/www.drias-climat.fr\/\" target=\"_blank\">DRIAS<\/a><\/strong>, les futurs du climat, publi\u00e9 en 2020.<br><\/p>\n\n\n\n<div class=\"wp-block-image\"><figure class=\"aligncenter\"><img loading=\"lazy\" decoding=\"async\" width=\"691\" height=\"500\" src=\"https:\/\/libre-cueillette.net\/wp-content\/uploads\/climat1-1.jpg\" alt=\"\" class=\"wp-image-6217\" srcset=\"https:\/\/libre-cueillette.net\/wp-content\/uploads\/climat1-1.jpg 691w, https:\/\/libre-cueillette.net\/wp-content\/uploads\/climat1-1-300x217.jpg 300w\" sizes=\"auto, (max-width: 691px) 100vw, 691px\" \/><figcaption> Rapport Jo<span style=\"color:#000000\" class=\"tadv-color\">uzel (2014) &#8211; Diff\u00e9rentes projections climatique<\/span>s<span style=\"color:#000000\" class=\"tadv-color\"> pour la France <\/span><\/figcaption><\/figure><\/div>\n\n\n\n<p class=\"has-very-dark-gray-color has-text-color\">Publi\u00e9 par M\u00e9t\u00e9o France, le volume 4 du rapport \u00ab\u00a0Le climat de la France au 21e si\u00e8cle\u00a0\u00bb intitul\u00e9 \u00ab Sc\u00e9narios r\u00e9gionalis\u00e9s \u00e9dition 2014 \u00bb pr\u00e9sente les sc\u00e9narios de changement climatique en France jusqu&rsquo;en 2100. En m\u00e9tropole dans un horizon proche (2021-2050), il pr\u00e9voit :<\/p>\n\n\n\n<ul class=\"has-black-color has-text-color wp-block-list\"><li>une hausse des temp\u00e9ratures moyennes entre 0,6 et 1,3\u00b0C (plus forte dans le Sud-Est en \u00e9t\u00e9),<\/li><li>une augmentation du nombre de jours de vagues de chaleur en \u00e9t\u00e9, en particulier dans les r\u00e9gions du quart Sud-Est,<\/li><li>une diminution du nombre de jours anormalement froids en hiver sur l&rsquo;ensemble de la France m\u00e9tropolitaine, en particulier dans les r\u00e9gions du quart Nord-Est.<\/li><\/ul>\n\n\n\n<div class=\"wp-block-image\"><figure class=\"aligncenter\"><img loading=\"lazy\" decoding=\"async\" width=\"590\" height=\"500\" src=\"https:\/\/libre-cueillette.net\/wp-content\/uploads\/Canicule_Europe_2003.jpg\" alt=\"\" class=\"wp-image-6219\" srcset=\"https:\/\/libre-cueillette.net\/wp-content\/uploads\/Canicule_Europe_2003.jpg 590w, https:\/\/libre-cueillette.net\/wp-content\/uploads\/Canicule_Europe_2003-300x254.jpg 300w\" sizes=\"auto, (max-width: 590px) 100vw, 590px\" \/><figcaption>  <span style=\"color:#000000\" class=\"tadv-color\">\u00c9carts de temp\u00e9ratures par rapport \u00e0 la normale lors de la canicule estivale de 2003 sur l&rsquo;Europe occidentale. <\/span><\/figcaption><\/figure><\/div>\n\n\n\n<p class=\"has-very-dark-gray-color has-text-color\">Avec une surmortalit\u00e9 de 15 000 d\u00e9c\u00e8s, la vague de chaleur qu\u2019a connue la France en ao\u00fbt 2003 est r\u00e9v\u00e9latrice des ravages que peut provoquer une <a rel=\"noreferrer noopener\" aria-label=\"canicule (s\u2019ouvre dans un nouvel onglet)\" href=\"http:\/\/www.audap.org\/userfiles\/downloads\/cahiers\/cahiers_audap_16_bd.pdf\" target=\"_blank\"><strong>canicule<\/strong><\/a>. Aux alentours de 2050, nous pourrions vivre un \u201c\u00e9t\u00e9 2003\u201d tous les deux ans !  Quand je pense que, depuis des d\u00e9cennies, les gens choisissaient la c\u00f4te d&rsquo;Azur et le pourtour m\u00e9diterran\u00e9en pour couler des jours heureux pendant leur retraite et que l&rsquo;attraction touristique de la combinaison \u00ab\u00a0mer, soleil et ciel bleu\u00a0\u00bb y atteignait des sommets, la vue de ces cartes permet d&rsquo;imaginer une meilleure attractivit\u00e9 (qui s&rsquo;amorce d\u00e9j\u00e0 me semble-t-il) de la fa\u00e7ade atlantique, autant pour le tourisme que pour les retrait\u00e9s. Cet afflux de population, v\u00e9ritable migration interne, aura tr\u00e8s certainement un impact non n\u00e9gligeable \u00e0 prendre en compte.<\/p>\n\n\n\n<h3 class=\"has-black-color has-text-color wp-block-heading\">1.2. Trop d&rsquo;inondations !<\/h3>\n\n\n\n<h4 class=\"has-black-color has-text-color wp-block-heading\">1.2.1. Par transgression marine<\/h4>\n\n\n\n<h4 class=\"has-black-color has-text-color wp-block-heading\">1.2.1.1. Hausse du niveau de la mer<\/h4>\n\n\n\n<div class=\"wp-block-image\"><figure class=\"aligncenter\"><img loading=\"lazy\" decoding=\"async\" width=\"1024\" height=\"584\" src=\"https:\/\/libre-cueillette.net\/wp-content\/uploads\/2050_hausse_mer-1024x584.jpg\" alt=\"\" class=\"wp-image-5745\" srcset=\"https:\/\/libre-cueillette.net\/wp-content\/uploads\/2050_hausse_mer-1024x584.jpg 1024w, https:\/\/libre-cueillette.net\/wp-content\/uploads\/2050_hausse_mer-300x171.jpg 300w, https:\/\/libre-cueillette.net\/wp-content\/uploads\/2050_hausse_mer-768x438.jpg 768w, https:\/\/libre-cueillette.net\/wp-content\/uploads\/2050_hausse_mer.jpg 1542w\" sizes=\"auto, (max-width: 1024px) 100vw, 1024px\" \/><figcaption><span style=\"color:#000000\" class=\"tadv-color\">En 2050, avec la hausse du niveau marin, inondation des barthes et recul c\u00f4tier (en rouge) (Carte de Coastal Climate Central)<\/span><\/figcaption><\/figure><\/div>\n\n\n\n<p class=\"has-very-dark-gray-color has-text-color\">Sur le site <em>Coastal Climate Central<\/em>, il est possible de voir simul\u00e9e au niveau mondial la transgression marine engendr\u00e9e par l&rsquo;\u00e9l\u00e9vation du niveau de la mer \u00e0 l&rsquo;horizon 2050 et de faire un <a rel=\"noreferrer noopener\" aria-label=\"zoom (s\u2019ouvre dans un nouvel onglet)\" href=\"https:\/\/coastal.climatecentral.org\/map\/13\/-1.4689\/43.5165\/?theme=sea_level_rise&amp;map_type=coastal_dem_comparison&amp;contiguous=true&amp;elevation_model=best_available&amp;forecast_year=2050&amp;pathway=rcp45&amp;percentile=p50&amp;return_level=return_level_1&amp;slr_model=kopp_2014\" target=\"_blank\"><strong>zoom<\/strong><\/a> sur Anglet-Bayonne-Biarritz. Figurent ainsi en rouge les zones qui pourraient devenir inond\u00e9es de mani\u00e8re permanente ou temporaire, selon un sc\u00e9nario pessimiste d&rsquo;\u00e9missions de gaz \u00e0 effet de serre. Cette carte n&rsquo;\u00e9mane pas d&rsquo;un site officiel comme le GIEC, mais d&rsquo;un groupement priv\u00e9 am\u00e9ricain constitu\u00e9 de scientifiques et de journalistes. Elle a sans doute \u00e9t\u00e9 r\u00e9alis\u00e9e gr\u00e2ce \u00e0 des algorithmes moulinant des donn\u00e9es satellitaires, sans tenir compte de sp\u00e9cificit\u00e9s locales comme les deux digues qui prolongent l&rsquo;estuaire de l&rsquo;Adour, les \u00e9pis qui contiennent vaille que vaille le sable des plages d&rsquo;Anglet ou encore les courants c\u00f4tiers induits par ces ouvrages d&rsquo;art. <\/p>\n\n\n\n<div class=\"wp-block-image\"><figure class=\"aligncenter\"><img loading=\"lazy\" decoding=\"async\" width=\"523\" height=\"500\" src=\"https:\/\/libre-cueillette.net\/wp-content\/uploads\/2040_hausse_mer2-1.jpg\" alt=\"\" class=\"wp-image-6224\" srcset=\"https:\/\/libre-cueillette.net\/wp-content\/uploads\/2040_hausse_mer2-1.jpg 523w, https:\/\/libre-cueillette.net\/wp-content\/uploads\/2040_hausse_mer2-1-300x287.jpg 300w\" sizes=\"auto, (max-width: 523px) 100vw, 523px\" \/><figcaption><span style=\"color:#000000\" class=\"tadv-color\"> Hausse du niveau de la mer selon plusieurs sc\u00e9narios (GIEC et M\u00e9t\u00e9o France) <\/span><\/figcaption><\/figure><\/div>\n\n\n\n<p class=\"has-very-dark-gray-color has-text-color\">Cette carte me para\u00eet toutefois int\u00e9ressante, car elle montre que la c\u00f4te ne serait pas la seule \u00e0 \u00eatre affect\u00e9e par la hausse du niveau de la mer. La mar\u00e9e, qui se fait d\u00e9j\u00e0 sentir jusqu&rsquo;\u00e0 Urt dans l&rsquo;Adour et Villefranque dans la Nive, remonterait sans doute plus haut. Par ailleurs, la mer pourrait avoir une expansion bien sup\u00e9rieure, inondant les barthes et berges basses de tout le r\u00e9seau fluvial c\u00f4tier jusque loin \u00e0 l&rsquo;int\u00e9rieur des terres. Anglet, et surtout Bayonne, seraient particuli\u00e8rement expos\u00e9es, tandis que Biarritz, sur son socle rocheux, serait moins impact\u00e9e en dehors des plages et de leurs zones basses limitrophes. <\/p>\n\n\n\n<p class=\"has-text-align-center\"><em><span style=\"color:#000000\" class=\"tadv-color\">Celsa France (anciennement ADA, Aci\u00e9rie de l&rsquo;Atlantique), Port de Bayonne<\/span><\/em><\/p>\n\n\n\n<p class=\"has-very-dark-gray-color has-text-color\">Le probl\u00e8me de ces transgressions marines pourrait \u00eatre aggrav\u00e9 par la pr\u00e9sence en zone submersible d&rsquo;installations polluantes comme CELSA France (anciennement ADA, Aci\u00e9ries de l&rsquo;Atlantique) \u00e0 Tarnos et Ma\u00efsica au Boucau, toutes deux situ\u00e9es dans le port de Bayonne sur la rive droite de l&#8217;embouchure de l&rsquo;Adour (Cf. le <strong><a rel=\"noreferrer noopener\" aria-label=\"rapport (s\u2019ouvre dans un nouvel onglet)\" href=\"http:\/\/www.occitanie.developpement-durable.gouv.fr\/IMG\/pdf\/rap-acc_cotier_basque_2014_12_03_cle7cdd82.pdf\" target=\"_blank\">rapport<\/a><\/strong> de la DREAL Aquitaine sur les risques d&rsquo;inondation &#8211; Direction R\u00e9gionale de l&rsquo;Environnement, de l&rsquo;Am\u00e9nagement et du Logement). Bien s\u00fbr, ces simulations ne tiennent pas compte non plus d&rsquo;\u00e9ventuelles mesures de protection qui pourraient \u00eatre prises, \u00e0 l&rsquo;instar de Saint Jean de Luz et d&rsquo;Hendaye &#8211; et des N\u00e9erlandais -, en construisant des digues et des canaux pour se pr\u00e9munir (\u00e0 grand frais) de cette intrusion marine. <\/p>\n\n\n\n<div class=\"wp-block-image\"><figure class=\"aligncenter\"><img loading=\"lazy\" decoding=\"async\" width=\"700\" height=\"368\" src=\"https:\/\/libre-cueillette.net\/wp-content\/uploads\/vent-1.jpg\" alt=\"\" class=\"wp-image-6648\" srcset=\"https:\/\/libre-cueillette.net\/wp-content\/uploads\/vent-1.jpg 700w, https:\/\/libre-cueillette.net\/wp-content\/uploads\/vent-1-300x158.jpg 300w\" sizes=\"auto, (max-width: 700px) 100vw, 700px\" \/><figcaption> <span style=\"color:#000000\" class=\"tadv-color\">Le <a rel=\"noreferrer noopener\" href=\"http:\/\/www.meteobell.com\" target=\"_blank\">vent<\/a> dans et autour des d\u00e9pressions et anticyclones &#8211; Au niveau de la mer, la pression normale est de 1013,25 hPa (hecto Pascal) ou mb (millibar).<\/span><\/figcaption><\/figure><\/div>\n\n\n\n<h4 class=\"has-black-color has-text-color wp-block-heading\"> 1.2.1.2. Temp\u00eates et s\u00e9diments<\/h4>\n\n\n\n<p class=\"has-black-color has-text-color\"><strong>a) Temp\u00eates<\/strong><\/p>\n\n\n\n<p class=\"has-very-dark-gray-color has-text-color\">A la hausse du niveau de la mer risque de s&rsquo;ajouter une augmentation de la fr\u00e9quence des vents violents et surtout des <a rel=\"noreferrer noopener\" href=\"https:\/\/www.theses.fr\/2013PA010563.pdf\" target=\"_blank\"><strong>temp\u00eates<\/strong><\/a>. Sous nos latitudes \u00ab\u00a0temp\u00e9r\u00e9es\u00a0\u00bb, les temp\u00eates se produisent majoritairement durant la saison hivernale. Comme ces vents de temp\u00eate sont associ\u00e9s dans l&rsquo;imagination collective \u00e0  des \u00e9v\u00e9nements exceptionnels, ils n&rsquo;ont \u00e9t\u00e9 que peu \u00e9tudi\u00e9s jusqu&rsquo;\u00e0  pr\u00e9sent en d\u00e9pit de leurs effets destructeurs consid\u00e9rables. Produit par les diff\u00e9rences de pression entre les masses d&rsquo;air, le vent souffle toujours des zones de hautes pressions (anticyclones) vers celles de plus basses pressions atmosph\u00e9riques (d\u00e9pressions), aussi bien \u00e0 l&rsquo;\u00e9chelle plan\u00e9taire que locale. <\/p>\n\n\n\n<div class=\"wp-block-image\"><figure class=\"aligncenter\"><img loading=\"lazy\" decoding=\"async\" width=\"500\" height=\"219\" src=\"https:\/\/libre-cueillette.net\/wp-content\/uploads\/tempete1.jpg\" alt=\"\" class=\"wp-image-6590\" srcset=\"https:\/\/libre-cueillette.net\/wp-content\/uploads\/tempete1.jpg 500w, https:\/\/libre-cueillette.net\/wp-content\/uploads\/tempete1-300x131.jpg 300w\" sizes=\"auto, (max-width: 500px) 100vw, 500px\" \/><figcaption><span style=\"color:#000000\" class=\"tadv-color\">\u00c9tape 1 de la vie d&rsquo;une d\u00e9pression: l&rsquo;existence d&rsquo;un tourbillon d&rsquo;altitude &#8211; fl\u00e8che rouge: lieu de formation du 2e tourbillon pr\u00e8s du sol &#8211; fl\u00e8che pointill\u00e9e noire : sens de d\u00e9placement parall\u00e8le au Jet stream (tube bleu) (source M\u00e9t\u00e9o France)<\/span><\/figcaption><\/figure><\/div>\n\n\n\n<p class=\"has-very-dark-gray-color has-text-color\">Une temp\u00eate se compose de deux tourbillons, un en altitude et l&rsquo;autre, plus \u00e0 l&rsquo;est, en surface. En premier lieu, un tourbillon se forme en altitude (\u00c9tape 1). Lorsqu&rsquo;il rencontre le <a rel=\"noreferrer noopener\" aria-label=\"Jet Stream (s\u2019ouvre dans un nouvel onglet)\" href=\"https:\/\/actualite.lachainemeteo.com\/actualite-meteo\/2019-12-17\/qu-est-ce-que-le-courant-jet-53480\" target=\"_blank\"><strong>Jet Stream<\/strong><\/a> (courant-jet), il se renforce et entra\u00eene la formation d&rsquo;une d\u00e9pression en surface qui se d\u00e9place en coordination avec le Jet Stream.<\/p>\n\n\n\n<div class=\"wp-block-image\"><figure class=\"aligncenter\"><img loading=\"lazy\" decoding=\"async\" width=\"630\" height=\"345\" src=\"https:\/\/libre-cueillette.net\/wp-content\/uploads\/jet_stream_630x354_100_300_000000x30x0.jpg\" alt=\"\" class=\"wp-image-6624\" srcset=\"https:\/\/libre-cueillette.net\/wp-content\/uploads\/jet_stream_630x354_100_300_000000x30x0.jpg 630w, https:\/\/libre-cueillette.net\/wp-content\/uploads\/jet_stream_630x354_100_300_000000x30x0-300x164.jpg 300w\" sizes=\"auto, (max-width: 630px) 100vw, 630px\" \/><figcaption><span style=\"color:#000000\" class=\"tadv-color\">Le Jet Stream entra\u00eene la d\u00e9pression le long d&rsquo;un \u00ab\u00a0rail\u00a0\u00bb.<\/span><\/figcaption><\/figure><\/div>\n\n\n\n<p class=\"has-very-dark-gray-color has-text-color\"> \u00ab\u00a0L&rsquo;explosion en temp\u00eate\u00a0\u00bb se produit lorsque la d\u00e9pression passe du c\u00f4t\u00e9 chaud (jaune fonc\u00e9) au c\u00f4t\u00e9 froid (vert p\u00e2le) du rail (\u00c9tape 3). Son air chaud et l\u00e9ger est litt\u00e9ralement aspir\u00e9 vers le haut, et la d\u00e9pression se vide brusquement, la pression chutant soudainement. Ce \u00ab\u00a0vide d&rsquo;air\u00a0\u00bb provoque une acc\u00e9l\u00e9ration violente des vents.  Leur vitesse est d&rsquo;autant plus grande que le contraste thermique est important. Si la temp\u00eate se produit en mer, elle durera davantage que sur terre o\u00f9 les frottements l&rsquo;affaiblissent plus rapidement.<\/p>\n\n\n\n<div class=\"wp-block-image\"><figure class=\"aligncenter\"><img loading=\"lazy\" decoding=\"async\" width=\"500\" height=\"202\" src=\"https:\/\/libre-cueillette.net\/wp-content\/uploads\/tempete2.jpg\" alt=\"\" class=\"wp-image-6591\" srcset=\"https:\/\/libre-cueillette.net\/wp-content\/uploads\/tempete2.jpg 500w, https:\/\/libre-cueillette.net\/wp-content\/uploads\/tempete2-300x121.jpg 300w\" sizes=\"auto, (max-width: 500px) 100vw, 500px\" \/><figcaption><span style=\"color:#000000\" class=\"tadv-color\">\u00c9tape 2, la d\u00e9pression se forme du c\u00f4t\u00e9 chaud du rail (source M\u00e9t\u00e9o France)<\/span><\/figcaption><\/figure><\/div>\n\n\n\n<p class=\"has-very-dark-gray-color has-text-color\">Les temp\u00eates de l&rsquo;Atlantique nord se suivent en moyenne au rythme d&rsquo;une par jour en hiver. La France n&rsquo;est touch\u00e9e que par les temp\u00eates qui d\u00e9vient du rail habituel. Le \u00ab\u00a0lit perturb\u00e9\u00a0\u00bb a toujours pour origine la r\u00e9gion de Terre-Neuve. Mais le rail peut prendre deux types de trac\u00e9, selon que l&rsquo;on est en situation d&rsquo;hiver froid et sec ou, \u00e0 l&rsquo;inverse, en situation d&rsquo;hiver doux et humide (<a rel=\"noreferrer noopener\" aria-label=\"Oscillation Nord-Atlantique (s\u2019ouvre dans un nouvel onglet)\" href=\"https:\/\/www.climat-en-questions.fr\/definition-glossaire-general\/oscillation-nord-atlantique-nao-anglais\" target=\"_blank\"><strong>Oscillation Nord-Atlantique<\/strong><\/a>). La premi\u00e8re correspond \u00e0 l&rsquo;extension sur toute l&rsquo;Europe de l&rsquo;anticyclone de Sib\u00e9rie. Les temp\u00eates empruntent un chemin tr\u00e8s au nord-ouest de l&rsquo;Irlande. La France est \u00e9pargn\u00e9e. La seconde entra\u00eene un rail \u00e0 cheval sur le 50e parall\u00e8le. La Grande-Bretagne et la Manche sont alors frapp\u00e9es de plein fouet par les temp\u00eates.<\/p>\n\n\n\n<div class=\"wp-block-image\"><figure class=\"aligncenter\"><img loading=\"lazy\" decoding=\"async\" width=\"499\" height=\"219\" src=\"https:\/\/libre-cueillette.net\/wp-content\/uploads\/tempete3.jpg\" alt=\"\" class=\"wp-image-6592\" srcset=\"https:\/\/libre-cueillette.net\/wp-content\/uploads\/tempete3.jpg 499w, https:\/\/libre-cueillette.net\/wp-content\/uploads\/tempete3-300x132.jpg 300w\" sizes=\"auto, (max-width: 499px) 100vw, 499px\" \/><figcaption><span style=\"color:#000000\" class=\"tadv-color\">\u00c9tape 3: la d\u00e9pression glisse vers le c\u00f4t\u00e9 froid du rail et explose en temp\u00eate (source M\u00e9t\u00e9o France)<\/span><\/figcaption><\/figure><\/div>\n\n\n\n<p class=\"has-very-dark-gray-color has-text-color\"> L&rsquo;Europe, et en particulier sa fa\u00e7ade atlantique, b\u00e9n\u00e9ficie de  temp\u00e9ratures tr\u00e8s douces, notamment en hiver, comparativement \u00e0 d&rsquo;autres  r\u00e9gions du globe situ\u00e9es aux m\u00eames latitudes (USA, Canada, Japon,  Chine&#8230;). Quatre facteurs en sont responsables. 1) Le 45e parall\u00e8le Nord traverse la France \u00e0 la hauteur de Bordeaux, \u00e0 \u00e9gale distance de l\u2019\u00e9quateur et du p\u00f4le. L&rsquo;\u00e9quilibre thermique global est rendu possible par des transferts atmosph\u00e9riques de chaleur des basses latitudes vers les hautes. 2) Elle doit \u00e9galement la douceur de ses temp\u00e9ratures \u00e0 la pr\u00e9sence de la d\u00e9rive nord-Atlantique qui prolonge le Gulf Stream, ce courant qui transporte les eaux chaudes du Golfe du Mexique vers le Nord. 3) Un troisi\u00e8me ph\u00e9nom\u00e8ne contribue \u00e0 adoucir nos temp\u00e9ratures: l&rsquo;oc\u00e9an lib\u00e8re progressivement en hiver la chaleur accumul\u00e9e durant l&rsquo;\u00e9t\u00e9. 4) Enfin, un quatri\u00e8me facteur provient de la circulation atmosph\u00e9rique aux latitudes moyennes. La pr\u00e9sence des Montagnes Rocheuses en Am\u00e9rique du Nord induit des ondes stationnaires de l&rsquo;atmosph\u00e8re au-dessus de l&rsquo;Atlantique, avec une circulation de Sud-Ouest sur l&rsquo;Europe occidentale, et donc d&rsquo;un air relativement chaud. <\/p>\n\n\n\n<div class=\"wp-block-image\"><figure class=\"aligncenter\"><img loading=\"lazy\" decoding=\"async\" width=\"500\" height=\"375\" src=\"https:\/\/libre-cueillette.net\/wp-content\/uploads\/vent2.jpg\" alt=\"\" class=\"wp-image-6597\" srcset=\"https:\/\/libre-cueillette.net\/wp-content\/uploads\/vent2.jpg 500w, https:\/\/libre-cueillette.net\/wp-content\/uploads\/vent2-300x225.jpg 300w\" sizes=\"auto, (max-width: 500px) 100vw, 500px\" \/><figcaption><span style=\"color:#000000\" class=\"tadv-color\">Le vent en Europe<\/span><\/figcaption><\/figure><\/div>\n\n\n\n<p class=\"has-very-dark-gray-color has-text-color\">Ainsi, les temp\u00eates apparaissent comme un ph\u00e9nom\u00e8ne naturel et n\u00e9cessaire \u00e0 l&rsquo;\u00e9quilibre thermique de la plan\u00e8te. Elles assurent la redistribution d&rsquo;un exc\u00e9dent d&rsquo;\u00e9nergie thermique de la zone tropicale vers des zones en d\u00e9ficit \u00e0 de plus hautes latitudes. Si les temp\u00eates sont plus nombreuses en saison froide, c&rsquo;est \u00e0 cause de l&rsquo;absence d&rsquo;\u00e9nergie solaire au p\u00f4le dont le refroidissement accro\u00eet le gradient (\u00e9cart) thermique avec les basses latitudes, ce qui implique davantage de transfert d&rsquo;\u00e9nergie. Au total, les temp\u00eates concourent \u00e0 la douceur des hivers de l&rsquo;Europe du Nord-Ouest et au caract\u00e8re venteux de son climat.<\/p>\n\n\n\n<div class=\"wp-block-image\"><figure class=\"aligncenter\"><img loading=\"lazy\" decoding=\"async\" width=\"499\" height=\"318\" src=\"https:\/\/libre-cueillette.net\/wp-content\/uploads\/tempete4.jpg\" alt=\"\" class=\"wp-image-6601\" srcset=\"https:\/\/libre-cueillette.net\/wp-content\/uploads\/tempete4.jpg 499w, https:\/\/libre-cueillette.net\/wp-content\/uploads\/tempete4-300x191.jpg 300w\" sizes=\"auto, (max-width: 499px) 100vw, 499px\" \/><figcaption><span style=\"color:#000000\" class=\"tadv-color\">Indice des temp\u00eates 1881-1995 (Valeurs moyennes pour les Iles britanniques, la mer du Nord et la mer de Norv\u00e8ge)<\/span><\/figcaption><\/figure><\/div>\n\n\n\n<p class=\"has-very-dark-gray-color has-text-color\">Selon des \u00e9tudes sur les temp\u00eates en Europe du Nord-Ouest depuis la fin du XIXe si\u00e8cle jusqu&rsquo;\u00e0 nos jours (1875-1995), la seule des 8 stations m\u00e9t\u00e9orologiques entre 40\u00b0N et 70\u00b0N qui ait enregistr\u00e9 une augmentation de la fr\u00e9quence des temp\u00eates est celle de Valentia au sud-ouest de l&rsquo;Irlande. Toutefois, en moyenne, certaines \u00e9tudes indiquent qu&rsquo;il se produit une augmentation de la fr\u00e9quence des temp\u00eates depuis les ann\u00e9es 1970. Mais selon l&rsquo;indice des temp\u00eates figur\u00e9 ci-dessus, le niveau de fr\u00e9quence des temp\u00eates de la fin du XXe si\u00e8cle serait comparable \u00e0 celui de la fin du XIXe, une baisse s&rsquo;\u00e9tant produite jusqu&rsquo;aux ann\u00e9es 1960, suivie d&rsquo;une remont\u00e9e. Il semble qu&rsquo;il y ait une corr\u00e9lation positive entre les cycles de t\u00e2ches solaires et le nombre de jours de grand vent par ann\u00e9e. &#8211; L&rsquo;activit\u00e9 solaire varie selon un cycle d&rsquo;une dur\u00e9e moyenne de 11,2 ans, soit entre 8 et 15 ans &#8211;<\/p>\n\n\n\n<div class=\"wp-block-image\"><figure class=\"aligncenter\"><img loading=\"lazy\" decoding=\"async\" width=\"500\" height=\"250\" src=\"https:\/\/libre-cueillette.net\/wp-content\/uploads\/tempete5.jpg\" alt=\"\" class=\"wp-image-6612\" srcset=\"https:\/\/libre-cueillette.net\/wp-content\/uploads\/tempete5.jpg 500w, https:\/\/libre-cueillette.net\/wp-content\/uploads\/tempete5-300x150.jpg 300w\" sizes=\"auto, (max-width: 500px) 100vw, 500px\" \/><figcaption><span style=\"color:#000000\" class=\"tadv-color\">Le rail des temp\u00eates dans une atmosph\u00e8re contenant deux fois plus de CO2 (simulation)<\/span><\/figcaption><\/figure><\/div>\n\n\n\n<p class=\"has-very-dark-gray-color has-text-color\">Depuis peu, il est devenu possible de mod\u00e9liser les temp\u00eates extra-tropicales. Avec la r\u00e9duction du gradient thermique entre le p\u00f4le et l&rsquo;\u00e9quateur induite par le renforcement de l&rsquo;effet de serre, les d\u00e9pressions risquent d&rsquo;\u00eatre moins creus\u00e9es. La vitesse du vent ne semble pas devoir varier beaucoup. En revanche, sur toute la fa\u00e7ade atlantique fran\u00e7aise, l&rsquo;augmentation de la vitesse du vent risque d&rsquo;\u00eatre nettement plus sensible. On remarque sur le sch\u00e9ma ci-dessous que le Golfe de Gascogne serait particuli\u00e8rement impact\u00e9 dans l&rsquo;hypoth\u00e8se d&rsquo;un doublement du taux de CO2 dans l&rsquo;atmosph\u00e8re.<\/p>\n\n\n\n<div class=\"wp-block-image\"><figure class=\"aligncenter\"><img loading=\"lazy\" decoding=\"async\" width=\"500\" height=\"309\" src=\"https:\/\/libre-cueillette.net\/wp-content\/uploads\/tempete6.jpg\" alt=\"\" class=\"wp-image-6615\" srcset=\"https:\/\/libre-cueillette.net\/wp-content\/uploads\/tempete6.jpg 500w, https:\/\/libre-cueillette.net\/wp-content\/uploads\/tempete6-300x185.jpg 300w\" sizes=\"auto, (max-width: 500px) 100vw, 500px\" \/><figcaption> <span style=\"color:#000000\" class=\"tadv-color\">Avec un doublement du taux de CO2 dans l&rsquo;atmosph\u00e8re, intensification des temp\u00eates dans le Golfe de Gascogne.<\/span><\/figcaption><\/figure><\/div>\n\n\n\n<p><strong>b) S\u00e9diments<\/strong><\/p>\n\n\n\n<p class=\"has-very-dark-gray-color has-text-color\">La hausse du niveau de la mer accro\u00eetra l&rsquo;\u00e9rosion des c\u00f4tes. Ce ph\u00e9nom\u00e8ne sera aggrav\u00e9 par le d\u00e9ficit de s\u00e9diments induit par les activit\u00e9s humaines. Le recul se manifeste d\u00e9j\u00e0 le long de la majeure partie des c\u00f4tes europ\u00e9ennes qui se retrouvent fragilis\u00e9es. Ces s\u00e9diments sont, d&rsquo;une part, retenus par les barrages qui entravent le flux naturel des cours d&rsquo;eau, et d&rsquo;autre part, pr\u00e9lev\u00e9s dans le lit et sur les berges des cours d&rsquo;eau. Le bassin de l&rsquo;<a rel=\"noreferrer noopener\" aria-label=\"Adour (s\u2019ouvre dans un nouvel onglet)\" href=\"https:\/\/www.institution-adour.fr\/files\/aquadour\/Aquadour_34.pdf\" target=\"_blank\"><strong>Adour<\/strong><\/a> ne fait pas exception, avec 188 barrages, v\u00e9ritables pi\u00e8ges \u00e0 sable construits au cours du XXe si\u00e8cle ! Jusqu&rsquo;en 1993, gravi\u00e8res et sabli\u00e8res alimentaient librement la forte demande dans le b\u00e2timent et le r\u00e9seau routier. Mais d\u00e8s les ann\u00e9es 1980, la d\u00e9gradation acc\u00e9l\u00e9r\u00e9e des rivi\u00e8res a conduit \u00e0 une r\u00e9glementation progressive de l&rsquo;extraction de cette ressource qui s&rsquo;av\u00e8re non renouvelable. <\/p>\n\n\n\n<div class=\"wp-block-image\"><figure class=\"aligncenter\"><img loading=\"lazy\" decoding=\"async\" width=\"500\" height=\"514\" src=\"https:\/\/libre-cueillette.net\/wp-content\/uploads\/granulats.jpg\" alt=\"\" class=\"wp-image-6632\" srcset=\"https:\/\/libre-cueillette.net\/wp-content\/uploads\/granulats.jpg 500w, https:\/\/libre-cueillette.net\/wp-content\/uploads\/granulats-292x300.jpg 292w\" sizes=\"auto, (max-width: 500px) 100vw, 500px\" \/><figcaption><span style=\"color:#000000\" class=\"tadv-color\">Extractions en lit mineur (avant 1993) (<a rel=\"noreferrer noopener\" aria-label=\"Aquadour (s\u2019ouvre dans un nouvel onglet)\" href=\"https:\/\/www.institution-adour.fr\/files\/aquadour\/Aquadour_34.pdf\" target=\"_blank\">Aquadour<\/a>)<\/span><\/figcaption><\/figure><\/div>\n\n\n\n<p class=\"has-very-dark-gray-color has-text-color\">Une <strong><a rel=\"noreferrer noopener\" href=\"https:\/\/sosla.wordpress.com\/2015\/05\/15\/anglet-du-sable-plus-quil-nen-fallait\/\" target=\"_blank\">\u00e9tude<\/a><\/strong> remarquablement document\u00e9e sur le site SOS Littoral Angloy se rapporte au cas tr\u00e8s particulier du littoral de la commune d&rsquo;Anglet. Depuis 2000 ans, la manne des sables issus de l&rsquo;\u00e9rosion de la derni\u00e8re glaciation et transport\u00e9s par les fleuves s&rsquo;est tarie en Aquitaine. Toutefois, le courant c\u00f4tier qui longe la c\u00f4te du golfe de Gascogne perdure et il poursuit l&rsquo;entra\u00eenement des sables vers le sud. Il engendre trois cons\u00e9quences, le recul de la c\u00f4te aquitaine, la divagation de l&rsquo;Adour dont l&rsquo;estuaire se retrouve p\u00e9riodiquement obstru\u00e9 par un cordon dunaire, et enfin l&rsquo;accumulation de sable au nord du cap Saint Martin o\u00f9 se dresse aujourd&rsquo;hui le phare de Biarritz et qui constitue un obstacle \u00e0 ce transit. Entre 1578, date de la fixation de l&#8217;embouchure de l&rsquo;Adour \u00e0 Bayonne par Louis de Foix, et 1892, 900 m\u00e8tres de terre sont gagn\u00e9es sur l\u2019oc\u00e9an ! L&rsquo;estuaire de l&rsquo;Adour devra \u00eatre peu \u00e0 peu prolong\u00e9 d&rsquo;autant et le territoire angloy s&rsquo;agrandit tant et si bien que l\u2019\u00c9tat offre ces nouvelles terres sableuses \u00e0 la commune. La v\u00e9g\u00e9tation colonise les sols et la population, confiante dans cette progression permanente, cultive la vigne dont elle tire le \u00ab\u00a0vin de sable\u00a0\u00bb et, en 1870, construit un hippodrome \u00e0 la Barre. <\/p>\n\n\n\n<p class=\"has-very-dark-gray-color has-text-color\">Pourtant, bien longtemps avant les pr\u00e9mices de la hausse du niveau de la mer accompagnant le r\u00e9chauffement climatique, cet \u00e9quilibre se trouve perturb\u00e9 et le littoral angloy cesse d&rsquo;avancer \u00e0 compter de 1896, date des d\u00e9buts du dragage en continu de la barre \u00e0 l&#8217;embouchure de l&rsquo;Adour. Alors que la drague est vid\u00e9e au large, l&rsquo;extraction de sable sur les plages au nord et au sud de l&rsquo;estuaire sert \u00e0 l&rsquo;extension du r\u00e9seau routier et au secteur du b\u00e2timent. Alors qu&rsquo;en 1884 la terre gagnait sur l\u2019oc\u00e9an au rythme de 3 m\u00e8tres par an, les premiers effets de l&rsquo;\u00e9rosion sont apparus d\u00e8s 1924, date \u00e0 laquelle une temp\u00eate hivernale emporta la tribune de l&rsquo;hippodrome qui avait \u00e9t\u00e9 construite \u00e0 100 m\u00e8tres de la laisse des hautes mers, ainsi que le quai de la promenade et endommage le premier \u00e9tablissement de bain de la Chambre d&rsquo;Amour b\u00e2ti en 1884. Entre le 15 d\u00e9cembre 1931 et le 15 mars 1954, l\u2019examen des d\u00e9limitations du domaine maritime montre une \u00e9rosion des plages angloyes de 50 \u00e0 75 m\u00e8tres, soit un recul c\u00f4tier de 3 m\u00e8tres par an. <\/p>\n\n\n\n<div class=\"wp-block-image\"><figure class=\"aligncenter\"><img loading=\"lazy\" decoding=\"async\" width=\"1024\" height=\"263\" src=\"https:\/\/libre-cueillette.net\/wp-content\/uploads\/2020_piscine_1928-1024x263.jpg\" alt=\"\" class=\"wp-image-6567\" srcset=\"https:\/\/libre-cueillette.net\/wp-content\/uploads\/2020_piscine_1928-1024x263.jpg 1024w, https:\/\/libre-cueillette.net\/wp-content\/uploads\/2020_piscine_1928-300x77.jpg 300w, https:\/\/libre-cueillette.net\/wp-content\/uploads\/2020_piscine_1928-768x197.jpg 768w, https:\/\/libre-cueillette.net\/wp-content\/uploads\/2020_piscine_1928.jpg 1200w\" sizes=\"auto, (max-width: 1024px) 100vw, 1024px\" \/><figcaption><span style=\"color:#000000\" class=\"tadv-color\">Anciennes piscines de la Chambre d&rsquo;Amour et du Club d\u00e9truites par les temp\u00eates (Anglet)<\/span><\/figcaption><\/figure><\/div>\n\n\n\n<div class=\"wp-block-image\"><figure class=\"aligncenter\"><img loading=\"lazy\" decoding=\"async\" width=\"500\" height=\"583\" src=\"https:\/\/libre-cueillette.net\/wp-content\/uploads\/granulats2.jpg\" alt=\"\" class=\"wp-image-6634\" srcset=\"https:\/\/libre-cueillette.net\/wp-content\/uploads\/granulats2.jpg 500w, https:\/\/libre-cueillette.net\/wp-content\/uploads\/granulats2-257x300.jpg 257w\" sizes=\"auto, (max-width: 500px) 100vw, 500px\" \/><figcaption><span style=\"color:#000000\" class=\"tadv-color\">Ressources et production en granulats (Aquadour)<\/span><\/figcaption><\/figure><\/div>\n\n\n\n<p class=\"has-very-dark-gray-color has-text-color\">A partir de 1960, les volumes de sable dragu\u00e9s \u00e0 l\u2019entr\u00e9e de l\u2019Adour augmentent sensiblement et des extractions industrielles de sable se produisent au nord et au sud de l\u2019embouchure. De nouvelles d\u00e9gradations \u00e0 la Chambre d&rsquo;Amour s&rsquo;op\u00e8rent lors des temp\u00eates hivernales de 1961 et 1963. Des blocs d&rsquo;ophite, extr\u00eamement denses et solides, sont alors pour la premi\u00e8re fois extraits d&rsquo;une carri\u00e8re pyr\u00e9n\u00e9enne et transport\u00e9s sur la c\u00f4te angloye pour la prot\u00e9ger. <\/p>\n\n\n\n<div class=\"wp-block-image\"><figure class=\"aligncenter\"><img loading=\"lazy\" decoding=\"async\" width=\"699\" height=\"499\" src=\"https:\/\/libre-cueillette.net\/wp-content\/uploads\/1694-et-1723-1.jpg\" alt=\"\" class=\"wp-image-6651\" srcset=\"https:\/\/libre-cueillette.net\/wp-content\/uploads\/1694-et-1723-1.jpg 699w, https:\/\/libre-cueillette.net\/wp-content\/uploads\/1694-et-1723-1-300x214.jpg 300w\" sizes=\"auto, (max-width: 699px) 100vw, 699px\" \/><figcaption> <span style=\"color:#000000\" class=\"tadv-color\">Carte issue des archives du service hydrographique de la marine  consacr\u00e9e aux entr\u00e9es de l\u2019Adour, d\u2019auteur inconnu, du tout d\u00e9but du 18e  si\u00e8cle (origine <a rel=\"noreferrer noopener\" href=\"https:\/\/gallica.bnf.fr\/accueil\/fr\/content\/accueil-fr?mode=desktop\" target=\"_blank\">BNF<\/a>) (<a rel=\"noreferrer noopener\" href=\"https:\/\/sosla.wordpress.com\/2015\/05\/15\/anglet-du-sable-plus-quil-nen-fallait\/\" target=\"_blank\">sosla<\/a>) <\/span><\/figcaption><\/figure><\/div>\n\n\n\n<p class=\"has-very-dark-gray-color has-text-color\">La construction de la grande digue du Boucau, initi\u00e9e en 1963, s&rsquo;ach\u00e8ve en 1966. Pourtant, J.J.A. Bouquet de La Grye, c\u00e9l\u00e8bre ing\u00e9nieur hydrographe des c\u00f4tes fran\u00e7aises, dans un <a rel=\"noreferrer noopener\" aria-label=\"rapport (s\u2019ouvre dans un nouvel onglet)\" href=\"https:\/\/sosla.wordpress.com\/2015\/05\/15\/anglet-du-sable-plus-quil-nen-fallait\/\" target=\"_blank\"><strong>rapport<\/strong><\/a> pour le ministre de la Marine, s\u2019interrogeait un si\u00e8cle plus t\u00f4t, en 1861, sur les travaux de la Barre de l\u2019Adour: \u00ab <em>Les  am\u00e9nagements de l\u2019embouchure du fleuve stopperont-ils l\u2019ensablement et l\u2019avanc\u00e9e de la terre sur la mer li\u00e9s \u00e0 l\u2019arriv\u00e9e massive du sable du nord vers le sud ?<\/em>&nbsp;\u00bb Sa conclusion est \u00ab&nbsp;<em>\u00e9videmment non !<\/em>&nbsp;\u00bb et il ajoute que \u00ab&nbsp;<em>le pis d\u2019arriver serait de rajouter quelques m\u00e8tres tous les vingt ans aux digues de l\u2019embouchure!<\/em> \u00bb <\/p>\n\n\n\n<div class=\"wp-block-image\"><figure class=\"aligncenter\"><img loading=\"lazy\" decoding=\"async\" width=\"559\" height=\"505\" src=\"https:\/\/libre-cueillette.net\/wp-content\/uploads\/anglet_1890_8664278_62febf6b8f_l.jpg\" alt=\"\" class=\"wp-image-6639\" srcset=\"https:\/\/libre-cueillette.net\/wp-content\/uploads\/anglet_1890_8664278_62febf6b8f_l.jpg 559w, https:\/\/libre-cueillette.net\/wp-content\/uploads\/anglet_1890_8664278_62febf6b8f_l-300x271.jpg 300w\" sizes=\"auto, (max-width: 559px) 100vw, 559px\" \/><figcaption> <span style=\"color:#000000\" class=\"tadv-color\">Carte du littoral angloy de Bernard Saint-Jours dat\u00e9e de 1890. (Archive BNF) (<a rel=\"noreferrer noopener\" aria-label=\"sosla (s\u2019ouvre dans un nouvel onglet)\" href=\"https:\/\/sosla.wordpress.com\/2015\/05\/15\/anglet-du-sable-plus-quil-nen-fallait\/\" target=\"_blank\">sosla<\/a>)<\/span><\/figcaption><\/figure><\/div>\n\n\n\n<p class=\"has-very-dark-gray-color has-text-color\">Effectivement, on constate qu&rsquo;il faut d\u00e9sormais draguer deux fois plus de sable pour lib\u00e9rer le chenal d\u2019acc\u00e8s au port, tandis que la plage du Club continue de se d\u00e9sensabler de fa\u00e7on catastrophique, provoquant cette m\u00eame ann\u00e9e 1966 la chute du mur du second \u00e9tablissement de bain avec piscine construit en 1928. En Novembre 1969, une nouvelle temp\u00eate emporte le sable de la plage de Marinella qui baisse de 3 m\u00e8tres et sape le mur de sout\u00e8nement devant l&rsquo;h\u00f4tel. Lors des temp\u00eates de novembre 1972, une nouvelle \u00e9rosion massive touche le littoral angloy. Les plages reculent par dizaines de m\u00e8tres et le mur de soutien, d\u2019une longueur de 1350 m\u00e8tres, est d\u00e9truit sur 720 m\u00e8tres. La situation devient critique pour l\u2019h\u00f4tel Marinella qui risque de basculer \u00e0 tout moment.  Sa protection de blocs d&rsquo;ophite est financ\u00e9e par l\u2019\u00c9tat en f\u00e9vrier 1973, mais le mur de soutien qui longe les plages des Sables d\u2019Or aux Corsaires est abandonn\u00e9.   <\/p>\n\n\n\n<div class=\"wp-block-image\"><figure class=\"aligncenter\"><img loading=\"lazy\" decoding=\"async\" width=\"700\" height=\"526\" src=\"https:\/\/libre-cueillette.net\/wp-content\/uploads\/adour_8556610_ee94415ab0_l-1.jpg\" alt=\"\" class=\"wp-image-6654\" srcset=\"https:\/\/libre-cueillette.net\/wp-content\/uploads\/adour_8556610_ee94415ab0_l-1.jpg 700w, https:\/\/libre-cueillette.net\/wp-content\/uploads\/adour_8556610_ee94415ab0_l-1-300x225.jpg 300w\" sizes=\"auto, (max-width: 700px) 100vw, 700px\" \/><figcaption><span style=\"color:#000000\" class=\"tadv-color\"> Embouchure de l\u2019Adour dans les ann\u00e9es 1980 (fl\u00e9chage <a rel=\"noreferrer noopener\" href=\"https:\/\/sosla.wordpress.com\/2015\/05\/15\/anglet-du-sable-plus-quil-nen-fallait\/\" target=\"_blank\">sosla<\/a>) <\/span><\/figcaption><\/figure><\/div>\n\n\n\n<p class=\"has-very-dark-gray-color has-text-color\">En 1969, la soci\u00e9t\u00e9 fonci\u00e8re de Biarritz Anglet ayant perdu des surfaces de terrain consid\u00e9rables en front de mer intente un proc\u00e8s contre l\u2019\u00c9tat, alors propri\u00e9taire des infrastructures portuaires. Le 18 Novembre 1974,  le tribunal administratif de Pau prononce la <strong>condamnation de l\u2019\u00c9tat<\/strong> <strong>pour   sa part de responsabilit\u00e9 dans l\u2019\u00e9rosion des plages d\u2019Anglet, suite \u00e0 la  construction de la digue nord et au dragage du sable \u00e0 l\u2019entr\u00e9e de   l\u2019Adour<\/strong>. Des mesures sont envisag\u00e9es par les services maritimes: arr\u00eat des extractions littorales, mise en place d\u2019un clapage c\u00f4tier  syst\u00e9matique et construction de plusieurs \u00e9pis pour emp\u00eacher le sable  angloy de glisser vers l\u2019entr\u00e9e de l\u2019Adour.  <\/p>\n\n\n\n<div class=\"wp-block-image\"><figure class=\"aligncenter\"><img loading=\"lazy\" decoding=\"async\" width=\"1024\" height=\"540\" src=\"https:\/\/libre-cueillette.net\/wp-content\/uploads\/anglet_8363439_5c1994b949_l-1024x540.jpg\" alt=\"\" class=\"wp-image-6644\" srcset=\"https:\/\/libre-cueillette.net\/wp-content\/uploads\/anglet_8363439_5c1994b949_l.jpg 1024w, https:\/\/libre-cueillette.net\/wp-content\/uploads\/anglet_8363439_5c1994b949_l-300x158.jpg 300w, https:\/\/libre-cueillette.net\/wp-content\/uploads\/anglet_8363439_5c1994b949_l-768x405.jpg 768w\" sizes=\"auto, (max-width: 1024px) 100vw, 1024px\" \/><figcaption><span style=\"color:#000000\" class=\"tadv-color\">Anglet, plage du VVF (<a rel=\"noreferrer noopener\" aria-label=\"sosla (s\u2019ouvre dans un nouvel onglet)\" href=\"https:\/\/sosla.wordpress.com\/2015\/05\/15\/anglet-du-sable-plus-quil-nen-fallait\/\" target=\"_blank\">sosla<\/a>)<\/span><\/figcaption><\/figure><\/div>\n\n\n\n<p class=\"has-very-dark-gray-color has-text-color\">En 1979, la nouvelle vague de consolidation des \u00e9pis en blocs d\u2019ophite pour prot\u00e9ger le mur de soutien est accompagn\u00e9e d\u2019un rechargement des plages situ\u00e9es entre les digues avec 70 000 m\u00e8tres cubes de gravier et 140 000 m\u00e8tres cube de sable grossier extraits de la plage de Tarnos.  Au d\u00e9but des ann\u00e9es 1990, le pourcentage des sables dragu\u00e9s \u00e0 l\u2019embouchure de l\u2019Adour et ramen\u00e9s devant les plages est en constante baisse par rapport \u00e0 la fin des ann\u00e9es 70. Au d\u00e9but des ann\u00e9es 2000, les petits fonds devant les plages d\u2019Anglet s\u2019effondrent \u00e0 nouveau (ba\u00efnes). Les musoirs des digues des Sables d\u2019or et de Marinella dispara\u00eetront successivement en 2008 et 2009. A l\u2019entr\u00e9e de l\u2019hiver 2013-2014, le littoral angloy a perdu plus de 5 millions de m\u00e8tres cube de sable depuis le d\u00e9but des ann\u00e9es 2000, en liaison avec la probl\u00e9matique du dragage de l\u2019embouchure de l\u2019Adour. En Mars 2014, la temp\u00eate Christine provoque de nouvelles d\u00e9gradations du mur de soutien&#8230;<\/p>\n\n\n\n<div class=\"wp-block-image\"><figure class=\"aligncenter\"><img loading=\"lazy\" decoding=\"async\" width=\"1024\" height=\"543\" src=\"https:\/\/libre-cueillette.net\/wp-content\/uploads\/chambre-d-amour-11-1024x543.jpg\" alt=\"\" class=\"wp-image-6645\" srcset=\"https:\/\/libre-cueillette.net\/wp-content\/uploads\/chambre-d-amour-11-1024x543.jpg 1024w, https:\/\/libre-cueillette.net\/wp-content\/uploads\/chambre-d-amour-11-300x159.jpg 300w, https:\/\/libre-cueillette.net\/wp-content\/uploads\/chambre-d-amour-11-768x407.jpg 768w, https:\/\/libre-cueillette.net\/wp-content\/uploads\/chambre-d-amour-11.jpg 1033w\" sizes=\"auto, (max-width: 1024px) 100vw, 1024px\" \/><figcaption> <br><span style=\"color:#000000\" class=\"tadv-color\">Anglet, plage de la Chambre d&rsquo;Amour (<a rel=\"noreferrer noopener\" href=\"https:\/\/sosla.wordpress.com\/2015\/05\/15\/anglet-du-sable-plus-quil-nen-fallait\/\" target=\"_blank\">sosla<\/a>) <\/span><\/figcaption><\/figure><\/div>\n\n\n\n<h4 class=\"wp-block-heading\"> <span style=\"color:#000000\" class=\"tadv-color\">1.2.2.  Par d\u00e9bordement des cours d&rsquo;eau<\/span><\/h4>\n\n\n\n<div class=\"wp-block-image\"><figure class=\"aligncenter\"><img loading=\"lazy\" decoding=\"async\" width=\"902\" height=\"751\" src=\"https:\/\/libre-cueillette.net\/wp-content\/uploads\/submersions.jpg\" alt=\"\" class=\"wp-image-5767\" srcset=\"https:\/\/libre-cueillette.net\/wp-content\/uploads\/submersions.jpg 902w, https:\/\/libre-cueillette.net\/wp-content\/uploads\/submersions-300x250.jpg 300w, https:\/\/libre-cueillette.net\/wp-content\/uploads\/submersions-768x639.jpg 768w\" sizes=\"auto, (max-width: 902px) 100vw, 902px\" \/><figcaption><span style=\"color:#000000\" class=\"tadv-color\">Une carte de la DREAL Midi Pyr\u00e9n\u00e9es o\u00f9 les submersions marines co\u00efncident globalement avec la carte pr\u00e9c\u00e9dente de Coas<\/span>tal Climate Central<\/figcaption><\/figure><\/div>\n\n\n\n<p class=\"has-very-dark-gray-color has-text-color\">Sur cette <strong><a rel=\"noreferrer noopener\" aria-label=\"carte (s\u2019ouvre dans un nouvel onglet)\" href=\"http:\/\/www.occitanie.developpement-durable.gouv.fr\/IMG\/pdf\/rap-acc_cotier_basque_2014_12_03_cle7cdd82.pdf\" target=\"_blank\">carte<\/a><\/strong>  publi\u00e9e par la DREAL Midi Pyr\u00e9n\u00e9es (Direction R\u00e9gionale de l&rsquo;Environnement, de l&rsquo;Am\u00e9nagement et du Logement), les zones d&rsquo;immersion marine (en turquoise) co\u00efncident globalement avec celles (en rouge) de la carte de Coastal Climate Central affich\u00e9e plus haut. Mieux encore, elle recense les zones \u00e0 risque d&rsquo;inondation d&rsquo;eau douce (en bleu fonc\u00e9) dont les causes peuvent \u00eatre multiples. A Bayonne, les inondations correspondent souvent \u00e0 la concordance dans le temps de tr\u00e8s fortes pr\u00e9cipitations qui gonflent le flux des cours d&rsquo;eau (surtout la Nive) avec la mar\u00e9e haute ou une temp\u00eate qui entrave l&rsquo;\u00e9coulement vers la mer. Un <a rel=\"noreferrer noopener\" aria-label=\"document (s\u2019ouvre dans un nouvel onglet)\" href=\"http:\/\/www.gesteau.fr\/sites\/default\/files\/sc_tendanciel_sageadouraval.pdf\" target=\"_blank\"><strong>document<\/strong><\/a> de l&rsquo;Institution Adour souligne en outre que l\u2019occurrence de ces inondations est \u00e9troitement li\u00e9e \u00e0 l\u2019am\u00e9nagement du territoire. L\u2019artificialisation des sols et des cours d\u2019eau, la disparition des haies de bocage en g\u00e9n\u00e9ral, sont autant de facteurs qui favorisent un ruissellement rapide de l\u2019eau vers les rivi\u00e8res et augmentent ainsi le risque d\u2019inondation. <\/p>\n\n\n\n<div class=\"wp-block-image\"><figure class=\"aligncenter\"><img loading=\"lazy\" decoding=\"async\" width=\"580\" height=\"818\" src=\"https:\/\/libre-cueillette.net\/wp-content\/uploads\/bayonne_TRI_SAGE.jpg\" alt=\"\" class=\"wp-image-6087\" srcset=\"https:\/\/libre-cueillette.net\/wp-content\/uploads\/bayonne_TRI_SAGE.jpg 580w, https:\/\/libre-cueillette.net\/wp-content\/uploads\/bayonne_TRI_SAGE-213x300.jpg 213w\" sizes=\"auto, (max-width: 580px) 100vw, 580px\" \/><figcaption> <span style=\"color:#000000\" class=\"tadv-color\">TRI <\/span>C\u00f4tie<span style=\"color:#000000\" class=\"tadv-color\">r Basque \u2013 D\u00e9bordement de cours d\u2019eau \u2013 Bayonne (<a rel=\"noreferrer noopener\" aria-label=\"SAGE (s\u2019ouvre dans un nouvel onglet)\" href=\"http:\/\/www.gesteau.fr\/sites\/default\/files\/sageadouraval_etat_des_lieux.pdf\" target=\"_blank\">SAGE<\/a>)<\/span><\/figcaption><\/figure><\/div>\n\n\n\n<p class=\"has-black-color has-text-color\">Une s\u00e9rie de cartes plus d\u00e9taill\u00e9es ont \u00e9t\u00e9 \u00e9tablies par l&rsquo;Institution Adour (\u00c9tablissement public territorial de bassin) dans le cadre du Sch\u00e9ma d&rsquo;am\u00e9nagement et de gestion des eaux (<a rel=\"noreferrer noopener\" aria-label=\"SAGE (s\u2019ouvre dans un nouvel onglet)\" href=\"http:\/\/www.gesteau.fr\/sites\/default\/files\/sageadouraval_etat_des_lieux.pdf\" target=\"_blank\"><strong>SAGE<\/strong><\/a>) Adour Aval. En application de la directive europ\u00e9enne de 2007 relative \u00e0 l\u2019\u00e9valuation et \u00e0 la gestion du risque d\u2019inondation, les territoires \u00e0 risque d\u2019inondation (TRI) fluviale et submersion marine de la c\u00f4te basque et de Dax ont \u00e9t\u00e9 rep\u00e9r\u00e9s. Les cartographies ont \u00e9t\u00e9 \u00e9tablies pour des \u00e9v\u00e8nements fr\u00e9quents (p\u00e9riode de retour entre 10 et 30 ans), moyens (100 et 300 ans) et rares (1000 ans).  Toutefois, pr\u00e9cisent les auteurs du rapport, les m\u00e9thodologies pour la mod\u00e9lisation des risques de submersion et d\u2019inondation \u00e9taient diff\u00e9rentes. Ainsi, les cartes du risque d\u2019inondations fluviales d\u2019une part et du risque de submersion marine d\u2019autre part ont \u00e9t\u00e9 pr\u00e9sent\u00e9es s\u00e9par\u00e9ment. De plus,<strong> les m\u00e9thodologies utilis\u00e9es ne permettaient pas de croiser les deux risques (inondation et submersion) dans l\u2019estuaire de l\u2019Adour, ce qui ne refl\u00e8te pas  n\u00e9cessairement la r\u00e9alit\u00e9 des \u00e9v\u00e8nements connus sur le territoire<\/strong>. Enfin,<strong> le risque de submersion marine dans l\u2019estuaire de l\u2019Adour est inexistant, selon la m\u00e9thodologie et le mod\u00e8le employ\u00e9s<\/strong>. <em>&#8211; Par cons\u00e9quent, les risques ont sans doute \u00e9t\u00e9 sous-estim\u00e9s dans ces simulations, ce qui explique les diff\u00e9rences avec les cartes de la DREAL Midi Pyr\u00e9n\u00e9es et de Coastal Climate Central&#8230; &#8211;<\/em> En 2024, le nouveau Sch\u00e9ma de Coh\u00e9rence Territoriale (SCoT) actuellement \u00e0 l&rsquo;\u00e9tude entrera en vigueur. Il disposera sans doute de cartes plus appropri\u00e9es pour l&rsquo;\u00e9valuation des risques d&rsquo;inondation. &#8211;<\/p>\n\n\n\n<div class=\"wp-block-image\"><figure class=\"aligncenter\"><img loading=\"lazy\" decoding=\"async\" width=\"579\" height=\"813\" src=\"https:\/\/libre-cueillette.net\/wp-content\/uploads\/anglet_TRI_SAGE.jpg\" alt=\"\" class=\"wp-image-6089\" srcset=\"https:\/\/libre-cueillette.net\/wp-content\/uploads\/anglet_TRI_SAGE.jpg 579w, https:\/\/libre-cueillette.net\/wp-content\/uploads\/anglet_TRI_SAGE-214x300.jpg 214w\" sizes=\"auto, (max-width: 579px) 100vw, 579px\" \/><figcaption> <span style=\"color:#000000\" class=\"tadv-color\">TRI C\u00f4tier Basque \u2013 submersion marine \u2013 Anglet, Boucau (<a rel=\"noreferrer noopener\" aria-label=\"SAGE (s\u2019ouvre dans un nouvel onglet)\" href=\"http:\/\/www.gesteau.fr\/sites\/default\/files\/sageadouraval_etat_des_lieux.pdf\" target=\"_blank\">SAGE<\/a>)<\/span><\/figcaption><\/figure><\/div>\n\n\n\n<p class=\"has-very-dark-gray-color has-text-color\">Il est \u00e9galement fort probable que le ph\u00e9nom\u00e8ne d&rsquo;accroissement du risque d&rsquo;inondation et de submersion g\u00e9n\u00e9r\u00e9 par la concordance d&rsquo;\u00e9v\u00e9nements maritimes (mar\u00e9e haute, temp\u00eate) et fluviaux (augmentation des flux et des d\u00e9bits par fortes pr\u00e9cipitations) ne pourra que s&rsquo;aggraver avec d&rsquo;une part la mont\u00e9e du niveau de la mer et d&rsquo;autre part le glissement de notre climat oc\u00e9anique vers un climat de type m\u00e9diterran\u00e9en caract\u00e9ris\u00e9 par des pluies plus intenses et plus concentr\u00e9es sur de courtes p\u00e9riodes de l&rsquo;ann\u00e9e. Comme sur le pourtour m\u00e9diterran\u00e9en, la fragilisation de la v\u00e9g\u00e9tation herbac\u00e9e par de plus longues p\u00e9riodes de s\u00e9cheresse et de canicule estivale accro\u00eetra les ph\u00e9nom\u00e8nes de ruissellement et d&rsquo;\u00e9rosion des sols, augmentant le risque d&rsquo;inondations brutales.<\/p>\n\n\n\n<div class=\"wp-block-image\"><figure class=\"aligncenter\"><img loading=\"lazy\" decoding=\"async\" width=\"464\" height=\"500\" src=\"https:\/\/libre-cueillette.net\/wp-content\/uploads\/pays-bas_plan_delta-1.jpg\" alt=\"\" class=\"wp-image-6227\" srcset=\"https:\/\/libre-cueillette.net\/wp-content\/uploads\/pays-bas_plan_delta-1.jpg 464w, https:\/\/libre-cueillette.net\/wp-content\/uploads\/pays-bas_plan_delta-1-278x300.jpg 278w\" sizes=\"auto, (max-width: 464px) 100vw, 464px\" \/><figcaption> <span style=\"color:#000000\" class=\"tadv-color\">Pays Bas: le plan Delta <\/span><\/figcaption><\/figure><\/div>\n\n\n\n<p class=\"has-very-dark-gray-color has-text-color\">En Europe, les <a rel=\"noreferrer noopener\" aria-label=\"Pays-Bas (s\u2019ouvre dans un nouvel onglet)\" href=\"https:\/\/www.geosoc.fr\/metiers-formations\/domaines-d-activites\/environnement-patrimoine\/pour-en-savoir-plus\/le-littoral\/252-la-protection-contre-la-mer-aux-pays-bas-le-plan-delta\/file.html\" target=\"_blank\"><strong>Pays-Bas<\/strong><\/a> ont depuis des si\u00e8cles une politique d&rsquo;extension de leur territoire sur le milieu marin et fluvial par la construction de digues et de canaux. A cet \u00e9gard, ils sont davantage expos\u00e9s aux caprices des \u00e9l\u00e9ments aquatiques et leur longue exp\u00e9rience nous montre les limites de la lutte contre les \u00e9l\u00e9ments naturels. En Sud Hollande, o\u00f9 se trouve Rotterdam, l\u2019ouragan du 31 janvier 1953 provoqua de grandes br\u00e8ches dans les digues de protection marine, l&rsquo;irruption de la mer et l&rsquo;inondation de la r\u00e9gion, avec pour cons\u00e9quences le d\u00e9c\u00e8s de 1 836 personnes, l\u2019\u00e9vacuation de 72 000 autres, la mort de 200 000 t\u00eates de b\u00e9tail, la destruction de 3 000 maisons et 300 fermes, et l\u2019endommagement de 40 000 maisons et 3 000 fermes. Pour y rem\u00e9dier, le pays promulgua la Loi Delta du 8 mars 1958 afin de lancer tout un programme de construction de grands barrages. En 1993 et 1995, de nouvelles inondations eurent lieu, qui ne firent certes aucune victime, mais occasionn\u00e8rent d\u2019\u00e9normes d\u00e9g\u00e2ts mat\u00e9riels. Cette fois-ci l\u2019eau ne venait pas de la mer, mais de l\u2019arri\u00e8re-pays. En 1995, gonfl\u00e9s par les eaux de fonte des neiges alpines et de fortes pluies, le Rhin et la Meuse sortirent de leur lit et plus de 250 000 personnes durent \u00eatre \u00e9vacu\u00e9es. Imm\u00e9diatement apr\u00e8s cette catastrophe fut mis au point le plan Delta des grands fleuves, qui pr\u00e9voit de leur redonner plus d\u2019espace pour \u00e9pancher leurs eaux et de rehausser de nombreuses digues. <\/p>\n\n\n\n<div class=\"wp-block-image\"><figure class=\"aligncenter\"><img loading=\"lazy\" decoding=\"async\" width=\"749\" height=\"500\" src=\"https:\/\/libre-cueillette.net\/wp-content\/uploads\/marais-salants_guerande-1.jpg\" alt=\"\" class=\"wp-image-6229\" srcset=\"https:\/\/libre-cueillette.net\/wp-content\/uploads\/marais-salants_guerande-1.jpg 749w, https:\/\/libre-cueillette.net\/wp-content\/uploads\/marais-salants_guerande-1-300x200.jpg 300w\" sizes=\"auto, (max-width: 749px) 100vw, 749px\" \/><figcaption> <span style=\"color:#000000\" class=\"tadv-color\">Marais salants de <a rel=\"noreferrer noopener\" href=\"https:\/\/www.leguerandais.fr\/fr\/actualites\/visite-des-marais-salants-de-gu%C3%A9rande-le-programme-complet\" target=\"_blank\">Gu\u00e9rande<\/a> (Loire atlantique) <\/span><\/figcaption><\/figure><\/div>\n\n\n\n<h3 class=\"wp-block-heading\"><span style=\"color:#000000\" class=\"tadv-color\">1.3. Trop sal\u00e9 !<\/span><\/h3>\n\n\n\n<h4 class=\"has-black-color has-text-color wp-block-heading\">1.3.1. Eau c\u00f4ti\u00e8re moins potable<\/h4>\n\n\n\n<p class=\"has-very-dark-gray-color has-text-color\">L&rsquo;article o\u00f9 figure la carte de Coastal Climate Central, paru sur le site \u00ab\u00a0Notre Plan\u00e8te Info\u00a0\u00bb, est inqui\u00e9tant: l&rsquo;\u00e9l\u00e9vation du niveau marin s&rsquo;acc\u00e9l\u00e8re. Elle est due \u00e0 la hausse de la temp\u00e9rature marine (qui provoque une dilatation thermique de la masse d&rsquo;eau) et \u00e0 la fonte des glaces continentales. Elle a pour effet d&rsquo;accentuer l&rsquo;\u00e9rosion littorale, rendant plus vuln\u00e9rables aux temp\u00eates les populations et infrastructures c\u00f4ti\u00e8res. En outre, l&rsquo;incursion de la mer \u00e0 l&rsquo;int\u00e9rieur des terres engendrera la salinisation des sols qui deviendront impropres aux cultures. Elle aura aussi un impact sur les nappes phr\u00e9atiques c\u00f4ti\u00e8res.  <\/p>\n\n\n\n<div class=\"wp-block-image\"><figure class=\"aligncenter\"><img loading=\"lazy\" decoding=\"async\" width=\"600\" height=\"300\" src=\"https:\/\/libre-cueillette.net\/wp-content\/uploads\/la-station-de-pompage-2.jpg\" alt=\"\" class=\"wp-image-6471\" srcset=\"https:\/\/libre-cueillette.net\/wp-content\/uploads\/la-station-de-pompage-2.jpg 600w, https:\/\/libre-cueillette.net\/wp-content\/uploads\/la-station-de-pompage-2-300x150.jpg 300w\" sizes=\"auto, (max-width: 600px) 100vw, 600px\" \/><figcaption> <br> <span style=\"color:#000000\" class=\"tadv-color\">Station de pompage pour pallier les inondations r\u00e9currentes autour du   lac de Chiberta et assurer l&rsquo;irrigation du golf de Chiberta (<a rel=\"noreferrer noopener\" href=\"https:\/\/www.sudouest.fr\/2017\/05\/18\/une-station-de-pompage-pour-balayer-les-pluies-3456716-3944.php\" target=\"_blank\">Anglet<\/a>, 2017)  <\/span><\/figcaption><\/figure><\/div>\n\n\n\n<p class=\"has-very-dark-gray-color has-text-color\">L&rsquo;eau potable qui alimente Biarritz et Anglet est principalement extraite de la Nive \u00e0 la station de pompage d&rsquo;Ustaritz. Un compl\u00e9ment est extrait de six captages situ\u00e9s \u00e0 Anglet (\u00e0 la Barre et aux Pont\u00f4ts), par forage dans la nappe phr\u00e9atique de l&rsquo;Adour. Ils fournissent 400 000 m3 par an, soit environ 15 % de l\u2019eau consomm\u00e9e \u00e0 Anglet chaque ann\u00e9e. L\u2019eau sert principalement en  renfort d\u2019alimentation pendant la p\u00e9riode estivale. Compte tenu de la proximit\u00e9 de la nappe oc\u00e9anique, ces captages n\u00e9cessitent une surveillance r\u00e9guli\u00e8re et les volumes pr\u00e9lev\u00e9s restent stables afin d\u2019\u00e9viter toute intrusion saline principalement au niveau de la nappe de la Barre. Ainsi, les pr\u00e9l\u00e8vements  d\u2019eau chez les particuliers disposant de forages pour l\u2019arrosage des jardins, souvent non r\u00e9pertori\u00e9s, les forages du Golf de Chiberta et ceux de la commune pour l\u2019arrosage des espaces verts littoraux devraient faire l\u2019objet d\u2019une surveillance car ils sont potentiellement concurrents de la ressource disponible et pourraient influer sur le d\u00e9placement du front de salinit\u00e9. La commune a donc mis en place un suivi de la nappe (mesures r\u00e9guli\u00e8res de niveaux d\u2019eau et de qualit\u00e9, principalement en p\u00e9riode d\u2019<a rel=\"noreferrer noopener\" aria-label=\"\u00e9tiage (s\u2019ouvre dans un nouvel onglet)\" href=\"https:\/\/journals.openedition.org\/cybergeo\/24827\" target=\"_blank\"><strong>\u00e9tiage<\/strong><\/a>). <\/p>\n\n\n\n<div class=\"wp-block-image\"><figure class=\"aligncenter\"><img loading=\"lazy\" decoding=\"async\" width=\"645\" height=\"400\" src=\"https:\/\/libre-cueillette.net\/wp-content\/uploads\/golf-chiberta-couple-golfeurs-1.jpg\" alt=\"\" class=\"wp-image-6472\" srcset=\"https:\/\/libre-cueillette.net\/wp-content\/uploads\/golf-chiberta-couple-golfeurs-1.jpg 645w, https:\/\/libre-cueillette.net\/wp-content\/uploads\/golf-chiberta-couple-golfeurs-1-300x186.jpg 300w\" sizes=\"auto, (max-width: 645px) 100vw, 645px\" \/><figcaption> <span style=\"color:#000000\" class=\"tadv-color\">Le golf de Chiberta: un parcours sur les dunes irrigu\u00e9 par pompage dans la nappe phr\u00e9atique sous-jacente (Anglet). <\/span><\/figcaption><\/figure><\/div>\n\n\n\n<p class=\"has-very-dark-gray-color has-text-color\">Ces diverses sources d&rsquo;approvisionnement (Nive et nappes phr\u00e9atiques c\u00f4ti\u00e8res) risquent d&rsquo;\u00eatre menac\u00e9es \u00e0 terme de salinisation. Elles deviendraient impropres \u00e0 la consommation humaine et \u00e0 l&rsquo;irrigation. Par contre, celles de Bayonne, situ\u00e9es plus en altitude, seraient moins impact\u00e9es par la hausse du niveau de la mer: les sources du Laxia (140 m \u00e0 25 km de distance) et de l&rsquo;Ursuya (110 m \u00e0 22 km de distance), marginalement compl\u00e9t\u00e9es (2%) par la Nive. &#8211; <em>L&rsquo;inqui\u00e9tude refl\u00e9t\u00e9e dans le Sch\u00e9ma d&rsquo;am\u00e9nagement et de gestion des eaux<\/em> <em>(SAGE) ne se rapporte pas au risque de salinisation, mais plut\u00f4t \u00e0 l&rsquo;accroissement futur de la population. Ce dernier n\u00e9cessitera une meilleure interconnexion entre les diff\u00e9rents r\u00e9seaux d&rsquo;approvisionnement en eau en cas de probl\u00e8me \u00e9ventuel sur une source d&rsquo;approvisionnement et la prospection de nouvelles sources pour compl\u00e9ter l&rsquo;approvisionnement en p\u00e9riode de pointe estivale.<\/em> &#8211;  <\/p>\n\n\n\n<div class=\"wp-block-image\"><figure class=\"aligncenter\"><img loading=\"lazy\" decoding=\"async\" width=\"500\" height=\"332\" src=\"https:\/\/libre-cueillette.net\/wp-content\/uploads\/salinisation1.jpg\" alt=\"\" class=\"wp-image-5855\" srcset=\"https:\/\/libre-cueillette.net\/wp-content\/uploads\/salinisation1.jpg 500w, https:\/\/libre-cueillette.net\/wp-content\/uploads\/salinisation1-300x199.jpg 300w\" sizes=\"auto, (max-width: 500px) 100vw, 500px\" \/><figcaption><span style=\"color:#000000\" class=\"tadv-color\">En France, la salinisation des sols et des nappes phr\u00e9atiques est d\u00e9j\u00e0 \u00e0 l\u2019\u0153uvre dans l&rsquo;H\u00e9rault, vers l&#8217;emb<\/span>ouchure de l&rsquo;Orb (<a rel=\"noreferrer noopener\" href=\"https:\/\/herault.chambre-agriculture.fr\/actualites\/detail-de-lactualite\/actualites\/lenjeu-de-la-salinisation-des-terres-a-lembouchure-de-lorb-debattu-en-reunion-publique\/\" target=\"_blank\">photo<\/a>, Chambre d&rsquo;agriculture)<\/figcaption><\/figure><\/div>\n\n\n\n<h4 class=\"has-black-color has-text-color wp-block-heading\"> 1.3.2.  Sols c\u00f4tiers moins fertiles<\/h4>\n\n\n\n<p class=\"has-very-dark-gray-color has-text-color\">En France, le ph\u00e9nom\u00e8ne de <a rel=\"noreferrer noopener\" aria-label=\"salinisation (s\u2019ouvre dans un nouvel onglet)\" href=\"https:\/\/herault.chambre-agriculture.fr\/actualites\/detail-de-lactualite\/actualites\/lenjeu-de-la-salinisation-des-terres-a-lembouchure-de-lorb-debattu-en-reunion-publique\/\" target=\"_blank\"><strong>salinisation<\/strong><\/a> se produit d\u00e9j\u00e0 depuis quelques ann\u00e9es \u00e0 l&rsquo;est de B\u00e9ziers dans l&rsquo;H\u00e9rault, sur la commune de S\u00e9rignan o\u00f9 l&rsquo;Orb se jette dans la M\u00e9diterran\u00e9e.  Il engendre la mort des ceps de vigne et des c\u00e9r\u00e9ales. Cause imput\u00e9e: la baisse de la pluviom\u00e9trie, qui rend les eaux de l&rsquo;Orb et de la nappe phr\u00e9atique de plus en plus charg\u00e9es en sel pendant une p\u00e9riode de l&rsquo;ann\u00e9e de plus en plus longue.  Trois solutions cumulatives sont pr\u00e9conis\u00e9es : (1) continuer \u00e0 inonder les parcelles pour les lessiver (en saison pluvieuse), (2) bien entretenir les foss\u00e9s et drainages pour \u00e9vacuer l\u2019eau sal\u00e9e et (3) limiter les remont\u00e9es de la mer dans l\u2019Orb,  gr\u00e2ce \u00e0 un seuil \u00e0 construire dans l\u2019embouchure (petit barrage d\u00e9versant). Toutefois, un tel barrage anti-mar\u00e9e (et anti-temp\u00eate) pr\u00e9senterait l&rsquo;inconv\u00e9nient de bloquer l&rsquo;\u00e9vacuation d&rsquo;eau douce lors de fortes pluies en amont et de provoquer des inondations d&rsquo;autant plus pr\u00e9judiciables que la pr\u00e9sence humaine est forte le long du fleuve.<\/p>\n\n\n\n<div class=\"wp-block-image\"><figure class=\"aligncenter\"><img loading=\"lazy\" decoding=\"async\" width=\"508\" height=\"488\" src=\"https:\/\/libre-cueillette.net\/wp-content\/uploads\/hausse_mer_brgm_1-s2.0-S0278434317300250-gr14.jpg\" alt=\"\" class=\"wp-image-5975\" srcset=\"https:\/\/libre-cueillette.net\/wp-content\/uploads\/hausse_mer_brgm_1-s2.0-S0278434317300250-gr14.jpg 508w, https:\/\/libre-cueillette.net\/wp-content\/uploads\/hausse_mer_brgm_1-s2.0-S0278434317300250-gr14-300x288.jpg 300w\" sizes=\"auto, (max-width: 508px) 100vw, 508px\" \/><figcaption><span style=\"color:#000000\" class=\"tadv-color\">(a) Hausse de la mer non uniforme (en m\u00e8tres) &#8211; (b) Impact diff\u00e9rent sur l&rsquo;amplitude des mar\u00e9es selon les lieux (en m\u00e8tres) (<a rel=\"noreferrer noopener\" aria-label=\"BRGM (s\u2019ouvre dans un nouvel onglet)\" href=\"https:\/\/www.sciencedirect.com\/science\/article\/pii\/S0278434317300250\" target=\"_blank\">BRGM<\/a>)<\/span><\/figcaption><\/figure><\/div>\n\n\n\n<h3 class=\"has-black-color has-text-color wp-block-heading\">1.4. Trop froid ?<\/h3>\n\n\n\n<h4 class=\"has-black-color has-text-color wp-block-heading\">1.4.1. Mar\u00e9e et climat<\/h4>\n\n\n\n<p class=\"has-very-dark-gray-color has-text-color\">Le sch\u00e9ma (a) ci-dessus, \u00e9labor\u00e9 par des scientifiques du <a rel=\"noreferrer noopener\" aria-label=\"BRGM (s\u2019ouvre dans un nouvel onglet)\" href=\"https:\/\/www.sciencedirect.com\/science\/article\/pii\/S0278434317300250\" target=\"_blank\"><strong>BRGM<\/strong><\/a> (Bureau de Recherches G\u00e9ologiques et Mini\u00e8res) et de l&rsquo;Ifremer (Institut Fran\u00e7ais de Recherche pour l&rsquo;Exploitation de la Mer), montre que la hausse moyenne du niveau de la mer de 0,50 m\u00e8tre (jaune) en 2100 &#8211; qui se produirait dans une hypoth\u00e8se moyennement optimiste &#8211; ne serait pas uniforme: au fond du golfe de Gascogne par exemple, celle-ci serait de 0,70 m\u00e8tre (rouge). L&rsquo;impact sur l&rsquo;amplitude des mar\u00e9es &#8211; sch\u00e9ma (b) &#8211; serait \u00e9galement diff\u00e9rent selon les lieux: elle serait l\u00e9g\u00e8rement plus grande dans le golfe de Gascogne (orange), jusqu&rsquo;\u00e0 +0,05 m\u00e8tre. <\/p>\n\n\n\n<div class=\"wp-block-image\"><figure class=\"aligncenter\"><img loading=\"lazy\" decoding=\"async\" width=\"490\" height=\"486\" src=\"https:\/\/libre-cueillette.net\/wp-content\/uploads\/Renssen_etal_2015NatGeo-2.jpg\" alt=\"\" class=\"wp-image-5983\" srcset=\"https:\/\/libre-cueillette.net\/wp-content\/uploads\/Renssen_etal_2015NatGeo-2.jpg 490w, https:\/\/libre-cueillette.net\/wp-content\/uploads\/Renssen_etal_2015NatGeo-2-150x150.jpg 150w, https:\/\/libre-cueillette.net\/wp-content\/uploads\/Renssen_etal_2015NatGeo-2-300x298.jpg 300w\" sizes=\"auto, (max-width: 490px) 100vw, 490px\" \/><figcaption> <span style=\"color:#000000\" class=\"tadv-color\">Estimation de la diff\u00e9rence de temp\u00e9rature de l\u2019air en surface en  juillet entre le Dryas R\u00e9cent et la p\u00e9riode qui l&rsquo;a pr\u00e9c\u00e9d\u00e9 directement  (il y a 13.000 ans) montrant le refroidissement marqu\u00e9 sur l\u2019Europe  (<a rel=\"noreferrer noopener\" aria-label=\"Figure (s\u2019ouvre dans un nouvel onglet)\" href=\"https:\/\/uclouvain.be\/fr\/sciencetoday\/actualites\/vent-nouveau-sur-les-origines-du-dryas-recent.html\" target=\"_blank\">Figure<\/a> tir\u00e9e de Renssen et la. 2015) <\/span><\/figcaption><\/figure><\/div>\n\n\n\n<p class=\"has-very-dark-gray-color has-text-color\">En 2019, j&rsquo;ai effectu\u00e9 une <a rel=\"noreferrer noopener\" aria-label=\"recherche (s\u2019ouvre dans un nouvel onglet)\" href=\"https:\/\/lemondedecathy.fr\/europe\/france\/anglet\/marees-et-climat\/\" target=\"_blank\"><strong>recherche<\/strong><\/a> sur le lien entre les mar\u00e9es et le climat o\u00f9 je faisais r\u00e9f\u00e9rence notamment au \u00ab\u00a0Petit \u00e2ge glaciaire\u00a0\u00bb qui a s\u00e9vi en Europe du XIVe au XIXe si\u00e8cle. Un effet pernicieux du r\u00e9chauffement climatique tr\u00e8s difficile \u00e0 mod\u00e9liser est l&rsquo;impact qu&rsquo;il peut avoir sur les mar\u00e9es oc\u00e9aniques. Celles-ci d\u00e9pendent de multiples facteurs, l&rsquo;attraction lunaire, la forme des fonds marins et des c\u00f4tes, l&rsquo;espace dont elles disposent pour la propagation de l&rsquo;onde&#8230; La fonte massive des glaciers terrestres aux alentours du cercle arctique (Groenland, Islande, Scandinavie, Nord Canada&#8230;) et le d\u00e9versement de toute cette eau douce dans l&rsquo;oc\u00e9an Atlantique pourrait induire un moindre impact d&rsquo;une des composantes de la mar\u00e9e dont le r\u00f4le est d&rsquo;impulser la circulation thermohaline au niveau de la d\u00e9rive Nord-Atlantique du Gulfstream. <\/p>\n\n\n\n<p class=\"has-text-align-center has-black-color has-text-color\"><em>La fonte de glaciers d&rsquo;eau douce (Groenland) contribue \u00e0 la hausse du niveau de la mer et pourrait impacter la circulation thermohaline (Gulfstream)<\/em><\/p>\n\n\n\n<p class=\"has-very-dark-gray-color has-text-color\">C&rsquo;est l&rsquo;arr\u00eat de cette circulation, combin\u00e9 \u00e0 d&rsquo;autres facteurs, qui aurait plong\u00e9 l&rsquo;Europe dans un climat glaciaire en l&rsquo;espace d&rsquo;\u00e0 peine quelques d\u00e9cennies \u00e0 l&rsquo;\u00e9poque du Dryas r\u00e9cent (il y a 12 900 ans). La situation est diff\u00e9rente aujourd&rsquo;hui puisque l&rsquo;actuel r\u00e9chauffement climatique, tr\u00e8s rapide, est induit par les activit\u00e9s humaines. Les scientifiques poursuivent intens\u00e9ment leurs <a rel=\"noreferrer noopener\" aria-label=\"\u00e9tudes (s\u2019ouvre dans un nouvel onglet)\" href=\"https:\/\/uclouvain.be\/fr\/sciencetoday\/actualites\/vent-nouveau-sur-les-origines-du-dryas-recent.html\" target=\"_blank\"><strong>\u00e9tudes<\/strong><\/a> des climats du pass\u00e9 pour mieux mod\u00e9liser l&rsquo;\u00e9volution possible du climat et sa ventilation selon les r\u00e9gions du monde. Ils ne peuvent pas encore se prononcer sur l&rsquo;\u00e9ventualit\u00e9 d&rsquo;une plong\u00e9e de l&rsquo;Europe dans un climat glaciaire, cons\u00e9quence paradoxale du r\u00e9chauffement climatique, et encore moins sur une quelconque \u00e9ch\u00e9ance.<\/p>\n\n\n\n<h3 class=\"has-black-color has-text-color wp-block-heading\">1.5. Trop soif !<\/h3>\n\n\n\n<h4 class=\"has-black-color has-text-color wp-block-heading\">1.5.1. Moins de neige dans les Pyr\u00e9n\u00e9es<\/h4>\n\n\n\n<figure class=\"wp-block-image\"><img loading=\"lazy\" decoding=\"async\" width=\"820\" height=\"300\" src=\"https:\/\/libre-cueillette.net\/wp-content\/uploads\/pyrenees_enneigement.jpg\" alt=\"\" class=\"wp-image-5792\" srcset=\"https:\/\/libre-cueillette.net\/wp-content\/uploads\/pyrenees_enneigement.jpg 820w, https:\/\/libre-cueillette.net\/wp-content\/uploads\/pyrenees_enneigement-300x110.jpg 300w, https:\/\/libre-cueillette.net\/wp-content\/uploads\/pyrenees_enneigement-768x281.jpg 768w\" sizes=\"auto, (max-width: 820px) 100vw, 820px\" \/><figcaption><span style=\"color:#000000\" class=\"tadv-color\">\u00c9volution de l&rsquo;enneigement hivernal <br>(Minist\u00e8re de la transition \u00e9cologique &#8211; <strong><a rel=\"noreferrer noopener\" aria-label=\"DRIAS (s\u2019ouvre dans un nouvel onglet)\" href=\"http:\/\/www.drias-climat.fr\/decouverte\/vignettescarte?valid=Valider&amp;mode_exploration=scenario&amp;indices=NORSNDAV&amp;formulaire.choix.periode=H&amp;formulaire.choixP.annuel=true&amp;formulaire.horizon=H2&amp;formulaire.scenarii=RCP4.5&amp;formulaire.experience-modele=ADAMONT2017_DISTRIBUTION_ELAB%21Q83_ADAMONT\" target=\"_blank\">DRIAS<\/a><\/strong> Les futurs du climat)<\/span><\/figcaption><\/figure>\n\n\n\n<p class=\"has-very-dark-gray-color has-text-color\">On le sait bien: dans notre r\u00e9gion, les hivers sont moins rigoureux, m\u00eame en montagne, et les \u00e9t\u00e9s plus chauds. D\u00e9j\u00e0, dans les ann\u00e9es 1970, nous ne savions jamais si nous trouverions suffisamment de neige dans les stations pyr\u00e9n\u00e9ennes pour skier, les chutes \u00e9tant tr\u00e8s al\u00e9atoires \u00e0 No\u00ebl, la neige un peu plus garantie en f\u00e9vrier et extr\u00eamement lourde et \u00e0 moiti\u00e9 fondue aux vacances de P\u00e2ques. Quant aux randonneurs en haute montagne, ils constatent depuis longtemps la disparition progressive et de plus en plus acc\u00e9l\u00e9r\u00e9e des glaciers pyr\u00e9n\u00e9ens. Ce ph\u00e9nom\u00e8ne va encore s&rsquo;accentuer dans les prochaines d\u00e9cennies. Or, les Pyr\u00e9n\u00e9es ont une importance fondamentale pour les ressources en eau des territoires de part et d&rsquo;autre de la cha\u00eene, car c\u2019est l\u00e0 que se produit une partie tr\u00e8s importante des d\u00e9bits de surface et des eaux souterraines qui sont utilis\u00e9es en aval dans les bassins de l\u2019\u00c8bre, de l&rsquo;Adour, de la Garonne et de petits fleuves c\u00f4tiers comme la Nivelle ou la Bidassoa au Pays basque. <\/p>\n\n\n\n<figure class=\"wp-block-image\"><img loading=\"lazy\" decoding=\"async\" width=\"911\" height=\"333\" src=\"https:\/\/libre-cueillette.net\/wp-content\/uploads\/pyrenees_anomalies.jpg\" alt=\"\" class=\"wp-image-5793\" srcset=\"https:\/\/libre-cueillette.net\/wp-content\/uploads\/pyrenees_anomalies.jpg 911w, https:\/\/libre-cueillette.net\/wp-content\/uploads\/pyrenees_anomalies-300x110.jpg 300w, https:\/\/libre-cueillette.net\/wp-content\/uploads\/pyrenees_anomalies-768x281.jpg 768w\" sizes=\"auto, (max-width: 911px) 100vw, 911px\" \/><figcaption><span style=\"color:#000000\" class=\"tadv-color\">Pr\u00e9vision de baisse des ressources printani\u00e8res en eau<br> (Minist\u00e8re de la transition \u00e9cologique &#8211; DRIAS Les futurs du climat) <\/span><\/figcaption><\/figure>\n\n\n\n<p class=\"has-very-dark-gray-color has-text-color\"> Ci-dessus, les quatre graphiques de pr\u00e9visions d&rsquo;enneigement pour la p\u00e9riode 2041-2070 sont extraits d&rsquo;un site de <strong><a rel=\"noreferrer noopener\" aria-label=\"M\u00e9t\u00e9o-France (s\u2019ouvre dans un nouvel onglet)\" href=\"http:\/\/www.drias-climat.fr\/accompagnement\/sections\/221\" target=\"_blank\">M\u00e9t\u00e9o-France<\/a><\/strong> qui \u00e9labore les donn\u00e9es scientifiques permettant d&rsquo;appr\u00e9hender les changements climatiques. Ces informations sont rendues accessibles aux citoyens gr\u00e2ce \u00e0 l&rsquo;application <a rel=\"noreferrer noopener\" href=\"http:\/\/www.meteofrance.fr\/climat-passe-et-futur\/climathd\" target=\"_blank\"><strong>Climat-HD<\/strong><\/a>,  climat d&rsquo;hier et de demain. Pour l&rsquo;analyse du futur, Climat-HD s\u2019appuie sur des projections climatiques issues du projet <a href=\"http:\/\/www.drias-climat.fr\/accompagnement\/sections\/186\"><strong>EUROCORDEX<\/strong><\/a>, corrig\u00e9 sur la France par l\u2019Institut Pierre Simon Laplace. Cette approche multi-mod\u00e8les envisage un \u00e9ventail d&rsquo;\u00e9volutions possibles pour le climat futur. Trois sc\u00e9narios repr\u00e9sentatifs d\u2019\u00e9volution des concentrations de gaz \u00e0 effet de serre, d\u2019ozone et de pr\u00e9curseurs des a\u00e9rosols (<a href=\"http:\/\/www.drias-climat.fr\/accompagnement\/sections\/175\">sc\u00e9narios RCP<\/a>) ont \u00e9t\u00e9 consid\u00e9r\u00e9s&nbsp;:<\/p>\n\n\n\n<ul class=\"has-black-color has-text-color wp-block-list\"><li> RCP 8.5, sc\u00e9nario sans politique climatique. <\/li><li>RCP 4.5, sc\u00e9nario avec politiques climatiques visant \u00e0 stabiliser les concentrations en CO2 en 2100.<\/li><li> RCP 2.6, sc\u00e9nario avec politiques climatiques visant \u00e0 faire baisser les concentrations en CO2.<\/li><\/ul>\n\n\n\n<p class=\"has-very-dark-gray-color has-text-color\">Ainsi, on constate en comparant les deux premiers sch\u00e9mas  ci-dessus (en d\u00e9grad\u00e9s de bleu) que la hauteur de neige \u00e0 1800 m serait nettement moindre sur toute la cha\u00eene des Pyr\u00e9n\u00e9es au cours de la p\u00e9riode 2041-2070 par rapport \u00e0 la p\u00e9riode de r\u00e9f\u00e9rence 1976-2005, et ce, dans l&rsquo;hypoth\u00e8se RCP 4.5 d&rsquo;un sc\u00e9nario raisonnablement optimiste comportant des politiques climatiques (mondiales) visant \u00e0 stabiliser les concentrations en CO2 en 2100. Les deux sch\u00e9mas suivants (en d\u00e9grad\u00e9s de rose) montrent d&rsquo;une part que l&rsquo;\u00e9paisseur de neige \u00e0 1800 m aurait jusqu&rsquo;\u00e0 40 centim\u00e8tres de moins (jusqu&rsquo;\u00e0 80 cm de moins dans les Pyr\u00e9n\u00e9es orientales) en moyenne hivernale. D&rsquo;autre part, l&rsquo;anomalie du maximum d&rsquo;\u00e9quivalent en eau du manteau neigeux pour la m\u00eame p\u00e9riode serait de -150 mm pour les Pyr\u00e9n\u00e9es centrales, mais irait jusqu&rsquo;\u00e0 -300 mm dans les Pyr\u00e9n\u00e9es occidentales et orientales. <\/p>\n\n\n\n<h4 class=\"has-black-color has-text-color wp-block-heading\"> 1.5.2.  Moins d&rsquo;eau dans les rivi\u00e8res<\/h4>\n\n\n\n<div class=\"wp-block-image\"><figure class=\"aligncenter\"><img loading=\"lazy\" decoding=\"async\" width=\"604\" height=\"300\" src=\"https:\/\/libre-cueillette.net\/wp-content\/uploads\/precipitations-1.jpg\" alt=\"\" class=\"wp-image-6474\" srcset=\"https:\/\/libre-cueillette.net\/wp-content\/uploads\/precipitations-1.jpg 604w, https:\/\/libre-cueillette.net\/wp-content\/uploads\/precipitations-1-300x149.jpg 300w\" sizes=\"auto, (max-width: 604px) 100vw, 604px\" \/><figcaption><span style=\"color:#000000\" class=\"tadv-color\">OPCC: Bilan hydrologique mensuel typique d\u2019un bassin de climat  m\u00e9diterran\u00e9en, avec indication des entr\u00e9es par pr\u00e9cipitation (P), les  sorties par \u00e9vapotranspiration (E), le d\u00e9bit de surface (Q) et la  recharge (R). Unit\u00e9s : l m-2. Source : adaptation de Beguer\u00eda et al., 20 <\/span>  <\/figcaption><\/figure><\/div>\n\n\n\n<p class=\"has-very-dark-gray-color has-text-color\">Depuis son lancement en 2010 sous la pr\u00e9sidence de la r\u00e9gion Midi-Pyr\u00e9n\u00e9es, l\u2019Observatoire Pyr\u00e9n\u00e9en du Changement Climatique (<strong><a rel=\"noreferrer noopener\" aria-label=\"OPCC (s\u2019ouvre dans un nouvel onglet)\" href=\"https:\/\/www.opcc-ctp.org\/sites\/default\/files\/documentacion\/opcc-informe-fr-print.pdf\" target=\"_blank\">OPCC<\/a><\/strong>) de la Communaut\u00e9 de Travail des Pyr\u00e9n\u00e9es (CTP) analyse la vuln\u00e9rabilit\u00e9 au changement climatique de la r\u00e9gion pyr\u00e9n\u00e9enne au niveau social, \u00e9conomique et naturel, \u00e0 travers des m\u00e9thodologies coop\u00e9ratives transfrontali\u00e8res. En 2018, conform\u00e9ment \u00e0 la ligne de travail de l\u2019Observatoire, la CTP a pr\u00e9par\u00e9 un rapport de mise \u00e0 jour de la connaissance sur les impacts du changement climatique dans le territoire pyr\u00e9n\u00e9en. <\/p>\n\n\n\n<div class=\"wp-block-image\"><figure class=\"aligncenter\"><img loading=\"lazy\" decoding=\"async\" width=\"582\" height=\"450\" src=\"https:\/\/libre-cueillette.net\/wp-content\/uploads\/aquitaine_reseau_hydrographique-2.jpg\" alt=\"\" class=\"wp-image-6475\" srcset=\"https:\/\/libre-cueillette.net\/wp-content\/uploads\/aquitaine_reseau_hydrographique-2.jpg 582w, https:\/\/libre-cueillette.net\/wp-content\/uploads\/aquitaine_reseau_hydrographique-2-300x232.jpg 300w\" sizes=\"auto, (max-width: 582px) 100vw, 582px\" \/><figcaption>  <span style=\"color:#000000\" class=\"tadv-color\">R\u00e9seau hydrographique du Sud-Ouest, Garonne, Dordogne, Adour  <\/span><\/figcaption><\/figure><\/div>\n\n\n\n<p class=\"has-very-dark-gray-color has-text-color\">Les sc\u00e9narios futurs pour les ressources en eau des Pyr\u00e9n\u00e9es projettent des r\u00e9ductions de la quantit\u00e9 totale des ressources disponibles, notamment sous forme d&rsquo;\u00e9coulements de surface, qui peuvent atteindre diverses magnitudes selon les \u00e9tudes. En outre, on s\u2019attend aussi \u00e0 des changements importants des r\u00e9gimes mensuels des d\u00e9bits, avec une augmentation des d\u00e9bits d\u2019hiver et une baisse des pics de printemps en raison d\u2019une fusion nivale plus pr\u00e9coce, ainsi que des <a rel=\"noreferrer noopener\" aria-label=\"\u00e9tiages (s\u2019ouvre dans un nouvel onglet)\" href=\"https:\/\/journals.openedition.org\/cybergeo\/24827\" target=\"_blank\"><strong>\u00e9tiages<\/strong><\/a> plus s\u00e9v\u00e8res et prolong\u00e9s. Le rapport <a rel=\"noreferrer noopener\" aria-label=\"Acclimaterra (s\u2019ouvre dans un nouvel onglet)\" href=\"http:\/\/www.acclimaterra.fr\/uploads\/2015\/10\/chapitre-8.pdf\" target=\"_blank\"><strong>Acclimaterra<\/strong><\/a> montre une diminution de 25 \u00e0 30% du d\u00e9bit moyen annuel de la Garonne \u00e0 son embouchure pour la p\u00e9riode 1959-2010, mais, \u00e0 cette \u00e9chelle de travail, il est difficile d\u2019isoler l\u2019influence des changements des usages de l\u2019eau qui ont \u00e9galement vari\u00e9 au cours de la m\u00eame p\u00e9riode.<\/p>\n\n\n\n<div class=\"wp-block-image\"><figure class=\"aligncenter\"><img loading=\"lazy\" decoding=\"async\" width=\"558\" height=\"400\" src=\"https:\/\/libre-cueillette.net\/wp-content\/uploads\/adour_nappe_suivi-2.jpg\" alt=\"\" class=\"wp-image-6476\" srcset=\"https:\/\/libre-cueillette.net\/wp-content\/uploads\/adour_nappe_suivi-2.jpg 558w, https:\/\/libre-cueillette.net\/wp-content\/uploads\/adour_nappe_suivi-2-300x215.jpg 300w\" sizes=\"auto, (max-width: 558px) 100vw, 558px\" \/><figcaption>  <span style=\"color:#000000\" class=\"tadv-color\">\u00c9volution de la nappe phr\u00e9atique de l&rsquo;Adour (Lafi<\/span>tole, au nord de Tarbes, Hautes Pyr\u00e9n\u00e9es)  <\/figcaption><\/figure><\/div>\n\n\n\n<p class=\"has-very-dark-gray-color has-text-color\"><span style=\"color:#000000\" class=\"tadv-color\">Pour l&rsquo;Adour, l\u2019\u00e9volution des d\u00e9bits \u00e0 pr\u00e9voir est similaire \u00e0 celle de la Garonne (renforcement de l\u2019intensit\u00e9 et de la dur\u00e9e des \u00e9tiages), ce qui n\u00e9cessitera aussi des d\u00e9cisions \u00e0 prendre sur les usages agricoles en vue de l\u2019\u00e9laboration d\u2019une gestion plus rigoureuse de la consommation d\u2019eau.<\/span> <\/p>\n\n\n\n<p class=\"has-black-color has-text-color\">&#8211; <em>En clair, cela signifie que l&rsquo;irrigation du ma\u00efs ne serait plus possible \u00e0 terme, l&rsquo;eau \u00e9tant prioritairement r\u00e9serv\u00e9e \u00e0 la production d&rsquo;eau potable pour la population dont le volume s&rsquo;accro\u00eet fortement en p\u00e9riode estivale avec le tourisme. Install\u00e9 sur le port de Bayonne depuis 1963, le GIE <a rel=\"noreferrer noopener\" aria-label=\"Ma\u00efsica (s\u2019ouvre dans un nouvel onglet)\" href=\"http:\/\/www.maisica.com\/pr%C3%A9sentation\/qui-sommes-nous\" target=\"_blank\"><strong>Ma\u00efsica<\/strong><\/a> est sp\u00e9cialis\u00e9 dans le stockage, s\u00e9chage et chargement \u00e0 l&rsquo;exportation du ma\u00efs et autres c\u00e9r\u00e9ales \u00e0 paille pour le compte de ses adh\u00e9rents, les plus importantes coop\u00e9ratives du sud-ouest de la France :  Euralis, Ma\u00efsadour, Lur Berri, Vivadour&#8230; Le silo a r\u00e9ceptionn\u00e9  jusqu&rsquo;\u00e0 1 300 000 tonnes de ma\u00efs en 1988 et assure aujourd&rsquo;hui une activit\u00e9 moyenne de 500 000 tonnes par an. Ma\u00efsica a ainsi repr\u00e9sent\u00e9 jusqu&rsquo;\u00e0 35 % de l&rsquo;activit\u00e9 du port, class\u00e9 9\u00e8me port de France. C&rsquo;est dire l&rsquo;impact \u00e9conomique de cette culture et la n\u00e9cessit\u00e9 d&rsquo;envisager d\u00e8s aujourd&rsquo;hui une reconversion du secteur&#8230; &#8211;<\/em><\/p>\n\n\n\n<div class=\"wp-block-image\"><figure class=\"aligncenter\"><a href=\"http:\/\/www.maisica.com\/\" target=\"_blank\" rel=\"noopener\"><img loading=\"lazy\" decoding=\"async\" width=\"600\" height=\"450\" src=\"https:\/\/libre-cueillette.net\/wp-content\/uploads\/maisica-1.jpg\" alt=\"\" class=\"wp-image-6478\" srcset=\"https:\/\/libre-cueillette.net\/wp-content\/uploads\/maisica-1.jpg 600w, https:\/\/libre-cueillette.net\/wp-content\/uploads\/maisica-1-300x225.jpg 300w\" sizes=\"auto, (max-width: 600px) 100vw, 600px\" \/><\/a><figcaption> <span style=\"color:#000000\" class=\"tadv-color\">Ma\u00efsica, port de Bayonne (<a rel=\"noreferrer noopener\" href=\"http:\/\/www.maisica.com\/\" target=\"_blank\">photo<\/a>)<\/span><\/figcaption><\/figure><\/div>\n\n\n\n<p class=\"has-black-color has-text-color\">Ce ne sera peut-\u00eatre pas le cas des gaves pyr\u00e9n\u00e9ens qui voient leurs d\u00e9bits hivernaux plus perturb\u00e9s par les effets du changement climatique que par leurs d\u00e9bits de p\u00e9riode d\u2019\u00e9tiages: les ph\u00e9nom\u00e8nes de crues risquent de s&rsquo;intensifier en hiver. A l&rsquo;horizon 2050, il est pr\u00e9vu des risques renforc\u00e9s de crues pyr\u00e9n\u00e9ennes violentes (type octobre 2012) sur le pi\u00e9mont pyr\u00e9n\u00e9en, en hiver et au printemps, compte tenu d&rsquo;un manteau neigeux plus instable en hiver, et, en \u00e9t\u00e9 et en automne, un risque accentu\u00e9 de crues localis\u00e9es de type m\u00e9diterran\u00e9en, compte tenu d&rsquo;\u00e9pisodes de pr\u00e9cipitations orageuses, malgr\u00e9 des \u00e9tiages accentu\u00e9s. <\/p>\n\n\n\n<p class=\"has-text-align-center has-black-color has-text-color\"><span style=\"color:#000000\" class=\"tadv-color\">Illustration supprim\u00e9e: Intemp\u00e9ries, inondations sur la commune de Nay le 20 Octobre 2012. Le gave de Pau se d\u00e9cha\u00eene et sort de son lit: 2 morts, 2500 personnes \u00e9vacu\u00e9es, p\u00e8lerinage de Lourdes suspendu. <\/span>(<a rel=\"noreferrer noopener\" href=\"https:\/\/www.sudouest.fr\/2020\/10\/20\/en-images-les-inondations-d-octobre-2012-dans-les-pyrenees-atlantiques-7980611-5022.php\" target=\"_blank\">photo<\/a> S-O)<\/p>\n\n\n\n<h4 class=\"has-black-color has-text-color wp-block-heading\"> 1.5.3.  Des sources et des aquif\u00e8res plus vuln\u00e9rables<\/h4>\n\n\n\n<p class=\"has-very-dark-gray-color has-text-color\">Les changements climatiques auront des r\u00e9percussions directes sur les ressources en eau souterraine. La modification de certains facteurs climatiques et hydrologiques tels que les r\u00e9gimes de pluie, la temp\u00e9rature, les ph\u00e9nom\u00e8nes d\u2019\u00e9vaporation et d\u2019infiltration engendreront certainement une modification du fonctionnement de certains syst\u00e8mes hydrog\u00e9ologiques, en particulier celui des syst\u00e8mes libres. Mais les effets  induits des changements climatiques pourraient s\u2019av\u00e9rer \u00eatre tout aussi cons\u00e9quents et concerner l\u2019ensemble des aquif\u00e8res (libres et captifs). <\/p>\n\n\n\n<div class=\"wp-block-image\"><figure class=\"aligncenter\"><img loading=\"lazy\" decoding=\"async\" width=\"2881\" height=\"1289\" src=\"https:\/\/libre-cueillette.net\/wp-content\/uploads\/types_aquiferes.jpg\" alt=\"\" class=\"wp-image-5997\" srcset=\"https:\/\/libre-cueillette.net\/wp-content\/uploads\/types_aquiferes.jpg 2881w, https:\/\/libre-cueillette.net\/wp-content\/uploads\/types_aquiferes-300x134.jpg 300w, https:\/\/libre-cueillette.net\/wp-content\/uploads\/types_aquiferes-768x344.jpg 768w, https:\/\/libre-cueillette.net\/wp-content\/uploads\/types_aquiferes-1024x458.jpg 1024w\" sizes=\"auto, (max-width: 2881px) 100vw, 2881px\" \/><figcaption><span style=\"color:#000000\" class=\"tadv-color\">Principaux types d&rsquo;<a rel=\"noreferrer noopener\" aria-label=\"aquif\u00e8re (s\u2019ouvre dans un nouvel onglet)\" href=\"http:\/\/sigescen.brgm.fr\/Une-grande-variete-de-reservoirs-d-eau-souterraine.html\" target=\"_blank\">aquif\u00e8re<\/a><\/span><\/figcaption><\/figure><\/div>\n\n\n\n<p class=\"has-black-color has-text-color\">Ces impacts indirects se traduiront par une augmentation des pressions anthropiques sur les eaux souterraines caus\u00e9es par exemple par :<\/p>\n\n\n\n<ul class=\"has-black-color has-text-color wp-block-list\"><li>l&rsquo;augmentation des volumes pr\u00e9lev\u00e9s pour la consommation domestique, particuli\u00e8rement pendant les \u00e9v\u00e9nements extr\u00eames tels que les \u00e9pisodes de s\u00e9cheresse qui pourraient \u00eatre de plus en plus fr\u00e9quents dans le futur ;<\/li><li>l&rsquo;augmentation des volumes pr\u00e9lev\u00e9s pour l\u2019irrigation afin de limiter le stress hydrique des cultures en p\u00e9riodes estivales (en consid\u00e9rant un maintien des pratiques agricoles actuelles) ;<\/li><li>l&rsquo;augmentation des pr\u00e9l\u00e8vements dans le compartiment souterrain induite par la diminution des ressources disponibles en surface, notamment en p\u00e9riode d\u2019\u00e9tiage. <\/li><\/ul>\n\n\n\n<p class=\"has-text-align-center has-black-color has-text-color\"><em>Estuaire de l&rsquo;Adour, \u00e9rosion des terres arables du bassin versant par fortes pluies et pollution par les eaux us\u00e9es<\/em><\/p>\n\n\n\n<h4 class=\"has-black-color has-text-color wp-block-heading\"> 1.5.4.  Attention, pollution !<\/h4>\n\n\n\n<p class=\"has-very-dark-gray-color has-text-color\">La qualit\u00e9 des eaux des rivi\u00e8res, entendue comme la concentration de diff\u00e9rents compos\u00e9s naturellement pr\u00e9sents ou artificiels, d\u00e9pend des diff\u00e9rentes sources de pollution mais aussi du d\u00e9bit. Les contaminants peuvent provenir soit de sources diffuses (par exemple les \u00e9coulements de r\u00e9sidus agricoles ou d\u2019\u00e9levage), soit ponctuelles (rejets d\u2019eaux insuffisamment trait\u00e9es). Mais c\u2019est le d\u00e9bit qui est le principal moteur du changement dans les param\u00e8tres du m\u00e9tabolisme de la communaut\u00e9 biologique et des param\u00e8tres physico-chimiques de l\u2019eau, en particulier pour de petites \u00e9chelles temporelles et spatiales comme c\u2019est le cas dans les rivi\u00e8res de montagne. D\u2019un c\u00f4t\u00e9, les s\u00e9cheresses et les p\u00e9riodes d\u2019\u00e9tiage plus longues ont un effet direct en r\u00e9duisant le facteur de dilution des polluants qui arrivent aux rivi\u00e8res, donnant lieu \u00e0 une augmentation de la concentration de polluants et par cons\u00e9quent \u00e0 une d\u00e9t\u00e9rioration de la qualit\u00e9 de l\u2019eau. <\/p>\n\n\n\n<p class=\"has-text-align-center has-black-color has-text-color\"><em>Grande Plage de Biarritz, 17 janvier 2018, mousse engendr\u00e9e par les polluants rejet\u00e9s dans les cours d&rsquo;eau (lessives, savons, pesticides, d\u00e9tergents, r\u00e9sidus m\u00e9dicamenteux) &#8211; M\u00eame ph\u00e9nom\u00e8ne apr\u00e8s la temp\u00eate Am\u00e9lie les 2-3 novembre 2019.<\/em><\/p>\n\n\n\n<p class=\"has-black-color has-text-color\">D\u2019un autre c\u00f4t\u00e9, bien que pouvant limiter la pr\u00e9sence des polluants dans l\u2019eau par dilution, les inondations peuvent favoriser leur transmission \u00e0 partir des bassins fortement peupl\u00e9s (sources diffuses) et peuvent aussi remobiliser les polluants retenus dans les s\u00e9diments. Le reste des facteurs qui influent sur la dynamique des flux de substances polluantes d\u00e9rive des activit\u00e9s humaines (r\u00e9servoirs, barrages, mini-centrales, pr\u00e9l\u00e8vements d\u2019eau, etc.) qui toutes sont tr\u00e8s pr\u00e9sentes dans les rivi\u00e8res pyr\u00e9n\u00e9ennes.  <\/p>\n\n\n\n<div class=\"wp-block-image\"><figure class=\"aligncenter\"><img loading=\"lazy\" decoding=\"async\" width=\"640\" height=\"400\" src=\"https:\/\/libre-cueillette.net\/wp-content\/uploads\/thumbnail_fc2fcb0fa41db67ec49030594b9ced75.jpg\" alt=\"\" class=\"wp-image-6523\" srcset=\"https:\/\/libre-cueillette.net\/wp-content\/uploads\/thumbnail_fc2fcb0fa41db67ec49030594b9ced75.jpg 640w, https:\/\/libre-cueillette.net\/wp-content\/uploads\/thumbnail_fc2fcb0fa41db67ec49030594b9ced75-300x188.jpg 300w\" sizes=\"auto, (max-width: 640px) 100vw, 640px\" \/><figcaption> <span style=\"color:#000000\" class=\"tadv-color\">Les mousses (ou plut\u00f4t l&rsquo;\u00e9cume) sont aussi le r\u00e9sultat de la floculation de la mati\u00e8re organique apport\u00e9e par les rivi\u00e8res. C\u2019est un ph\u00e9nom\u00e8ne ancien comme le prouve cette photo de Biarritz prise dans les ann\u00e9es 1930. (Pr\u00e9cision apport\u00e9e par Pierre  Mauriaud, g\u00e9ologue) &#8211; J&rsquo;en d\u00e9duis qu&rsquo;en un si\u00e8cle, la qualit\u00e9 de nos eaux de baignade ne s&rsquo;est pas am\u00e9lior\u00e9e d&rsquo;un iota ! &#8211;<\/span><\/figcaption><\/figure><\/div>\n\n\n\n<p class=\"has-very-dark-gray-color has-text-color\">La carence de d\u00e9bits sur certains tron\u00e7ons peut \u00eatre particuli\u00e8rement grave lorsque ceux-ci re\u00e7oivent les effluents des stations d\u2019\u00e9puration des eaux us\u00e9es. Un autre facteur de risque est au contraire l\u2019absence de tout traitement dans de nombreux centres de population des Pyr\u00e9n\u00e9es. Il ne faut pas non plus n\u00e9gliger la potentielle \u00e9l\u00e9vation de la temp\u00e9rature de l\u2019eau r\u00e9sultant de l\u2019augmentation de la temp\u00e9rature moyenne de l\u2019air. Par exemple, l\u2019augmentation de la temp\u00e9rature rend la communaut\u00e9 biologique (algues) plus sensible \u00e0 la pr\u00e9sence de mercure. Autre exemple, alors qu\u2019une augmentation des solides en suspension due aux inondations r\u00e9duirait la toxicit\u00e9 des m\u00e9taux lourds, les variations de qualit\u00e9 du mat\u00e9riau dissous, comme le carbone organique, pourraient accro\u00eetre la toxicit\u00e9. Dans une \u00e9tude de l\u2019ann\u00e9e 1998, on constatait d\u00e9j\u00e0 que pour les cours d\u2019eau des Pyr\u00e9n\u00e9es orientales, la p\u00e9riode de meilleure qualit\u00e9 de l\u2019eau \u00e9tait celle des plus hauts d\u00e9bits en raison de la fusion de la neige, alors que les pires valeurs s\u2019observaient en septembre.<\/p>\n\n\n\n<p class=\"has-text-align-center has-black-color has-text-color\"><em>Centrale nucl\u00e9aire de Golfech sur la Garonne<\/em><\/p>\n\n\n\n<h4 class=\"has-black-color has-text-color wp-block-heading\">1.6. Moins d&rsquo;\u00e9nergie ?<\/h4>\n\n\n\n<p class=\"has-very-dark-gray-color has-text-color\">Selon la <a rel=\"noreferrer noopener\" aria-label=\"SFEN (s\u2019ouvre dans un nouvel onglet)\" href=\"https:\/\/www.sfen.org\/rgn\/canicule-2020-impact-centrales-nucleaires-francaises-energies\" target=\"_blank\"><strong>SFEN<\/strong><\/a> (Soci\u00e9t\u00e9 fran\u00e7aise d&rsquo;\u00e9nergie nucl\u00e9aire), la temp\u00e9rature de l\u2019eau ext\u00e9rieure pour refroidir le r\u00e9acteur n\u2019a pas de cons\u00e9quence sur le plan de la s\u00fbret\u00e9 si la centrale a \u00e9t\u00e9 dimensionn\u00e9e en int\u00e9grant ces contraintes environnementales et climatiques d\u00e8s sa conception. Si en France un arr\u00eat\u00e9 est publi\u00e9 pour <em>l\u2019arr\u00eat de tel ou tel r\u00e9acteur<\/em>, c\u2019est pour \u00e9viter un impact sur la flore et la faune aquatiques locales, du fait que l\u2019eau qui ressort de la centrale est plus chaude en aval qu\u2019en amont, ou <em>parce que le d\u00e9bit de la rivi\u00e8re par exemple devient insuffisant<\/em>. <\/p>\n\n\n\n<div class=\"wp-block-image\"><figure class=\"aligncenter\"><img loading=\"lazy\" decoding=\"async\" width=\"800\" height=\"442\" src=\"https:\/\/libre-cueillette.net\/wp-content\/uploads\/IRSN_BDC-SUR_fonctionnement-centrale-avec-aerorefrigerant.jpg\" alt=\"\" class=\"wp-image-6009\" srcset=\"https:\/\/libre-cueillette.net\/wp-content\/uploads\/IRSN_BDC-SUR_fonctionnement-centrale-avec-aerorefrigerant.jpg 800w, https:\/\/libre-cueillette.net\/wp-content\/uploads\/IRSN_BDC-SUR_fonctionnement-centrale-avec-aerorefrigerant-300x166.jpg 300w, https:\/\/libre-cueillette.net\/wp-content\/uploads\/IRSN_BDC-SUR_fonctionnement-centrale-avec-aerorefrigerant-768x424.jpg 768w\" sizes=\"auto, (max-width: 800px) 100vw, 800px\" \/><figcaption><span style=\"color:#000000\" class=\"tadv-color\">Principe de fonctionnement d\u2019une centrale nucl\u00e9aire avec <a rel=\"noreferrer noopener\" aria-label=\"a\u00e9ror\u00e9frig\u00e9rant (s\u2019ouvre dans un nouvel onglet)\" href=\"https:\/\/www.irsn.fr\/FR\/connaissances\/Installations_nucleaires\/Les-centrales-nucleaires\/reacteurs-nucleaires-France\/Pages\/1-reacteurs-nucleaires-France-Fonctionnement.aspx\" target=\"_blank\">a\u00e9ror\u00e9frig\u00e9rant<\/a><\/span><\/figcaption><\/figure><\/div>\n\n\n\n<p class=\"has-very-dark-gray-color has-text-color\">En 2019, EDF a \u00e9t\u00e9 contraint d\u2019<a rel=\"noreferrer noopener\" aria-label=\"arr\u00eater les deux r\u00e9acteurs (s\u2019ouvre dans un nouvel onglet)\" href=\"https:\/\/www.liberation.fr\/france\/2019\/07\/25\/la-canicule-donne-un-coup-de-chaud-a-l-option-nucleaire_1742005\" target=\"_blank\"><strong>arr\u00eater les deux r\u00e9acteurs<\/strong><\/a> de la centrale de <a href=\"https:\/\/www.leparisien.fr\/tarn-et-garonne-82\/tarn-et-garonne-nouvel-incident-a-la-centrale-nucleaire-de-golfech-10-01-2020-8233452.php\" target=\"_blank\" rel=\"noreferrer noopener\"><strong>Golfech<\/strong><\/a> (Tarn-et-Garonne), pour des raisons environnementales : la temp\u00e9rature de la Garonne, dans laquelle est puis\u00e9e l\u2019eau qui alimente les g\u00e9n\u00e9rateurs de vapeur des r\u00e9acteurs, d\u00e9passait le seuil r\u00e9glementaire de 28\u00b0C. Et il fallait \u00e9viter que l\u2019eau du circuit de refroidissement, habituellement rejet\u00e9e dans le fleuve, ne r\u00e9chauffe encore plus le cours d\u2019eau au risque de menacer la faune et la flore. Avec des pointes \u00e0 plus de 40\u00b0C dans la vall\u00e9e du Rh\u00f4ne,  EDF s\u2019appr\u00eatait \u00e0 arr\u00eater pour les m\u00eames raisons le r\u00e9acteur num\u00e9ro 4 et \u00e0 baisser la puissance du r\u00e9acteur num\u00e9ro 3 de la centrale du Tricastin (Dr\u00f4me). Les centrales de Saint-Alban (Is\u00e8re) et du Blayais (Gironde) ont \u00e9galement d\u00fb r\u00e9duire leur puissance de fonctionnement et plusieurs autres centrales d\u2019importance \u00e9taient sous surveillance, comme celle du Bugey sur le Rh\u00f4ne. Toutefois, si des temp\u00e9ratures sup\u00e9rieures \u00e0 45\u00b0C venaient \u00e0 s\u00e9vir pendant plusieurs jours (\u00ab\u00a0r\u00e9f\u00e9rentiel grand chaud\u00a0\u00bb), il  faudrait arr\u00eater la plupart des r\u00e9acteurs install\u00e9s au fil de l\u2019eau. Avec le r\u00e9chauffement climatique, il est vraisemblable que ces centrales devront \u00e0 terme s&rsquo;arr\u00eater chaque \u00e9t\u00e9.<\/p>\n\n\n\n<div class=\"wp-block-image\"><figure class=\"aligncenter\"><img loading=\"lazy\" decoding=\"async\" width=\"750\" height=\"500\" src=\"https:\/\/libre-cueillette.net\/wp-content\/uploads\/palmeraie_elche_site_0930_0031-750-0-20200129150935-1.jpg\" alt=\"\" class=\"wp-image-6029\" srcset=\"https:\/\/libre-cueillette.net\/wp-content\/uploads\/palmeraie_elche_site_0930_0031-750-0-20200129150935-1.jpg 750w, https:\/\/libre-cueillette.net\/wp-content\/uploads\/palmeraie_elche_site_0930_0031-750-0-20200129150935-1-300x200.jpg 300w\" sizes=\"auto, (max-width: 750px) 100vw, 750px\" \/><figcaption><span style=\"color:#000000\" class=\"tadv-color\"> <a href=\"https:\/\/www.spain.info\/fr\/curiosites\/palmeraie\/\" target=\"_blank\" rel=\"noreferrer noopener\">Palmeraie d&rsquo;Elche<\/a> au sud d&rsquo;Alicante (Espagne) : <br>une id\u00e9e de diversification agricole future pour le Pays basque ?<\/span><\/figcaption><\/figure><\/div>\n\n\n\n<p class=\"has-very-dark-gray-color has-text-color\">Toutefois, depuis le premier \u00e9pisode caniculaire de 2003, EDF prend des mesures pour adapter le fonctionnement des centrales en France: les performances des \u00e9changeurs thermiques refroidissant l\u2019eau des syst\u00e8mes de s\u00fbret\u00e9 \u00e0 l\u2019aide de l\u2019eau de la source froide ont \u00e9t\u00e9 augment\u00e9es, des climatiseurs autonomes ont \u00e9t\u00e9 install\u00e9s, des batteries froides ont \u00e9t\u00e9 ajout\u00e9es sur certains syst\u00e8mes de ventilation, etc. L&rsquo;article stipule aussi que 99 % de la quantit\u00e9 d\u2019<a rel=\"noreferrer noopener\" aria-label=\"eau pr\u00e9lev\u00e9e (s\u2019ouvre dans un nouvel onglet)\" href=\"https:\/\/www.connaissancedesenergies.org\/une-tranche-nucleaire-comporte-toujours-une-tour-de-refroidissement-130425\" target=\"_blank\"><strong>eau pr\u00e9lev\u00e9e<\/strong><\/a> par une centrale nucl\u00e9aire dans l\u2019environnement est restitu\u00e9e, soit en totalit\u00e9 pour celle qui est en circuit ouvert (centrales normandes fonctionnant \u00e0 l&rsquo;eau de mer), soit <em>pour 1\/3, sous forme de vapeur d\u2019eau, par les tours a\u00e9ror\u00e9frig\u00e9rantes<\/em> et pour 2\/3 sous  forme liquide dans la rivi\u00e8re ou la mer. &#8211; Je note que le deuxi\u00e8me syst\u00e8me peut donc poser probl\u00e8me si la rivi\u00e8re en question subit d\u00e9j\u00e0 un \u00e9tiage prononc\u00e9 en amont de la centrale, qui serait aggrav\u00e9 en aval par la ponction d&rsquo;une partie de son eau. &#8211;<\/p>\n\n\n\n<div class=\"wp-block-image\"><figure class=\"aligncenter\"><img loading=\"lazy\" decoding=\"async\" width=\"632\" height=\"400\" src=\"https:\/\/libre-cueillette.net\/wp-content\/uploads\/energie_production-1.jpg\" alt=\"\" class=\"wp-image-6244\" srcset=\"https:\/\/libre-cueillette.net\/wp-content\/uploads\/energie_production-1.jpg 632w, https:\/\/libre-cueillette.net\/wp-content\/uploads\/energie_production-1-300x190.jpg 300w\" sizes=\"auto, (max-width: 632px) 100vw, 632px\" \/><figcaption><span style=\"color:#000000\" class=\"tadv-color\"> Source: <\/span><a rel=\"noreferrer noopener\" href=\"https:\/\/www.statistiques.developpement-durable.gouv.fr\/sites\/default\/files\/2019-09\/datalab-59-chiffres-cles-energie-edition-2019-septembre2019.pdf\" target=\"_blank\">SDES<\/a> (service gouvernemental de la donn\u00e9e et des \u00e9tudes statistiques)  <\/figcaption><\/figure><\/div>\n\n\n\n<p class=\"has-very-dark-gray-color has-text-color\">L&rsquo;article de la SFEN (Soci\u00e9t\u00e9 fran\u00e7aise d&rsquo;\u00e9nergie nucl\u00e9aire) ajoute que, lors de vagues de canicule, toutes les \u00e9nergies sont conduites \u00e0 r\u00e9duire leur production ou \u00e0 voir leur production plus ou moins perturb\u00e9e. C\u2019est vrai en particulier pour l\u2019hydro\u00e9lectricit\u00e9, impact\u00e9e par les p\u00e9riodes de grande s\u00e9cheresse. Elle contribue \u00e0 hauteur de 8 % \u00e0 la production \u00e9nerg\u00e9tique en France. L\u2019\u00e9olien (5%) peut aussi \u00eatre touch\u00e9 ; une p\u00e9riode caniculaire ou de grande chaleur est souvent li\u00e9e \u00e0 la pr\u00e9sence d\u2019un anticyclone et donc marqu\u00e9e par une absence de vent. Quant \u00e0 l&rsquo;\u00e9nergie solaire (1%), bien que les panneaux photovolta\u00efques profitent de l\u2019ensoleillement, ils peuvent aussi souffrir de la chaleur. Au-dessus de 25\u00b0C &#8211; temp\u00e9rature id\u00e9ale de fonctionnement -, leur rendement faiblit (jusqu\u2019\u00e0 -25 %).  <\/p>\n\n\n\n<div class=\"wp-block-image\"><figure class=\"aligncenter\"><img loading=\"lazy\" decoding=\"async\" width=\"639\" height=\"400\" src=\"https:\/\/libre-cueillette.net\/wp-content\/uploads\/energie_consommation-1.jpg\" alt=\"\" class=\"wp-image-6245\" srcset=\"https:\/\/libre-cueillette.net\/wp-content\/uploads\/energie_consommation-1.jpg 639w, https:\/\/libre-cueillette.net\/wp-content\/uploads\/energie_consommation-1-300x188.jpg 300w\" sizes=\"auto, (max-width: 639px) 100vw, 639px\" \/><figcaption> <span style=\"color:#000000\" class=\"tadv-color\">Source: <a rel=\"noreferrer noopener\" href=\"https:\/\/www.statistiques.developpement-durable.gouv.fr\/sites\/default\/files\/2019-09\/datalab-59-chiffres-cles-energie-edition-2019-septembre2019.pdf\" target=\"_blank\">SDES<\/a> (service gouvernemental de la donn\u00e9e et des \u00e9tudes statistiques)   <\/span><\/figcaption><\/figure><\/div>\n\n\n\n<p class=\"has-very-dark-gray-color has-text-color\">Sachant tout cela, la comparaison entre les deux graphiques ci-dessus du SDES (service gouvernemental de la donn\u00e9e et des \u00e9tudes statistiques) vaut mieux qu&rsquo;un long discours. La production fran\u00e7aise d&rsquo;\u00e9nergie primaire couvre \u00e0 peine un peu plus de la moiti\u00e9 de sa consommation. Sans recours au p\u00e9trole (ni au charbon des centrales thermiques de nos voisins), pour compenser ces interruptions, la consommation d&rsquo;\u00e9lectricit\u00e9 risque d&rsquo;\u00eatre fortement perturb\u00e9e. En outre, le gaz et le p\u00e9trole demeurent pr\u00e9pond\u00e9rants pour l&rsquo;\u00e9nergie thermique (chauffage), m\u00e9canique (transport) et ils entrent dans de nombreux processus industriels (chimie, textile&#8230;). Si le changement climatique rend difficile, voire impossible durant l&rsquo;\u00e9t\u00e9, la production d&rsquo;\u00e9nergie primaire et que l&rsquo;importation de gaz et de p\u00e9trole diminue ou dispara\u00eet pour diverses raisons envisageables, y compris la contribution de l&rsquo;exploitation de ces sources \u00e9nerg\u00e9tiques fossiles au r\u00e9chauffement climatique, cela signifie que notre \u00e9conomie bas\u00e9e sur des \u00e9nergies fossiles, nucl\u00e9aires ou renouvelables risque d&rsquo;\u00eatre s\u00e9rieusement mise \u00e0 mal dans un avenir plus ou moins proche.<\/p>\n\n\n\n<figure id=\"attachment_9147\" aria-describedby=\"caption-attachment-9147\" style=\"width: 959px\" class=\"wp-caption aligncenter\"><a href=\"https:\/\/libre-cueillette.net\/wp-content\/uploads\/plan_climat_PB.jpg\"><img loading=\"lazy\" decoding=\"async\" class=\"wp-image-9147 size-full\" src=\"https:\/\/libre-cueillette.net\/wp-content\/uploads\/plan_climat_PB.jpg\" alt=\"\" width=\"959\" height=\"237\" srcset=\"https:\/\/libre-cueillette.net\/wp-content\/uploads\/plan_climat_PB.jpg 959w, https:\/\/libre-cueillette.net\/wp-content\/uploads\/plan_climat_PB-300x74.jpg 300w, https:\/\/libre-cueillette.net\/wp-content\/uploads\/plan_climat_PB-768x190.jpg 768w\" sizes=\"auto, (max-width: 959px) 100vw, 959px\" \/><\/a><figcaption id=\"caption-attachment-9147\" class=\"wp-caption-text\"><span style=\"color: #000000;\">Plan Climat, Air, \u00c9nergie Pays basque<\/span><\/figcaption><\/figure>\n\n\n\n<p><span style=\"color:#000000\" class=\"tadv-color\">Le Plan Climat Pays Basque a pour objectif de devenir un territoire \u00e0 \u00e9nergie positive \u00e0 l&rsquo;horizon 2050. Il pr\u00e9voit deux axes d&rsquo;action&nbsp;: la r\u00e9duction drastique des \u00e9nergies pour les transports et les b\u00e2timents d&rsquo;une part, et le d\u00e9veloppement massif de la production d\u2019\u00e9nergies renouvelables locales d&rsquo;autre part. En 2019, seulement 12% d&rsquo;\u00e9nergie sont produits localement. La France souhaite parvenir \u00e0 32% d&rsquo;\u00e9nergies renouvelables d\u00e8s 2030. Le Plan Climat Pays Basque mentionne diverses sources \u00e9nerg\u00e9tiques \u00e0 d\u00e9velopper: la chaufferie bois, le solaire thermique, la g\u00e9othermie, la valorisation de biogaz, ainsi que la construction d&rsquo;une centrale \u00e9lectrique houlomotrice, l&rsquo;hydrog\u00e8ne, l&rsquo;\u00e9olien, le solaire photovolta\u00efque, l&rsquo;hydro\u00e9lectricit\u00e9 (\u00e9quipement des seuils et moulins). Il est aussi pr\u00e9vu de d\u00e9velopper la m\u00e9thanisation (pour le chauffage et l&rsquo;\u00e9lectricit\u00e9), un processus d\u00e9j\u00e0 employ\u00e9 \u00e0 l&rsquo;usine Canopia de traitement des d\u00e9chets de Bayonne, \u00e0 Zaluaga (St P\u00e9e s\/Nivelle) et \u00e0 la ferme EARL Bixtan. Enfin, en ville, un r\u00e9seau de chaleur permettrait de centraliser la production pour un groupe de b\u00e2timents (une premi\u00e8re r\u00e9alisation est pr\u00e9vue \u00e0 Cambo).<\/span><\/p>\n\n\n\n<div class=\"wp-block-image\"><figure class=\"aligncenter\"><img loading=\"lazy\" decoding=\"async\" width=\"600\" height=\"417\" src=\"https:\/\/libre-cueillette.net\/wp-content\/uploads\/Ulex_europaeus-01.jpg\" alt=\"\" class=\"wp-image-6033\" srcset=\"https:\/\/libre-cueillette.net\/wp-content\/uploads\/Ulex_europaeus-01.jpg 600w, https:\/\/libre-cueillette.net\/wp-content\/uploads\/Ulex_europaeus-01-300x209.jpg 300w\" sizes=\"auto, (max-width: 600px) 100vw, 600px\" \/><figcaption><span style=\"color:#000000\" class=\"tadv-color\">L&rsquo;ajonc d&rsquo;Europe, indicateur d&rsquo;un climat de type oc\u00e9anique<\/span><\/figcaption><\/figure><\/div>\n\n\n\n<h2 class=\"has-black-color has-text-color wp-block-heading\">PARTIE 2. Quel paysage en 2050 ?<\/h2>\n\n\n\n<h3 class=\"has-black-color has-text-color wp-block-heading\">2.1. V\u00e9g\u00e9tation et changement climatique<\/h3>\n\n\n\n<h4 class=\"has-black-color has-text-color wp-block-heading\">2.1.1. L&rsquo;ajonc, embl\u00e8me du climat oc\u00e9anique doux et pluvieux<\/h4>\n\n\n\n<p class=\"has-very-dark-gray-color has-text-color\">La v\u00e9g\u00e9tation refl\u00e8te le climat. Par exemple, l&rsquo;ajonc d&rsquo;Europe (Ulex  europaeus  L.) tr\u00e8s r\u00e9pandu au Pays basque, aussi bien en plaine qu&rsquo;en montagne, est une plante r\u00e9v\u00e9latrice d&rsquo;un r\u00e9gime oc\u00e9anique bien marqu\u00e9 pour les temp\u00e9ratures maximales moyennes et pour les pr\u00e9cipitations. C&rsquo;est un indicateur de temp\u00e9ratures maximales moyennes sup\u00e9rieures durant l\u2019hiver, ce qui montre une certaine douceur des temp\u00e9ratures diurnes en hiver. Il est aussi un indicateur de temp\u00e9ratures minimales sup\u00e9rieures pendant presque toute l\u2019ann\u00e9e, montrant la douceur des temp\u00e9ratures nocturnes. Enfin, il est un indicateur d\u2019un nombre de jours de pluie sup\u00e9rieur pendant presque toute l\u2019ann\u00e9e, ce qui exprime la r\u00e9gularit\u00e9 des pr\u00e9cipitations en climat oc\u00e9anique. <\/p>\n\n\n\n<div class=\"wp-block-image\"><figure class=\"aligncenter\"><img loading=\"lazy\" decoding=\"async\" width=\"760\" height=\"400\" src=\"https:\/\/libre-cueillette.net\/wp-content\/uploads\/hetre-1.jpg\" alt=\"\" class=\"wp-image-6481\" srcset=\"https:\/\/libre-cueillette.net\/wp-content\/uploads\/hetre-1.jpg 760w, https:\/\/libre-cueillette.net\/wp-content\/uploads\/hetre-1-300x158.jpg 300w\" sizes=\"auto, (max-width: 760px) 100vw, 760px\" \/><figcaption> \u00c9volution de l\u2019aire potentielle du h\u00eatre (<a rel=\"noreferrer noopener\" href=\"http:\/\/www.poitou-charentes-nature.asso.fr\/wp-content\/uploads\/2009\/08\/pdf_Alain-PERSUY-CRPF.pdf\" target=\"_blank\">Source<\/a> : Carbofor Badeau et al., 2005)  <\/figcaption><\/figure><\/div>\n\n\n\n<h4 class=\"wp-block-heading\"> 2.1.2.  Les arbres souffrent, mais soignent aussi<\/h4>\n\n\n\n<p class=\"has-very-dark-gray-color has-text-color\">On constate d\u2019ores et d\u00e9j\u00e0 les premiers effets du d\u00e9r\u00e8glement climatique sur les <a rel=\"noreferrer noopener\" aria-label=\"peuplements forestiers (s\u2019ouvre dans un nouvel onglet)\" href=\"https:\/\/nouvelle-aquitaine.cnpf.fr\/n\/le-changement-climatique\/n:2632\" target=\"_blank\"><strong>peuplements forestiers<\/strong><\/a> : modification des aires naturelles de <a rel=\"noreferrer noopener\" aria-label=\"r\u00e9partition (s\u2019ouvre dans un nouvel onglet)\" href=\"https:\/\/agriculture.gouv.fr\/la-secheresse-impacte-aussi-les-forets\" target=\"_blank\"><strong>r\u00e9partition<\/strong><\/a> des essences, augmentation des d\u00e9p\u00e9rissements dus \u00e0 la fr\u00e9quence des temp\u00eates, des s\u00e9cheresses&#8230; Dans le Sud-Ouest, on constate la mortalit\u00e9 de ch\u00eanes, de fr\u00eanes et de lilas, esp\u00e8ces plus sensibles aux \u00e9pisodes de <a rel=\"noreferrer noopener\" href=\"https:\/\/www.sudouest.fr\/2020\/08\/20\/avec-la-secheresse-la-foret-en-mode-survie-7760506-706.php\" target=\"_blank\"><strong>s\u00e9cheresse<\/strong><\/a> qu&rsquo;\u00e0 la canicule. Ainsi, le changement climatique impacte la for\u00eat, mais l\u2019inverse est \u00e9galement vrai, les <a rel=\"noreferrer noopener\" href=\"https:\/\/agriculture.gouv.fr\/les-forets-face-au-changement-climatique-defis-et-solutions\" target=\"_blank\"><strong>arbres<\/strong><\/a> peuvent att\u00e9nuer l&rsquo;effet de serre. Leur capacit\u00e9 de s\u00e9questration et de stockage du carbone en fait des atouts pr\u00e9cieux. Toutefois, le reboisement n&rsquo;est qu&rsquo;une action parmi d&rsquo;autres, parmi lesquelles, en tout premier lieu, il faut comprendre la r\u00e9duction drastique d&rsquo;\u00e9mission de gaz \u00e0 effet de serre au plan mondial.<\/p>\n\n\n\n<div class=\"wp-block-image\"><figure class=\"aligncenter\"><img loading=\"lazy\" decoding=\"async\" width=\"760\" height=\"400\" src=\"https:\/\/libre-cueillette.net\/wp-content\/uploads\/chene_vert-1.jpg\" alt=\"\" class=\"wp-image-6482\" srcset=\"https:\/\/libre-cueillette.net\/wp-content\/uploads\/chene_vert-1.jpg 760w, https:\/\/libre-cueillette.net\/wp-content\/uploads\/chene_vert-1-300x158.jpg 300w\" sizes=\"auto, (max-width: 760px) 100vw, 760px\" \/><figcaption> <span style=\"color:#000000\" class=\"tadv-color\">\u00c9volution de l\u2019aire potentielle du Ch\u00eane vert (<a rel=\"noreferrer noopener\" href=\"http:\/\/www.poitou-charentes-nature.asso.fr\/wp-content\/uploads\/2009\/08\/pdf_Alain-PERSUY-CRPF.pdf\" target=\"_blank\">Source<\/a> : Carbofor Badeau et al., 2005) <\/span><\/figcaption><\/figure><\/div>\n\n\n\n<p class=\"has-very-dark-gray-color has-text-color\">La for\u00eat et le bois interviennent sur 3 leviers dans le cycle du carbone :<\/p>\n\n\n\n<ul class=\"has-black-color has-text-color wp-block-list\"><li>la s\u00e9questration, c&rsquo;est-\u00e0-dire le pouvoir des arbres \u00e0 absorber le carbone par la photosynth\u00e8se ;<\/li><li>le stockage, soit la capacit\u00e9 \u00e0 garder ce carbone. Un arbre sur pied ou transform\u00e9 (valoris\u00e9 par exemple dans la construction ou le mobilier) renferme un stock \u00e0 moyen-long terme de carbone. La charpente de la cath\u00e9drale de Notre-Dame de Paris a par exemple stock\u00e9 du carbone  pendant 800 ans ;<\/li><li>la substitution : le bois est une ressource naturelle et renouvelable qui peut, pour certains usages, \u00eatre utilis\u00e9 \u00e0 la place de mat\u00e9riaux ou de sources \u00e9nerg\u00e9tiques plus \u00e9nergivores ou d&rsquo;origine fossile comme le plastique, l&rsquo;aluminium, l&rsquo;acier ou le p\u00e9trole. Lorsque l&rsquo;on utilise un mat\u00e9riau ou une ressource \u00e9nerg\u00e9tique plus \u00e9conome en \u00e9missions de carbone par \u00ab substitution \u00bb \u00e0 d&rsquo;autres mat\u00e9riaux ou \u00e9nergie, on parle d&rsquo;\u00e9missions \u00e9vit\u00e9es.<\/li><\/ul>\n\n\n\n<div class=\"wp-block-image\"><figure class=\"aligncenter\"><img loading=\"lazy\" decoding=\"async\" width=\"800\" height=\"533\" src=\"https:\/\/libre-cueillette.net\/wp-content\/uploads\/2019_abeilles_fevrier-1.jpg\" alt=\"\" class=\"wp-image-6483\" srcset=\"https:\/\/libre-cueillette.net\/wp-content\/uploads\/2019_abeilles_fevrier-1.jpg 800w, https:\/\/libre-cueillette.net\/wp-content\/uploads\/2019_abeilles_fevrier-1-300x200.jpg 300w, https:\/\/libre-cueillette.net\/wp-content\/uploads\/2019_abeilles_fevrier-1-768x512.jpg 768w\" sizes=\"auto, (max-width: 800px) 100vw, 800px\" \/><figcaption> <span style=\"color:#000000\" class=\"tadv-color\">2019: 182 heures d&rsquo;ensoleillement en f\u00e9vrier, plus de 21 \u00b0C pendant au  moins 8 jours,  28 \u00b0C  \u00e0 Saint Palais le 27 f\u00e9vrier (26\u00b07 \u00e0 Saint Jean  Pied de Port, 25\u00b05 \u00e0 Bayonne, Anglet et Biarritz ce m\u00eame jour).   Beaucoup d&rsquo;arbres \u00e9taient en fleurs, les p\u00e2querettes, primev\u00e8res et  autres  narcisses s&rsquo;\u00e9panouissaient, ce qui a eu pour cons\u00e9quence de  sortir les abeilles de leur l\u00e9thargie hivernale. <\/span><\/figcaption><\/figure><\/div>\n\n\n\n<p class=\"has-text-align-center has-black-color has-text-color\"><em>Les arbres t\u00eatards: une r\u00e9implantation souhaitable en montagne <\/em><\/p>\n\n\n\n<h4 class=\"has-black-color has-text-color wp-block-heading\">2.1.3.  Une croissance plus pr\u00e9coce<\/h4>\n\n\n\n<p class=\"has-very-dark-gray-color has-text-color\">Ces changements (\u00e9l\u00e9vation de temp\u00e9rature, diminution des pr\u00e9cipitations ou leur concentration en p\u00e9riode hivernale) correspondent \u00e0 un glissement du climat oc\u00e9anique du Pays basque vers un climat de type m\u00e9diterran\u00e9en. Ils induiront une p\u00e9riode de croissance de la v\u00e9g\u00e9tation plus pr\u00e9coce et plus longue dans l\u2019ann\u00e9e et augmenteront le stress sur la v\u00e9g\u00e9tation, entra\u00eenant une \u00e9vapotranspiration plus \u00e9lev\u00e9e, qui affectera \u00e0 son tour les autres composants du bilan hydrologique (ruissellement de surface et recharge  des eaux souterraines). D\u2019ores et d\u00e9j\u00e0 observ\u00e9e au cours des derni\u00e8res d\u00e9cennies du XXe si\u00e8cle, l&rsquo;expansion des for\u00eats et garrigues se poursuivra, comme cons\u00e9quence de l\u2019abandon des activit\u00e9s agricoles et d\u2019\u00e9levage. <\/p>\n\n\n\n<h4 class=\"wp-block-heading\"> 2.1.4.   Les Pyr\u00e9n\u00e9es : un ch\u00e2teau d&rsquo;eau \u00e0 am\u00e9liorer<\/h4>\n\n\n\n<p class=\"has-very-dark-gray-color has-text-color\">Pour relever les d\u00e9fis du changement climatique, il faut prendre conscience que les zones de t\u00eate de bassin (les montagnes) g\u00e9n\u00e8rent la plus grande partie des ressources en eau utilis\u00e9es en aval dans les plaines et les r\u00e9gions c\u00f4ti\u00e8res en d\u00e9ficit d\u2019eau et \u00e0 haute densit\u00e9 de population. Par cons\u00e9quent, sur les portions de montagne enti\u00e8rement recouvertes de for\u00eat, un \u00e9claircissage pourra am\u00e9liorer l\u2019infiltration des eaux souterraines et l\u2019\u00e9coulement de surface, augmentant ainsi la production d\u2019eau \u00ab\u00a0bleue\u00a0\u00bb (eau capt\u00e9e pour les usages domestiques et agricoles) \u00e0 l\u2019\u00e9chelle du bassin tout en permettant d\u2019optimiser la productivit\u00e9 de l\u2019eau \u00ab\u00a0verte\u00a0\u00bb foresti\u00e8re. &#8211; Selon moi, le Pays basque \u00e9tant au contraire peu bois\u00e9, avec une intense pratique de l&rsquo;\u00e9levage en estives et le d\u00e9broussaillage par \u00e9cobuage, un reboisement serait plus appropri\u00e9. Un espacement des arbres taill\u00e9s en \u00ab\u00a0t\u00eatards\u00a0\u00bb \u00e0 l&rsquo;ancienne limiterait naturellement le sous-bois tout en laissant passer suffisamment de lumi\u00e8re pour la pousse de l&rsquo;herbe et un maintien raisonn\u00e9 du p\u00e2turage (de fa\u00e7on \u00e0 ne pas polluer les sources et cours d&rsquo;eau). &#8211;<\/p>\n\n\n\n<div class=\"wp-block-image\"><figure class=\"aligncenter\"><img loading=\"lazy\" decoding=\"async\" width=\"740\" height=\"462\" src=\"https:\/\/libre-cueillette.net\/wp-content\/uploads\/OLIVIER.jpg\" alt=\"\" class=\"wp-image-5873\" srcset=\"https:\/\/libre-cueillette.net\/wp-content\/uploads\/OLIVIER.jpg 740w, https:\/\/libre-cueillette.net\/wp-content\/uploads\/OLIVIER-300x187.jpg 300w\" sizes=\"auto, (max-width: 740px) 100vw, 740px\" \/><figcaption><span style=\"color:#000000\" class=\"tadv-color\">L&rsquo;olivier \u00e0 la place du ma\u00efs ?<\/span><\/figcaption><\/figure><\/div>\n\n\n\n<h4 class=\"wp-block-heading\"> 2.1.5.  Huile d&rsquo;olive \u00ab\u00a0made in Pays basque\u00a0\u00bb ?<\/h4>\n\n\n\n<p class=\"has-very-dark-gray-color has-text-color\">La diminution de la dur\u00e9e des gel\u00e9es et l\u2019augmentation des temp\u00e9ratures moyennes pourraient favoriser l\u2019expansion de cultures peu courantes dans les marges pyr\u00e9n\u00e9ennes, telles que les cultures m\u00e9diterran\u00e9ennes ou d\u2019origine subtropicale. Par ailleurs, les cultures sans irrigation pourraient subir une r\u00e9duction de leur aire de distribution potentielle, restreinte en raison d\u2019une plus grande variabilit\u00e9 du r\u00e9gime pluviom\u00e9trique et de l\u2019augmentation des temp\u00e9ratures moyennes et extr\u00eames. La modification des conditions climatiques entra\u00eenera tr\u00e8s probablement le d\u00e9placement des zones potentiellement favorables \u00e0 la bonne croissance de certaines cultures (r\u00e9duction de la culture du ma\u00efs, augmentation de celle de la vigne ou de l\u2019olivier).<\/p>\n\n\n\n<div class=\"wp-block-image\"><figure class=\"aligncenter\"><img loading=\"lazy\" decoding=\"async\" width=\"831\" height=\"533\" src=\"https:\/\/libre-cueillette.net\/wp-content\/uploads\/mais_deficit_eau.jpg\" alt=\"\" class=\"wp-image-5816\" srcset=\"https:\/\/libre-cueillette.net\/wp-content\/uploads\/mais_deficit_eau.jpg 831w, https:\/\/libre-cueillette.net\/wp-content\/uploads\/mais_deficit_eau-300x192.jpg 300w, https:\/\/libre-cueillette.net\/wp-content\/uploads\/mais_deficit_eau-768x493.jpg 768w\" sizes=\"auto, (max-width: 831px) 100vw, 831px\" \/><figcaption> <span style=\"color:#000000\" class=\"tadv-color\">Estimation du d\u00e9ficit hydrique observ\u00e9 (\u00e0 gauche) et projet\u00e9 (\u00e0 droite) pour la culture du ma\u00efs selon le mod\u00e8le climatique de circulation globale MIROC. Les simulations ont \u00e9t\u00e9 r\u00e9alis\u00e9es en utilisant le mod\u00e8le agro-climatique WOFOST pour le sc\u00e9nario d\u2019\u00e9missions RCP 8.5. La couleur rouge indique une augmentation du d\u00e9ficit hydrique et la couleur bleue indique une r\u00e9duction du d\u00e9ficit. Les zones o\u00f9 la demande en eau des cultures d\u00e9passe r\u00e9guli\u00e8rement la disponibilit\u00e9 en eau sont hachur\u00e9es sur la carte.  Source : JRC, 2016.<\/span><\/figcaption><\/figure><\/div>\n\n\n\n<h4 class=\"wp-block-heading\"> 2.1.6.  Baisse des rendements des cultures <\/h4>\n\n\n\n<p class=\"has-very-dark-gray-color has-text-color\">Le changement climatique a des effets positifs et n\u00e9gatifs sur les rendements des cultures. Les effets positifs les plus importants sont l\u2019effet fertilisant du dioxyde de carbone (CO2) atmosph\u00e9rique (favorisant la photosynth\u00e8se) et l\u2019allongement de la saison de croissance. Les impacts n\u00e9gatifs les plus importants (observ\u00e9s et attendus) sont les changements de la ph\u00e9nologie des cultures, l\u2019augmentation des d\u00e9ficits en eau et le risque accru de dommages caus\u00e9s par les ph\u00e9nom\u00e8nes m\u00e9t\u00e9orologiques extr\u00eames. Par exemple, il est pr\u00e9vu que les vendanges de part et d&rsquo;autre de la  cha\u00eene pyr\u00e9n\u00e9enne seront avanc\u00e9es de 30 \u00b1 10 jours  et 40 \u00b1 10 jours en  2040-70 par rapport \u00e0 la p\u00e9riode 1980-2005. <\/p>\n\n\n\n<div class=\"wp-block-image\"><figure class=\"aligncenter\"><img loading=\"lazy\" decoding=\"async\" width=\"690\" height=\"253\" src=\"https:\/\/libre-cueillette.net\/wp-content\/uploads\/fiches_ojeda_2013_jpeg.jpg\" alt=\"\" class=\"wp-image-5875\" srcset=\"https:\/\/libre-cueillette.net\/wp-content\/uploads\/fiches_ojeda_2013_jpeg.jpg 690w, https:\/\/libre-cueillette.net\/wp-content\/uploads\/fiches_ojeda_2013_jpeg-300x110.jpg 300w\" sizes=\"auto, (max-width: 690px) 100vw, 690px\" \/><figcaption><span style=\"color:#000000\" class=\"tadv-color\">Baisse de rendement de la <a rel=\"noreferrer noopener\" aria-label=\"vigne (s\u2019ouvre dans un nouvel onglet)\" href=\"https:\/\/www.vitisphere.com\/actualite-69056-Les-consequences-dun-stress-hydrique-prolonge-sur-le-vin.htm\" target=\"_blank\"><strong>vigne<\/strong><\/a><strong> <\/strong>caus\u00e9e par un stress hydrique s\u00e9v\u00e8re<\/span><\/figcaption><\/figure><\/div>\n\n\n\n<p class=\"has-very-dark-gray-color has-text-color\">En g\u00e9n\u00e9ral, un cycle v\u00e9g\u00e9tatif acc\u00e9l\u00e9r\u00e9 se traduit par un plus faible rendement des cultures, car il implique une utilisation moins efficace de l\u2019\u00e9nergie thermique, du rayonnement solaire et des ressources en eau disponibles. Durant la saison de culture 2004\/2005, on a estim\u00e9 que la production de  c\u00e9r\u00e9ales dans la p\u00e9ninsule ib\u00e9rique avait chut\u00e9 en moyenne d\u2019environ 40%  par  rapport \u00e0 la moyenne d\u2019autres ann\u00e9es (GIEC, 2014) en raison d&rsquo;un  d\u00e9ficit hydrique.<br><\/p>\n\n\n\n<div class=\"wp-block-image\"><figure class=\"aligncenter\"><img loading=\"lazy\" decoding=\"async\" width=\"600\" height=\"400\" src=\"https:\/\/libre-cueillette.net\/wp-content\/uploads\/pack-tomate-balcon-1.jpg\" alt=\"\" class=\"wp-image-6484\" srcset=\"https:\/\/libre-cueillette.net\/wp-content\/uploads\/pack-tomate-balcon-1.jpg 600w, https:\/\/libre-cueillette.net\/wp-content\/uploads\/pack-tomate-balcon-1-300x200.jpg 300w\" sizes=\"auto, (max-width: 600px) 100vw, 600px\" \/><figcaption><span style=\"color:#000000\" class=\"tadv-color\"> Le potager de sant\u00e9 &#8211; Conservatoire de la tomate de Pascal Poot <\/span><\/figcaption><\/figure><\/div>\n\n\n\n<h4 class=\"wp-block-heading\"> 2.1.7.  R\u00e9gime sobri\u00e9t\u00e9 pour les plantes<\/h4>\n\n\n\n<p class=\"has-very-dark-gray-color has-text-color\">Une autre option pour s&rsquo;adapter au changement climatique serait de suivre la voie engag\u00e9e dans les C\u00e9vennes s\u00e8ches par <a rel=\"noreferrer noopener\" aria-label=\"Pascal Poot (s\u2019ouvre dans un nouvel onglet)\" href=\"https:\/\/www.lepotagerdesante.com\/\" target=\"_blank\"><strong>Pascal Poot<\/strong><\/a> \u00e0 Olmet-et-Villecun (H\u00e9rault), pr\u00e8s du lac de Salagou au nord de B\u00e9ziers. Avec Rachel sa compagne, il cultive aujourd&rsquo;hui 7 \u00e0 10 hectares en moyenne pour collecter des semences potag\u00e8res. Il travaille \u00e0 l&rsquo;am\u00e9lioration de la g\u00e9n\u00e9tique de ses vari\u00e9t\u00e9s de population dans des <a rel=\"noreferrer noopener\" aria-label=\"conditions de culture (s\u2019ouvre dans un nouvel onglet)\" href=\"https:\/\/www.lepotagerdesante.com\/blog\/articles-presse\/comment-ca-marche-septembre-2015-n-63.html\" target=\"_blank\"><strong>conditions de culture<\/strong><\/a> sp\u00e9cifiques: s\u00e9cheresse, pas d&rsquo;irrigation, un ou deux arrosages de la plantation \u00e0 la r\u00e9colte l&rsquo;\u00e9t\u00e9. Ces plantes sont \u00e9galement adapt\u00e9es \u00e0 la baisse des temp\u00e9ratures, \u00e0 l&rsquo;humidit\u00e9 avec les pluies de fin de saison, et elles deviennent r\u00e9sistantes aux maladies de fa\u00e7on naturelle. Il travaille de fa\u00e7on artisanale et en agriculture biologique avec ses propres animaux (\u00e9quins, caprins, bovins, ovins) qui lui permettent d&rsquo;\u00e9laborer ses propres composts pour nourrir les terrains. Son fer de lance est constitu\u00e9 d&rsquo;un large \u00e9ventail de tomates anciennes, mais il cultive bien d&rsquo;autres esp\u00e8ces, y compris le ma\u00efs, dans les m\u00eames conditions spartiates d&rsquo;absence d&rsquo;arrosage et d&rsquo;irrigation.<\/p>\n\n\n\n<figure id=\"attachment_9150\" aria-describedby=\"caption-attachment-9150\" style=\"width: 2560px\" class=\"wp-caption aligncenter\"><a href=\"https:\/\/libre-cueillette.net\/wp-content\/uploads\/bec-hellouin_DJI_0105-scaled.jpg\"><img loading=\"lazy\" decoding=\"async\" class=\"wp-image-9150 size-full\" src=\"https:\/\/libre-cueillette.net\/wp-content\/uploads\/bec-hellouin_DJI_0105-scaled.jpg\" alt=\"\" width=\"2560\" height=\"1473\" srcset=\"https:\/\/libre-cueillette.net\/wp-content\/uploads\/bec-hellouin_DJI_0105-scaled.jpg 2560w, https:\/\/libre-cueillette.net\/wp-content\/uploads\/bec-hellouin_DJI_0105-300x173.jpg 300w, https:\/\/libre-cueillette.net\/wp-content\/uploads\/bec-hellouin_DJI_0105-1024x589.jpg 1024w, https:\/\/libre-cueillette.net\/wp-content\/uploads\/bec-hellouin_DJI_0105-768x442.jpg 768w, https:\/\/libre-cueillette.net\/wp-content\/uploads\/bec-hellouin_DJI_0105-1536x884.jpg 1536w, https:\/\/libre-cueillette.net\/wp-content\/uploads\/bec-hellouin_DJI_0105-2048x1179.jpg 2048w\" sizes=\"auto, (max-width: 2560px) 100vw, 2560px\" \/><\/a><figcaption id=\"caption-attachment-9150\" class=\"wp-caption-text\"><span style=\"color: #000000;\">Une agriculture g\u00e9n\u00e9ratrice de biodiversit\u00e9, tendant vers l\u2019autonomie \u00e9nerg\u00e9tique : Concept de la for\u00eat-jardin \u2013 Mara\u00eechage, verger, petit \u00e9levage (Exemple, Ferme du Bec Hellouin, Normandie)<\/span><\/figcaption><\/figure>\n\n\n\n<h2 class=\"wp-block-heading\">2.2. Le pouvoir des villes<\/h2>\n\n\n\n<h3 class=\"wp-block-heading\">2.2.1. Des \u00e9tats impuissants ?<\/h3>\n\n\n\n<p class=\"has-very-dark-gray-color has-text-color\">Cette curieuse ann\u00e9e 2020 aura \u00e9t\u00e9 r\u00e9v\u00e9latrice au moins d&rsquo;une chose. Quand ils le veulent, les gouvernements mondiaux, qu&rsquo;ils soient d\u00e9mocratiques ou pas, sont parfaitement capables de bloquer leur \u00e9conomie nationale, de paralyser la soci\u00e9t\u00e9 et de prendre des mesures d&rsquo;exception en usant de la peur, des moyens r\u00e9glementaires et coercitifs avec des forces polici\u00e8res dirig\u00e9es \u00e0 l&rsquo;encontre de leurs propres populations civiles, hors de tout contexte de guerre et de d\u00e9linquance. Les m\u00e9dias et les r\u00e9seaux sociaux, au lieu d&rsquo;exercer un salutaire esprit critique, n&rsquo;ont fait que donner de l&rsquo;expansion au mouvement, attiser les peurs et jeter le trouble parmi les gens. <\/p>\n\n\n\n<p class=\"has-very-dark-gray-color has-text-color\">Si pareil \u00e9v\u00e9nement est possible en prenant pr\u00e9texte de la dangerosit\u00e9 d&rsquo;un virus, cela devrait \u00eatre d&rsquo;autant plus faisable pour r\u00e9duire notre empreinte carbone et moins contribuer au r\u00e9chauffement climatique, autrement plus dommageable. Mais&#8230; ce n&rsquo;est malheureusement pas le cas. Comme on a pu le voir plus haut, depuis des d\u00e9cennies, il y a pl\u00e9thore d&rsquo;informations, les \u00e9tudes s&rsquo;affinent sans cesse, mais elles se substituent \u00e0 l&rsquo;action, la volont\u00e9 politique fait d\u00e9faut, les mesures prises sont infimes, tardives. Les populations ne sont que tr\u00e8s peu associ\u00e9es \u00e0 la r\u00e9flexion de fond sur un changement de soci\u00e9t\u00e9 et de mode de vie, pourtant incontournable. Alors, que faire ?<\/p>\n\n\n\n<figure id=\"attachment_9151\" aria-describedby=\"caption-attachment-9151\" style=\"width: 540px\" class=\"wp-caption aligncenter\"><a href=\"https:\/\/libre-cueillette.net\/wp-content\/uploads\/image-1-1.jpg\"><img loading=\"lazy\" decoding=\"async\" class=\"wp-image-9151 size-full\" src=\"https:\/\/libre-cueillette.net\/wp-content\/uploads\/image-1-1.jpg\" alt=\"\" width=\"540\" height=\"172\" srcset=\"https:\/\/libre-cueillette.net\/wp-content\/uploads\/image-1-1.jpg 540w, https:\/\/libre-cueillette.net\/wp-content\/uploads\/image-1-1-300x96.jpg 300w\" sizes=\"auto, (max-width: 540px) 100vw, 540px\" \/><\/a><figcaption id=\"caption-attachment-9151\" class=\"wp-caption-text\"><span style=\"color: #000000;\">Villes en transition<\/span><\/figcaption><\/figure>\n\n\n\n<h3 class=\"wp-block-heading\"> 2.2.2.  Villes en transition<\/h3>\n\n\n\n<p class=\"has-very-dark-gray-color has-text-color\">Le mouvement de <a rel=\"noreferrer noopener\" href=\"https:\/\/www.entransition.fr\/2016\/04\/20\/presentation\/#more-10584\" target=\"_blank\"><strong>Transition<\/strong><\/a>  est n\u00e9 en Grande-Bretagne en 2006 dans la petite ville de Totnes.  L\u2019enseignant en permaculture Rob Hopkins avait test\u00e9 le mod\u00e8le avec ses \u00e9tudiants dans la ville de Kinsale en Irlande un an  auparavant. Il y a aujourd\u2019hui plus de 2 000 initiatives de Transition \u00e0  travers le monde, dans 50 pays, dont 150 en France, r\u00e9unies au sein du  r\u00e9seau <a href=\"http:\/\/www.transitionnetwork.org\">International de la Transition.<\/a>Il s\u2019agit d\u2019inciter les citoyens d\u2019un territoire (bourg, quartier d\u2019une ville, village\u2026), \u00e0 prendre conscience, d\u2019une part, des profondes cons\u00e9quences que vont avoir sur nos vies la convergence du pic du p\u00e9trole et du changement du climat et, d\u2019autre part, de la n\u00e9cessit\u00e9 de s\u2019y pr\u00e9parer concr\u00e8tement. <\/p>\n\n\n\n<h3 class=\"wp-block-heading\"> 2.2.3.  Agir pour s\u00e9curiser l&rsquo;alimentation<\/h3>\n\n\n\n<div class=\"wp-block-image\"><figure class=\"aligncenter\"><img loading=\"lazy\" decoding=\"async\" width=\"700\" height=\"500\" src=\"https:\/\/libre-cueillette.net\/wp-content\/uploads\/ap_ina_36_Figure_2-1.png\" alt=\"\" class=\"wp-image-6485\" srcset=\"https:\/\/libre-cueillette.net\/wp-content\/uploads\/ap_ina_36_Figure_2-1.png 700w, https:\/\/libre-cueillette.net\/wp-content\/uploads\/ap_ina_36_Figure_2-1-300x214.png 300w\" sizes=\"auto, (max-width: 700px) 100vw, 700px\" \/><figcaption> <span style=\"color:#000000\" class=\"tadv-color\">25 grandes aires urbaines en Nouvelle Aquitaine <\/span><\/figcaption><\/figure><\/div>\n\n\n\n<h4 class=\"wp-block-heading\"> 2.2.3.1  Une p\u00e9nurie artificielle<\/h4>\n\n\n\n<p class=\"has-very-dark-gray-color has-text-color\">La carte de l&rsquo;Insee ci-dessus montre qu&rsquo;une grande partie de la population du Pays basque-Sud Landes est urbaine, vit sur la c\u00f4te ou \u00e0 proximit\u00e9. Elle compte environ 175 000 habitants dont le comportement p\u00e8se lourdement sur leur environnement. L&rsquo;affolement induit par l&rsquo;annonce du confinement en mars 2020 a g\u00e9n\u00e9r\u00e9 un r\u00e9flexe d&rsquo;achats fr\u00e9n\u00e9tiques, cr\u00e9ant une p\u00e9nurie artificielle de produits de base, notamment sur le plan alimentaire. Elle a mis en exergue l&rsquo;extr\u00eame fragilit\u00e9 des villes dont l&rsquo;approvisionnement d\u00e9pend de ressources lointaines. <\/p>\n\n\n\n<div class=\"wp-block-image\"><figure class=\"aligncenter\"><img loading=\"lazy\" decoding=\"async\" width=\"563\" height=\"300\" src=\"https:\/\/libre-cueillette.net\/wp-content\/uploads\/cereal-close-up-crop-326082-750x400-1.jpg\" alt=\"\" class=\"wp-image-6487\" srcset=\"https:\/\/libre-cueillette.net\/wp-content\/uploads\/cereal-close-up-crop-326082-750x400-1.jpg 563w, https:\/\/libre-cueillette.net\/wp-content\/uploads\/cereal-close-up-crop-326082-750x400-1-300x160.jpg 300w\" sizes=\"auto, (max-width: 563px) 100vw, 563px\" \/><figcaption> <span style=\"color:#000000\" class=\"tadv-color\">Production de bl\u00e9 panifiable au Pays basque <\/span><\/figcaption><\/figure><\/div>\n\n\n\n<h4 class=\"wp-block-heading\"> 2.2.3.2   Acheter et consommer \u00ab\u00a0local\u00a0\u00bb<\/h4>\n\n\n\n<p class=\"has-very-dark-gray-color has-text-color\">Pour y rem\u00e9dier, les citadins pourraient, simplement en modifiant leurs achats et en se tournant davantage vers les produits locaux, inciter les agriculteurs de la p\u00e9riph\u00e9rie \u00e0 abandonner (au moins partiellement) des cultures destin\u00e9es \u00e0 l&rsquo;exportation et\/ou l&rsquo;alimentation animale et opter pour des cultures vivri\u00e8res destin\u00e9es aux humains: mara\u00eechage, vergers, <a rel=\"noreferrer noopener\" href=\"https:\/\/www.paysbasque.net\/selection-boutiquesepiceries\/herriko-une-mobilisation-reussie-autour-du-pain-basque\/\" target=\"_blank\"><strong>bl\u00e9 panifiable<\/strong><\/a>, etc. Le recours massif aux circuits courts d&rsquo;approvisionnement, et par cons\u00e9quent \u00e0 la consommation majoritaire de fruits et l\u00e9gumes de saison, permettrait en outre de r\u00e9duire  une fraction du transport routier \u00e0 longue distance et amener ainsi \u00e0 une moindre contribution des citadins au r\u00e9chauffement climatique. <\/p>\n\n\n\n<div class=\"wp-block-image\"><figure class=\"aligncenter\"><img loading=\"lazy\" decoding=\"async\" width=\"400\" height=\"300\" src=\"https:\/\/libre-cueillette.net\/wp-content\/uploads\/coachcarbone-2-bcf84eff5b318a323912e841682cb081ee900e51485c14df8e1f9dfd1d80595b-2.jpg\" alt=\"\" class=\"wp-image-6488\" srcset=\"https:\/\/libre-cueillette.net\/wp-content\/uploads\/coachcarbone-2-bcf84eff5b318a323912e841682cb081ee900e51485c14df8e1f9dfd1d80595b-2.jpg 400w, https:\/\/libre-cueillette.net\/wp-content\/uploads\/coachcarbone-2-bcf84eff5b318a323912e841682cb081ee900e51485c14df8e1f9dfd1d80595b-2-300x225.jpg 300w\" sizes=\"auto, (max-width: 400px) 100vw, 400px\" \/><figcaption>   <span style=\"color:#000000\" class=\"tadv-color\">R\u00e9duire le bilan carbone individuel   <\/span><\/figcaption><\/figure><\/div>\n\n\n\n<p class=\"has-very-dark-gray-color has-text-color\">Chaque municipalit\u00e9 pourrait acc\u00e9l\u00e9rer la tendance en encourageant la restauration collective (cantines, h\u00f4pitaux et cliniques, etc.), de m\u00eame que les restaurants, snacks et ventes \u00e0 emporter \u00e0 recourir \u00e0 un approvisionnement local &#8211; et, tant qu&rsquo;\u00e0 faire, bio -. Des initiatives apparaissent ici et l\u00e0 qu&rsquo;il suffirait de g\u00e9n\u00e9raliser. Par exemple, la municipalit\u00e9 de <a rel=\"noreferrer noopener\" aria-label=\"initiatives (s\u2019ouvre dans un nouvel onglet)\" href=\"https:\/\/www.sudouest.fr\/2019\/02\/14\/bayonne-un-repas-bio-et-local-dans-les-cantines-5821212-4018.php\" target=\"_blank\"><strong>Bayonne<\/strong><\/a> a propos\u00e9 r\u00e9cemment \u00e0 cinq reprises un repas bio et local dans les cantines, en collaboration avec le restaurant solidaire Eole, sensibilisant ainsi 4000 \u00e9l\u00e8ves. A <a rel=\"noreferrer noopener\" aria-label=\"Biarritz (s\u2019ouvre dans un nouvel onglet)\" href=\"http:\/\/www.bio64.com\/426\/biarritz\/\" target=\"_blank\"><strong>Biarritz<\/strong><\/a>, quelques exp\u00e9rimentations apparaissent \u00e9galement. <\/p>\n\n\n\n<p class=\"has-very-dark-gray-color has-text-color\">A l&rsquo;instar du mouvement des \u00ab\u00a0Incredible Edible\u00a0\u00bb (<a rel=\"noreferrer noopener\" aria-label=\"Incroyables Comestibles (s\u2019ouvre dans un nouvel onglet)\" href=\"http:\/\/lesincroyablescomestibles.fr\/\" target=\"_blank\"><strong>Incroyables Comestibles<\/strong><\/a>) de Todmorden en Angleterre, mouvement dont s&rsquo;inspire l&rsquo;association Libre Cueillette, les citadins qui le souhaitent pourraient se voir accord\u00e9 un \u00ab\u00a0permis de v\u00e9g\u00e9taliser\u00a0\u00bb les lieux publics (selon des modalit\u00e9s pr\u00e9vues par la municipalit\u00e9). Parall\u00e8lement, les espaces priv\u00e9s encore verts (jardins, parcs de r\u00e9sidences) pourraient \u00eatre davantage convertis en potagers et vergers. Certes, ces petites surfaces ne sauraient nourrir une ville enti\u00e8re, mais elles apporteraient leur contribution \u00e0 la s\u00e9curisation alimentaire et une sensibilisation bienvenue \u00e0 l&rsquo;autosuffisance et au partage.<\/p>\n\n\n\n<div class=\"wp-block-image\"><figure class=\"aligncenter\"><img loading=\"lazy\" decoding=\"async\" width=\"400\" height=\"300\" src=\"https:\/\/libre-cueillette.net\/wp-content\/uploads\/coachcarbone-1-5926f133ab1c839c418b93e5ead923d33cb713abd990c38e4da27395f4a42119-2.jpg\" alt=\"\" class=\"wp-image-6489\" srcset=\"https:\/\/libre-cueillette.net\/wp-content\/uploads\/coachcarbone-1-5926f133ab1c839c418b93e5ead923d33cb713abd990c38e4da27395f4a42119-2.jpg 400w, https:\/\/libre-cueillette.net\/wp-content\/uploads\/coachcarbone-1-5926f133ab1c839c418b93e5ead923d33cb713abd990c38e4da27395f4a42119-2-300x225.jpg 300w\" sizes=\"auto, (max-width: 400px) 100vw, 400px\" \/><figcaption>  <span style=\"color:#000000\" class=\"tadv-color\"> R\u00e9duire le bilan carbone individuel   <\/span><\/figcaption><\/figure><\/div>\n\n\n\n<h3 class=\"has-black-color has-text-color wp-block-heading\">2.2.4. Consommation et mode de vie<\/h3>\n\n\n\n<h4 class=\"has-black-color has-text-color wp-block-heading\">2.2.4.1. Qui est responsable ?<\/h4>\n\n\n\n<p class=\"has-very-dark-gray-color has-text-color\">Plus g\u00e9n\u00e9ralement, une v\u00e9ritable r\u00e9flexion sur la consommation est indispensable. A ce sujet, je recommande la lecture d&rsquo;un <a rel=\"noreferrer noopener\" aria-label=\"article (s\u2019ouvre dans un nouvel onglet)\" href=\"https:\/\/www.cairn.info\/revue-natures-sciences-societes-2015-Supp.%203-page-76.html\" target=\"_blank\"><strong>article<\/strong><\/a> dont je vais r\u00e9sumer la teneur ci-dessous: \u00ab\u00a0Consommation et modes de vie : une autre perspective sur les politiques d\u2019att\u00e9nuation du changement climatique\u00a0\u00bb, r\u00e9dig\u00e9 par Ghislain Dubois et Jean-Paul Ceron et publi\u00e9 dans Natures Sciences Soci\u00e9t\u00e9s en 2015.<\/p>\n\n\n\n<p class=\"has-very-dark-gray-color has-text-color\">A qui faire porter le chapeau de la responsabilit\u00e9 des \u00e9missions de gaz \u00e0 effet de serre ? Aux \u00e9tats producteurs ? Aux \u00e9tats fournisseurs de p\u00e9trole et de gaz ? Aux consommateurs ? En 2005, les \u00e9missions du seul CO<sub>2<\/sub> (dioxyde de carbone) induites par l\u2019activit\u00e9 \u00e9conomique sur le territoire fran\u00e7ais ont \u00e9t\u00e9 de 410 millions de tonnes, soit 6,7 tonnes par an et par habitant. Mais les \u00e9missions de CO<sub>2<\/sub> g\u00e9n\u00e9r\u00e9es pour satisfaire la demande finale int\u00e9rieure fran\u00e7aise (les consommateurs) ont \u00e9t\u00e9 de 545 millions de tonnes, soit 9 tonnes par an et par habitant, dont 40 % \u00e9taient dues \u00e0 nos importations.<\/p>\n\n\n\n<h4 class=\"wp-block-heading\"> 2.2.4.2.  Ventilation par activit\u00e9<\/h4>\n\n\n\n<div class=\"wp-block-image\"><figure class=\"aligncenter\"><img loading=\"lazy\" decoding=\"async\" width=\"728\" height=\"465\" src=\"https:\/\/libre-cueillette.net\/wp-content\/uploads\/loadimg.php_.jpg\" alt=\"\" class=\"wp-image-6131\" srcset=\"https:\/\/libre-cueillette.net\/wp-content\/uploads\/loadimg.php_.jpg 728w, https:\/\/libre-cueillette.net\/wp-content\/uploads\/loadimg.php_-300x192.jpg 300w\" sizes=\"auto, (max-width: 728px) 100vw, 728px\" \/><figcaption> <span style=\"color:#000000\" class=\"tadv-color\">Ex. La demande finale en construction induit 49 millions de tonnes de CO<sub>2<\/sub>, dont 27 \u00e9mises par l\u2019appareil de production domestique et 22 \u00e9mises \u00e0 l\u2019\u00e9tranger via les importations de produits utilis\u00e9s pour r\u00e9pondre \u00e0 cette demande finale. (<a rel=\"noreferrer noopener\" aria-label=\"Cairn (s\u2019ouvre dans un nouvel onglet)\" href=\"https:\/\/www.cairn.info\/revue-natures-sciences-societes-2015-Supp.%203-page-76.html\" target=\"_blank\">Cairn<\/a>)<\/span><\/figcaption><\/figure><\/div>\n\n\n\n<p class=\"has-very-dark-gray-color has-text-color\">Le sch\u00e9ma ci-dessus pr\u00e9sente la ventilation des \u00e9missions par activit\u00e9s et usages. Sur les 410 millions de tonnes de CO<sub>2<\/sub> \u00e9mises sur le territoire fran\u00e7ais en 2005, 130 \u00e9taient constitu\u00e9es par les \u00e9missions directes des m\u00e9nages issues, pour part sensiblement \u00e9gale, des carburants des transports et du fioul et du gaz destin\u00e9s au chauffage des habitations. Environ 280 millions de tonnes \u00e9taient \u00e9mises par la production de biens et de services, dont les deux tiers li\u00e9s \u00e0 la demande finale int\u00e9rieure et un tiers aux exportations. Le dioxyde de carbone (CO<sub>2<\/sub>) n&rsquo;est pas le seul gaz \u00e0 effet de serre. Il faut y ajouter le m\u00e9thane (CH<sub>4<\/sub>) et le protoxyde d&rsquo;azote (N<sub>2<\/sub>O), ce qui induit une augmentation d\u2019un tiers des \u00e9missions par t\u00eate. <\/p>\n\n\n\n<div class=\"wp-block-image\"><figure class=\"aligncenter\"><img loading=\"lazy\" decoding=\"async\" width=\"400\" height=\"300\" src=\"https:\/\/libre-cueillette.net\/wp-content\/uploads\/coachcarbone-3-e4155fd7e03eaf6925c96d6fcfb595c347cfc03caba63211905115b3c829a3ce-2.jpg\" alt=\"\" class=\"wp-image-6490\" srcset=\"https:\/\/libre-cueillette.net\/wp-content\/uploads\/coachcarbone-3-e4155fd7e03eaf6925c96d6fcfb595c347cfc03caba63211905115b3c829a3ce-2.jpg 400w, https:\/\/libre-cueillette.net\/wp-content\/uploads\/coachcarbone-3-e4155fd7e03eaf6925c96d6fcfb595c347cfc03caba63211905115b3c829a3ce-2-300x225.jpg 300w\" sizes=\"auto, (max-width: 400px) 100vw, 400px\" \/><figcaption>   <span style=\"color:#000000\" class=\"tadv-color\">R\u00e9duire le bilan carbone individuel   <\/span><\/figcaption><\/figure><\/div>\n\n\n\n<h4 class=\"has-black-color has-text-color wp-block-heading\"> 2.2.4.3.  Agir pour r\u00e9duire notre empreinte carbone<\/h4>\n\n\n\n<p class=\"has-very-dark-gray-color has-text-color\"> Ni la technologie ni l\u2019adaptation au fil de l\u2019eau des entreprises ne permettront d\u2019atteindre 65 \u00e0 80 % de r\u00e9duction des \u00e9missions mondiales pr\u00e9conis\u00e9es par le GIEC (Groupe d&rsquo;experts intergouvernemental sur l&rsquo;\u00e9volution du climat) pour rester dans la limite des +2 \u00b0C d&rsquo;augmentation de la temp\u00e9rature terrestre. Des adaptations des modes de consommation \u2013 sinon des renoncements \u2013 seront n\u00e9cessaires, ainsi que le pr\u00e9conise Pierre Rabhi dans son livre \u00ab\u00a0<a rel=\"noreferrer noopener\" aria-label=\"Vers la sobri\u00e9t\u00e9 heureuse (s\u2019ouvre dans un nouvel onglet)\" href=\"https:\/\/www.colibris-laboutique.org\/livres\/10-vers-la-sobriete-heureuse-9782330026592.html\" target=\"_blank\"><strong>Vers la sobri\u00e9t\u00e9 heureuse<\/strong><\/a>\u00a0\u00bb . Le philosophe <a rel=\"noreferrer noopener\" aria-label=\"Hans Jonas (s\u2019ouvre dans un nouvel onglet)\" href=\"https:\/\/www.cairn.info\/revue-etudes-2013-4-page-485.htm\" target=\"_blank\"><strong>Hans Jonas<\/strong><\/a> d\u00e9fend l&rsquo;id\u00e9e que notre \u00e9thique devrait d\u00e9sormais porter sur les cons\u00e9quences de nos actions (\u00ab\u00a0une moindre consommation pour anticiper l&rsquo;\u00e9puisement futur des ressources de notre plan\u00e8te\u00a0\u00bb) et sur notre responsabilit\u00e9 \u00e0 l&rsquo;\u00e9gard des g\u00e9n\u00e9rations futures, en pr\u00e9conisant un d\u00e9veloppement durable. <\/p>\n\n\n\n<p class=\"has-very-dark-gray-color has-text-color\">Pour la France, si l\u2019on veut atteindre un facteur 4 en 2050 (soit 75 % de r\u00e9duction), le droit \u00e0 \u00e9mettre est de 1,675 tonnes par an et par habitant ; reformul\u00e9 en termes de demande finale (base 9 tonnes par an et par habitant), c\u2019est en fait une r\u00e9duction de 81,4 % qu\u2019il faudrait r\u00e9aliser ! &#8211; Cinq ans apr\u00e8s la publication de cet article, la loi a d\u00e9j\u00e0 rectifi\u00e9 le tir et mentionne le <a rel=\"noreferrer noopener\" href=\"https:\/\/www.ecologie.gouv.fr\/sites\/default\/files\/SNBC-2%20en%204%20pages_%20web.pdf\" target=\"_blank\"><strong>facteur 6 et plus<\/strong><\/a> puisque entre temps les \u00e9missions de gaz \u00e0 effet de serre ont continu\u00e9 d\u2019augmenter, et donc le budget carbone s\u2019est r\u00e9duit. Cette nouvelle Strat\u00e9gie nationale bas-carbone a deux ambitions : atteindre la neutralit\u00e9 carbone d\u00e8s 2050 et r\u00e9duire l\u2019empreinte carbone des Fran\u00e7ais.  &#8211;<\/p>\n\n\n\n<div class=\"wp-block-image\"><figure class=\"aligncenter\"><img loading=\"lazy\" decoding=\"async\" width=\"400\" height=\"300\" src=\"https:\/\/libre-cueillette.net\/wp-content\/uploads\/coachcarbone-4-a013f76cb79f31a754af66e7a3223e96fb62fd2311701aeeb722b762324ebbc9-2.jpg\" alt=\"\" class=\"wp-image-6491\" srcset=\"https:\/\/libre-cueillette.net\/wp-content\/uploads\/coachcarbone-4-a013f76cb79f31a754af66e7a3223e96fb62fd2311701aeeb722b762324ebbc9-2.jpg 400w, https:\/\/libre-cueillette.net\/wp-content\/uploads\/coachcarbone-4-a013f76cb79f31a754af66e7a3223e96fb62fd2311701aeeb722b762324ebbc9-2-300x225.jpg 300w\" sizes=\"auto, (max-width: 400px) 100vw, 400px\" \/><figcaption>   <span style=\"color:#000000\" class=\"tadv-color\">R\u00e9duire le bilan carbone individuel   <\/span><\/figcaption><\/figure><\/div>\n\n\n\n<p class=\"has-very-dark-gray-color has-text-color\">Pour atteindre ces objectifs \u00e0 l\u2019horizon 2050 dans les secteurs du tourisme et des loisirs par exemple, il s&rsquo;agirait d&rsquo;obtenir un changement radical de la \u00ab culture du voyage \u00bb, avec un renouveau du sens de la proximit\u00e9, des modes de vie plus lents, un soin de l\u2019environnement imm\u00e9diat\u2026 Pour guider le citoyen dans sa d\u00e9marche de r\u00e9duction d&#8217;empreinte carbone, la France disposait en 2010 du bilan carbone personnel, le <a rel=\"noreferrer noopener\" aria-label=\"Coach Carbone\u00ae (s\u2019ouvre dans un nouvel onglet)\" href=\"https:\/\/ecolab.ademe.fr\/blog\/carbone\/historique-calculateur-carbone-nos-gestes-climat-micmac-coach-carbone.md\" target=\"_blank\"><strong>Coach Carbone\u00ae<\/strong><\/a>, d\u00e9velopp\u00e9 par l\u2019Ademe dont les affiches illustrent ce chapitre. Les outils se sont diversifi\u00e9s depuis cette date. L&rsquo;Ademe met actuellement au point un simulateur intitul\u00e9 \u00ab\u00a0<a rel=\"noreferrer noopener\" aria-label=\"Nos gestes climat (s\u2019ouvre dans un nouvel onglet)\" href=\"https:\/\/ecolab.ademe.fr\/apps\/climat\" target=\"_blank\"><strong>Nos gestes climat<\/strong><\/a>\u00a0\u00bb dont un des sch\u00e9mas est pr\u00e9sent\u00e9 ci-dessous.<\/p>\n\n\n\n<div class=\"wp-block-image\"><figure class=\"aligncenter\"><img loading=\"lazy\" decoding=\"async\" width=\"559\" height=\"400\" src=\"https:\/\/libre-cueillette.net\/wp-content\/uploads\/co2.jpg\" alt=\"\" class=\"wp-image-6199\" srcset=\"https:\/\/libre-cueillette.net\/wp-content\/uploads\/co2.jpg 559w, https:\/\/libre-cueillette.net\/wp-content\/uploads\/co2-300x215.jpg 300w\" sizes=\"auto, (max-width: 559px) 100vw, 559px\" \/><figcaption><span style=\"color:#000000\" class=\"tadv-color\">Empreinte carbone du fran\u00e7ais moyen en 2020 (<a rel=\"noreferrer noopener\" aria-label=\"Ecolab (s\u2019ouvre dans un nouvel onglet)\" href=\"https:\/\/ecolab.ademe.fr\/apps\/climat\/simulateur\/bilan\" target=\"_blank\">Ecolab<\/a>, Ademe)<\/span><\/figcaption><\/figure><\/div>\n\n\n\n<p class=\"has-very-dark-gray-color has-text-color\">En t\u00eate du palmar\u00e8s de notre <a rel=\"noreferrer noopener\" href=\"https:\/\/www.actu-environnement.com\/ae\/news\/alimentation-un-quart-empreinte-carbone-Francais-32955.php4\" target=\"_blank\"><strong>empreinte carbone<\/strong><\/a> se trouve notre alimentation, devant le transport et le logement. C&rsquo;est l&rsquo;alimentation carn\u00e9e et laiti\u00e8re qui est la plus couramment point\u00e9e. Qu&rsquo;en est-il r\u00e9ellement ? En tonnage, l&rsquo;Europe, qui \u00e9tait en t\u00eate jusqu&rsquo;en 1995, a \u00e9t\u00e9 d\u00e9pass\u00e9e par la Chine. Le <a rel=\"noreferrer noopener\" aria-label=\"cheptel (s\u2019ouvre dans un nouvel onglet)\" href=\"https:\/\/www.notre-planete.info\/actualites\/2202-consommation-viande-sante-environnement\" target=\"_blank\"><strong>cheptel<\/strong><\/a> mondial d&rsquo;animaux terrestres s&rsquo;\u00e9l\u00e8ve \u00e0 75 milliards.  Autrement dit, pour chaque humain il y a 10 animaux d&rsquo;\u00e9levage. Un poids  consid\u00e9rable pour l&rsquo;environnement&#8230; <\/p>\n\n\n\n<figure class=\"wp-block-image\"><img loading=\"lazy\" decoding=\"async\" width=\"818\" height=\"377\" src=\"https:\/\/libre-cueillette.net\/wp-content\/uploads\/viande.jpg\" alt=\"\" class=\"wp-image-6367\" srcset=\"https:\/\/libre-cueillette.net\/wp-content\/uploads\/viande.jpg 818w, https:\/\/libre-cueillette.net\/wp-content\/uploads\/viande-300x138.jpg 300w, https:\/\/libre-cueillette.net\/wp-content\/uploads\/viande-768x354.jpg 768w\" sizes=\"auto, (max-width: 818px) 100vw, 818px\" \/><figcaption> <span style=\"color:#000000\" class=\"tadv-color\">Consommation de viande en millions de tonnes (m) par grande r\u00e9gion (Source: FAO 2019)<\/span><\/figcaption><\/figure>\n\n\n\n<p class=\"has-very-dark-gray-color has-text-color\">L&rsquo;institut de l&rsquo;\u00e9levage <a rel=\"noreferrer noopener\" aria-label=\"IDELE (s\u2019ouvre dans un nouvel onglet)\" href=\"http:\/\/www.rmtelevagesenvironnement.org\/backoffice\/uploads\/Fiches_outils-RMT_EE-21-40.pdf\" target=\"_blank\"><strong>IDELE<\/strong><\/a> publie une \u00e9valuation de la durabilit\u00e9 des syst\u00e8mes et des territoires agricoles fran\u00e7ais qui d\u00e9taille par branche les \u00e9missions de gaz \u00e0 effet de serre (ammoniac NH3, dioxyde de carbone CO2, m\u00e9thane CH4, protoxyde d&rsquo;azote N2O, sulfure d&rsquo;hydrog\u00e8ne H2S) et les moyens de les r\u00e9duire. Elles proviennent de la consommation d&rsquo;\u00e9nergie, de la fertilisation des cultures, des achats d&rsquo;intrants, des d\u00e9jections et de la fermentation ent\u00e9rique (digestion). <\/p>\n\n\n\n<div class=\"wp-block-image\"><figure class=\"aligncenter\"><img loading=\"lazy\" decoding=\"async\" width=\"651\" height=\"300\" src=\"https:\/\/libre-cueillette.net\/wp-content\/uploads\/elevage_emission_ges.jpg\" alt=\"\" class=\"wp-image-6509\" srcset=\"https:\/\/libre-cueillette.net\/wp-content\/uploads\/elevage_emission_ges.jpg 651w, https:\/\/libre-cueillette.net\/wp-content\/uploads\/elevage_emission_ges-300x138.jpg 300w\" sizes=\"auto, (max-width: 651px) 100vw, 651px\" \/><figcaption><span style=\"color:#000000\" class=\"tadv-color\">\u00c9levage : <a rel=\"noreferrer noopener\" aria-label=\"\u00c9missions (s\u2019ouvre dans un nouvel onglet)\" href=\"https:\/\/www.avenir-conseil-elevage.com\/actualites\/le-bilan-carbone-au-coeur-du-diagnostic-cap2er\/\" target=\"_blank\">\u00c9missions<\/a> de gaz \u00e0 effet de serre<\/span><\/figcaption><\/figure><\/div>\n\n\n\n<p class=\"has-very-dark-gray-color has-text-color\">Par ailleurs, pour entretenir autant d&rsquo;animaux (61 % de la biomasse des mammif\u00e8res sur Terre), les c\u00e9r\u00e9ales deviennent de plus en plus l&rsquo;aliment de base du b\u00e9tail, au d\u00e9triment de l&rsquo;herbe, des r\u00e9sidus de culture et des d\u00e9chets alimentaires comme auparavant. Si deux tiers des aliments consomm\u00e9s en France sont d&rsquo;origine v\u00e9g\u00e9tale, l&rsquo;alimentation animale n\u00e9cessite environ 85 % de nos surfaces agricoles. Et elles ne sont pas suffisantes ! <\/p>\n\n\n\n<div class=\"wp-block-image\"><figure class=\"aligncenter\"><img loading=\"lazy\" decoding=\"async\" width=\"541\" height=\"391\" src=\"https:\/\/libre-cueillette.net\/wp-content\/uploads\/fiches_origines_mais_0511.png\" alt=\"\" class=\"wp-image-6389\" srcset=\"https:\/\/libre-cueillette.net\/wp-content\/uploads\/fiches_origines_mais_0511.png 541w, https:\/\/libre-cueillette.net\/wp-content\/uploads\/fiches_origines_mais_0511-300x217.png 300w\" sizes=\"auto, (max-width: 541px) 100vw, 541px\" \/><figcaption><span style=\"color:#000000\" class=\"tadv-color\">Les importations du <a rel=\"noreferrer noopener\" aria-label=\"ma\u00efs (s\u2019ouvre dans un nouvel onglet)\" href=\"https:\/\/www.terre-net.fr\/marche-agricole\/actualite-marche-agricole\/article\/le-mais-continue-d-etre-fortement-importe-dans-l-union-europeenne-1395-163747.html\" target=\"_blank\">ma\u00efs<\/a> br\u00e9silien sont en hausse de 74% par rapport \u00e0 la campagne pr\u00e9c\u00e9dente<\/span><\/figcaption><\/figure><\/div>\n\n\n\n<p class=\"has-very-dark-gray-color has-text-color\">Une bonne part de l&rsquo;alimentation animale europ\u00e9enne est import\u00e9e de r\u00e9gions du monde o\u00f9 les surfaces agricoles s&rsquo;accroissent au d\u00e9triment des for\u00eats. Par exemple, 80% de la d\u00e9forestation de l&rsquo;Amazonie en Am\u00e9rique du Sud sert \u00e0 lib\u00e9rer de l&rsquo;espace pour le p\u00e2turage ou la production de <a rel=\"noreferrer noopener\" aria-label=\"soja (s\u2019ouvre dans un nouvel onglet)\" href=\"https:\/\/www.alimenterre.org\/l-impact-des-importations-europeennes-de-soja\" target=\"_blank\"><strong>soja<\/strong><\/a> (une l\u00e9gumineuse) et de c\u00e9r\u00e9ales destin\u00e9es \u00e0 l&rsquo;exportation (85% du soja import\u00e9 en Europe provient d&rsquo;Argentine et du Br\u00e9sil). Les deux <a rel=\"noreferrer noopener\" aria-label=\"graphiques (s\u2019ouvre dans un nouvel onglet)\" href=\"https:\/\/jeanneemard.wordpress.com\/2014\/10\/04\/lutilisation-des-cereales\/\" target=\"_blank\"><strong>graphiques<\/strong><\/a> suivants illustrent l&rsquo;utilisation des c\u00e9r\u00e9ales dans le monde, selon qu&rsquo;il s&rsquo;agisse de pays d\u00e9velopp\u00e9s ou des autres pays.<\/p>\n\n\n\n<div class=\"wp-block-image\"><figure class=\"aligncenter\"><img loading=\"lazy\" decoding=\"async\" width=\"610\" height=\"360\" src=\"https:\/\/libre-cueillette.net\/wp-content\/uploads\/cc3a9rc3a9ales2.jpg\" alt=\"\" class=\"wp-image-6382\" srcset=\"https:\/\/libre-cueillette.net\/wp-content\/uploads\/cc3a9rc3a9ales2.jpg 610w, https:\/\/libre-cueillette.net\/wp-content\/uploads\/cc3a9rc3a9ales2-300x177.jpg 300w\" sizes=\"auto, (max-width: 610px) 100vw, 610px\" \/><figcaption><span style=\"color:#000000\" class=\"tadv-color\">R\u00e9partition en pourcentages &#8211; Sources OC<\/span>DE, FAO<\/figcaption><\/figure><\/div>\n\n\n\n<div class=\"wp-block-image\"><figure class=\"aligncenter\"><img loading=\"lazy\" decoding=\"async\" width=\"610\" height=\"364\" src=\"https:\/\/libre-cueillette.net\/wp-content\/uploads\/cc3a9rc3a9ales3.jpg\" alt=\"\" class=\"wp-image-6383\" srcset=\"https:\/\/libre-cueillette.net\/wp-content\/uploads\/cc3a9rc3a9ales3.jpg 610w, https:\/\/libre-cueillette.net\/wp-content\/uploads\/cc3a9rc3a9ales3-300x179.jpg 300w\" sizes=\"auto, (max-width: 610px) 100vw, 610px\" \/><figcaption>  <span style=\"color:#000000\" class=\"tadv-color\">R\u00e9partition en pourcentages &#8211;  Sources OCDE, FAO <\/span><\/figcaption><\/figure><\/div>\n\n\n\n<p class=\"has-very-dark-gray-color has-text-color\">Enfin, \u00ab\u00a0<em>le m\u00e9thane li\u00e9 \u00e0 la fermentation ent\u00e9rique des ruminants (bovins, ovins) et aux effluents d&rsquo;\u00e9levages repr\u00e9sente 44 % des \u00e9missions \u00e9manant de la production agricole. Le protoxyde d&rsquo;azote, issu principalement de l&rsquo;usage de fertilisants azot\u00e9s sur les sols agricoles, est responsable de 34 % de ces \u00e9missions<\/em>\u00a0\u00bb (source Ademe). Le transport et la transformation des aliments constituent \u00e9galement des postes de consommation d&rsquo;\u00e9nergie \u00e9lev\u00e9s. <\/p>\n\n\n\n<div class=\"wp-block-image\"><figure class=\"aligncenter\"><img loading=\"lazy\" decoding=\"async\" width=\"561\" height=\"294\" src=\"https:\/\/libre-cueillette.net\/wp-content\/uploads\/alimentation-environnement3-1.jpg\" alt=\"\" class=\"wp-image-6365\" srcset=\"https:\/\/libre-cueillette.net\/wp-content\/uploads\/alimentation-environnement3-1.jpg 561w, https:\/\/libre-cueillette.net\/wp-content\/uploads\/alimentation-environnement3-1-300x157.jpg 300w\" sizes=\"auto, (max-width: 561px) 100vw, 561px\" \/><figcaption><span style=\"color:#000000\" class=\"tadv-color\">Forte empreinte carbone de notre alimentation<\/span><\/figcaption><\/figure><\/div>\n\n\n\n<p class=\"has-very-dark-gray-color has-text-color\">Par ailleurs, la fabrication de <a rel=\"noreferrer noopener\" aria-label=\"sucre (s\u2019ouvre dans un nouvel onglet)\" href=\"https:\/\/negawatt.org\/IMG\/pdf\/2018_unw_atelier_etude-cecam_c.barbier.pdf\" target=\"_blank\"><strong>sucre<\/strong><\/a>, celle de produits laitiers et de produits amylac\u00e9s (\u00e0 base d&rsquo;amidon de c\u00e9r\u00e9ales ou de tubercules) sont \u00e0 l\u2019origine des consommations d\u2019\u00e9nergie et des \u00e9missions de CO2 les plus importantes parmi les produits agroalimentaires transform\u00e9s. Le calcul de l&#8217;empreinte carbone du <a rel=\"noreferrer noopener\" aria-label=\"th\u00e9 (s\u2019ouvre dans un nouvel onglet)\" href=\"https:\/\/www.passeportsante.net\/fr\/Actualites\/Nouvelles\/Fiche.aspx?doc=bilan-carbone-ecolo-votre-tasse-de-the-2009092590\" target=\"_blank\"><strong>th\u00e9<\/strong><\/a> effectu\u00e9 par un sp\u00e9cialiste am\u00e9ricain est fort r\u00e9v\u00e9latrice de tous les \u00e9l\u00e9ments \u00e0 prendre en compte.  Il y a aussi le chocolat, la banane, l&rsquo;huile de palme, le soja, le riz&#8230; La liste est longue des plantes dont la culture, la transformation, le conditionnement induisent, directement ou indirectement, des dommages \u00e0 l&rsquo;environnement et l&rsquo;\u00e9mission de gaz \u00e0 effet de serre. Dans le domaine des boissons, m\u00eame l&rsquo;eau min\u00e9rale a un impact environnemental par le biais de son conditionnement en bouteilles. Au processus de production de ces emballages \u00e0 base de p\u00e9trole s&rsquo;ajoute la grande difficult\u00e9 \u00e0 recycler les plastiques.<\/p>\n\n\n\n<div class=\"wp-block-image\"><figure class=\"aligncenter\"><img loading=\"lazy\" decoding=\"async\" width=\"703\" height=\"391\" src=\"https:\/\/libre-cueillette.net\/wp-content\/uploads\/canopia.jpg\" alt=\"\" class=\"wp-image-6313\" srcset=\"https:\/\/libre-cueillette.net\/wp-content\/uploads\/canopia.jpg 703w, https:\/\/libre-cueillette.net\/wp-content\/uploads\/canopia-300x167.jpg 300w\" sizes=\"auto, (max-width: 703px) 100vw, 703px\" \/><figcaption><span style=\"color:#000000\" class=\"tadv-color\">Canopia, usine de traitement des d\u00e9chets du Pays basque (Bayonne, <a rel=\"noreferrer noopener\" aria-label=\"Bil ta Garbi (s\u2019ouvre dans un nouvel onglet)\" href=\"https:\/\/www.biltagarbi.com\/contact-canopia\/\" target=\"_blank\">Bil ta Garbi<\/a>)<\/span><\/figcaption><\/figure><\/div>\n\n\n\n<h3 class=\"wp-block-heading\">2.2.4.4. Agir pour r\u00e9duire les d\u00e9chets<\/h3>\n\n\n\n<p class=\"has-very-dark-gray-color has-text-color\">Le corollaire de la consommation, ce sont les d\u00e9chets. Au 18e si\u00e8cle, alors que les villes devenaient de plus en plus denses, il est apparu n\u00e9cessaire d\u2019organiser la collecte et l\u2019\u00e9vacuation des d\u00e9chets vers la campagne. Constitu\u00e9es pour une grande part de d\u00e9chets organiques, les ordures d\u2019alors avaient une destination toute trouv\u00e9e :  elles allaient en grande majorit\u00e9 nourrir les champs alentour. En l\u2019espace de deux si\u00e8cles, les modes de consommation ont cependant grandement \u00e9volu\u00e9 et les d\u00e9chets produits par nos soci\u00e9t\u00e9s se sont multipli\u00e9s et consid\u00e9rablement diversifi\u00e9s. Si le mod\u00e8le de gestion des ordures est rest\u00e9 bas\u00e9 sur les m\u00eames principes &#8211; \u00e9vacuer et faire dispara\u00eetre les d\u00e9chets le plus rapidement et le plus loin possible des zones urbaines &#8211; leur destination a chang\u00e9. Les d\u00e9charges et les incin\u00e9rateurs sont aujourd\u2019hui le principal exutoire de pr\u00e8s de deux tiers des quelques 490 kg de <a rel=\"noreferrer noopener\" aria-label=\"d\u00e9chets m\u00e9nagers (s\u2019ouvre dans un nouvel onglet)\" href=\"https:\/\/www.planetoscope.com\/dechets\/148-production-de-dechets-menagers-en-france.html\" target=\"_blank\"><strong>d\u00e9chets m\u00e9nagers<\/strong><\/a> et assimil\u00e9s que chaque europ\u00e9en produit en moyenne par an.<\/p>\n\n\n\n<div class=\"wp-block-image\"><figure class=\"aligncenter\"><img loading=\"lazy\" decoding=\"async\" width=\"704\" height=\"374\" src=\"https:\/\/libre-cueillette.net\/wp-content\/uploads\/canopia2.jpg\" alt=\"\" class=\"wp-image-6315\" srcset=\"https:\/\/libre-cueillette.net\/wp-content\/uploads\/canopia2.jpg 704w, https:\/\/libre-cueillette.net\/wp-content\/uploads\/canopia2-300x159.jpg 300w\" sizes=\"auto, (max-width: 704px) 100vw, 704px\" \/><figcaption><span style=\"color:#000000\" class=\"tadv-color\">Pays basque: 195 000 tonnes de d\u00e9chets \u00e0 trier ! (Canopia, <a rel=\"noreferrer noopener\" aria-label=\"Bil ta Garbi (s\u2019ouvre dans un nouvel onglet)\" href=\"https:\/\/www.biltagarbi.com\/les-equipements\/canopia\/\" target=\"_blank\">Bil ta Garbi<\/a>)<\/span><\/figcaption><\/figure><\/div>\n\n\n\n<p class=\"has-very-dark-gray-color has-text-color\">Apr\u00e8s les lois Grenelle 1 et 2 et le nouveau Plan National de Pr\u00e9vention des d\u00e9chets 2015-2020, l\u2019objectif s&rsquo;est focalis\u00e9 sur l\u2019accompagnement d&rsquo;une \u00e9volution vers une \u00e9conomie circulaire (\u00ab rien ne se perd, tout se transforme \u00bb) permettant de faire face \u00e0 la raret\u00e9 des ressources, mais aussi de limiter le plus possible les impacts environnementaux et sanitaires des d\u00e9chets, depuis leur collecte jusqu\u2019\u00e0 leur traitement. En application du Code G\u00e9n\u00e9ral des Collectivit\u00e9s Territoriales, la <a rel=\"noreferrer noopener\" aria-label=\"Communaut\u00e9 d\u2019Agglom\u00e9ration Pays Basque (s\u2019ouvre dans un nouvel onglet)\" href=\"https:\/\/www.bayonne.fr\/fileadmin\/J_habite_a_Bayonne\/Environnement\/proprete_a_Bayonne\/Nouveau_r%C3%A8glement_intercommunal_de_collecte_des_d%C3%A9chets_m%C3%A9nagers\/REGLEMENT-COLLECTE-CAPB-V3.0.pdf\" target=\"_blank\"><strong>Communaut\u00e9 d\u2019Agglom\u00e9ration Pays Basque<\/strong><\/a> exerce en lieu et place de ses Communes membres l\u2019int\u00e9gralit\u00e9 de la comp\u00e9tence d\u2019\u00e9limination et de valorisation des d\u00e9chets m\u00e9nagers et assimil\u00e9s. La directive d\u00e9chets du 19 novembre 2008 \u00e9tablit, entre autres dispositions, une hi\u00e9rarchisation dans les modes de gestion des d\u00e9chets.<\/p>\n\n\n\n<ol class=\"has-black-color has-text-color wp-block-list\"><li>Pr\u00e9vention des d\u00e9chets:  \u00ab <strong>Le meilleur d\u00e9chet est celui qui n\u2019est pas produit<\/strong> \u00bb <\/li><li>R\u00e9emploi: \u00ab Ce qui ne sert plus peut servir aux autres \u00bb <\/li><li>Valorisation mati\u00e8re et organique: \u00ab R\u00e9cup\u00e9rer les d\u00e9chets pour leur mati\u00e8re recyclable \u00bb <\/li><li>Valorisation \u00e9nerg\u00e9tique: \u00ab Ce qui reste apr\u00e8s le tri est transformable en \u00e9nergie \u00bb <\/li><li>\u00c9limination: \u00ab En dernier recours, l\u2019enfouissement des d\u00e9chets \u00bb <\/li><\/ol>\n\n\n\n<div class=\"wp-block-image\"><figure class=\"aligncenter\"><img loading=\"lazy\" decoding=\"async\" width=\"488\" height=\"156\" src=\"https:\/\/libre-cueillette.net\/wp-content\/uploads\/logo.png\" alt=\"\" class=\"wp-image-6319\" srcset=\"https:\/\/libre-cueillette.net\/wp-content\/uploads\/logo.png 488w, https:\/\/libre-cueillette.net\/wp-content\/uploads\/logo-300x96.png 300w\" sizes=\"auto, (max-width: 488px) 100vw, 488px\" \/><figcaption><span style=\"color:#000000\" class=\"tadv-color\"><a rel=\"noreferrer noopener\" aria-label=\"Txirrind'ola (s\u2019ouvre dans un nouvel onglet)\" href=\"https:\/\/txirrindola.org\/\" target=\"_blank\">Txirrind&rsquo;ola<\/a>, l&rsquo;un des partenaires de l&rsquo;agglom\u00e9ration pour la r\u00e9cup\u00e9ration et le recyclage des v\u00e9los<\/span><\/figcaption><\/figure><\/div>\n\n\n\n<p class=\"has-very-dark-gray-color has-text-color\">Les mesures les plus connues sont l\u2019\u00e9dition et la distribution d\u2019autocollant \u00ab  Stop Pub \u00bb, la mise \u00e0 disposition de composteur individuel, de lombricomposteurs, l\u2019accompagnement au d\u00e9veloppement d\u2019op\u00e9rations de compostage collectif ou de pied d\u2019immeubles, mais aussi la sensibilisation  aux nouveaux comportements permettant de r\u00e9duire le gaspillage li\u00e9 aux modes de consommation (sensibilisation \u00e0 la r\u00e9paration, \u00e0 la r\u00e9utilisation, etc&#8230;). La Communaut\u00e9 d\u2019Agglom\u00e9ration est \u00e9galement partie prenante des  actions du \u00ab <a rel=\"noreferrer noopener\" aria-label=\"Territoire Z\u00e9ro d\u00e9chet Z\u00e9ro Gaspillage (s\u2019ouvre dans un nouvel onglet)\" href=\"https:\/\/www.ademe.fr\/suivi-bilan-lappel-a-projets-territoires-zero-dechet-zero-gaspillage\" target=\"_blank\"><strong>Territoire Z\u00e9ro d\u00e9chet Z\u00e9ro Gaspillage<\/strong><\/a> \u00bb. Ce Label, d\u00e9livr\u00e9 par le Minist\u00e8re de l\u2019Environnement, de l\u2019\u00c9nergie et de la Mer, valorise une d\u00e9marche de territoire vertueuse dont l\u2019animation a \u00e9t\u00e9 confi\u00e9e par la Communaut\u00e9 d\u2019Agglom\u00e9ration au Syndicat Bil Ta Garbi. <\/p>\n\n\n\n<div class=\"wp-block-image\"><figure class=\"aligncenter\"><img loading=\"lazy\" decoding=\"async\" width=\"430\" height=\"300\" src=\"https:\/\/libre-cueillette.net\/wp-content\/uploads\/verre_bil_ta_garbi-1.jpg\" alt=\"\" class=\"wp-image-6492\" srcset=\"https:\/\/libre-cueillette.net\/wp-content\/uploads\/verre_bil_ta_garbi-1.jpg 430w, https:\/\/libre-cueillette.net\/wp-content\/uploads\/verre_bil_ta_garbi-1-300x209.jpg 300w\" sizes=\"auto, (max-width: 430px) 100vw, 430px\" \/><figcaption> <a rel=\"noreferrer noopener\" href=\"https:\/\/www.biltagarbi.com\/formulaire-des-gobelets\/\" target=\"_blank\">Eco-Cup<\/a>,  partenaire du Syndicat Bil ta Garbi, assure la livraison, la reprise,  <span style=\"color:#000000\" class=\"tadv-color\">le lavage et le stockage des verres propos\u00e9s \u00e0 tous les organisateurs  d\u2019\u00e9v\u00e9nements locaux pour leurs op\u00e9rations culturelles, sportives et   festives. <\/span> <\/figcaption><\/figure><\/div>\n\n\n\n<p class=\"has-very-dark-gray-color has-text-color\">La ville du futur, une ville sans d\u00e9chet ? Le chemin est encore long. Le \u00ab <strong>recycler tout pour jeter moins<\/strong> \u00bb appara\u00eet alors comme un horizon plus atteignable. En Bourgogne-Franche-Comt\u00e9, c\u2019est un incin\u00e9rateur qui est \u00e0  l\u2019origine d\u2019un changement. Pour des raisons notamment de sant\u00e9 publique,  la ville de <a rel=\"noreferrer noopener\" aria-label=\"Besan\u00e7on (s\u2019ouvre dans un nouvel onglet)\" href=\"https:\/\/www.wedemain.fr\/ralentir\/ces-4-villes-europeennes-sont-des-championnes-du-zero-dechet_a3683-html\/\" target=\"_blank\"><strong>Besan\u00e7on<\/strong><\/a> d\u00e9cida de ne pas r\u00e9nover le plus vieux de ses deux fours. Il  fallut donc trouver une autre solution, et ce fut le d\u00e9but d\u2019une approche de r\u00e9duction des d\u00e9chets \u00e0 la source, avec par exemple: le d\u00e9veloppement du compostage de proximit\u00e9 et une tarification incitative,  l\u2019utilisation de gobelets consign\u00e9s dans l\u2019\u00e9v\u00e9nementiel, le pr\u00eat gratuit de kits de couches lavables aux parents qui voulaient les tester\u2026 R\u00e9sultat, les ordures m\u00e9nag\u00e8res r\u00e9siduelles sont pass\u00e9es de 217 kg par habitant en 2009 \u00e0 moins de 150 kg en 2016. Les d\u00e9chets recyclables sont pass\u00e9s de 38 \u00e0 58%. <\/p>\n\n\n\n<div class=\"wp-block-image\"><figure class=\"aligncenter\"><img loading=\"lazy\" decoding=\"async\" width=\"632\" height=\"291\" src=\"https:\/\/libre-cueillette.net\/wp-content\/uploads\/image-1.png\" alt=\"\" class=\"wp-image-6324\" srcset=\"https:\/\/libre-cueillette.net\/wp-content\/uploads\/image-1.png 632w, https:\/\/libre-cueillette.net\/wp-content\/uploads\/image-1-300x138.png 300w\" sizes=\"auto, (max-width: 632px) 100vw, 632px\" \/><figcaption><span style=\"color:#000000\" class=\"tadv-color\">L&rsquo;association <a rel=\"noreferrer noopener\" aria-label=\"AIMA (s\u2019ouvre dans un nouvel onglet)\" href=\"https:\/\/www.aimaletrocoeur.org\/nos-hangars\/\" target=\"_blank\">AIMA<\/a>, un des partenaires de l&rsquo;agglom\u00e9ration, a trois ateliers de recyclage, une boutique solidaire et une bourse d&rsquo;\u00e9change de v\u00eatements, chaussures, mat\u00e9riel de pu\u00e9riculture, le \u00ab\u00a0Coin du Trocoeur\u00a0\u00bb<\/span><\/figcaption><\/figure><\/div>\n\n\n\n<p class=\"has-very-dark-gray-color has-text-color\">A titre de comparaison, au <a rel=\"noreferrer noopener\" aria-label=\"Pays basque (s\u2019ouvre dans un nouvel onglet)\" href=\"https:\/\/www.communaute-paysbasque.fr\/fileadmin\/user_upload\/mediatheque\/kiosque\/OJ_22_Rapport_Annuel_PCVD_2019.pdf\" target=\"_blank\"><strong>Pays basque<\/strong><\/a> (158 communes et 309 000 habitants), la quantit\u00e9 de d\u00e9chets a doubl\u00e9 en 40 ans. Plusieurs facteurs en sont la cause : la consommation des m\u00e9nages progresse, la dur\u00e9e de vie des produits de consommation courante diminue et la population augmente. En 2019, <strong>195 576 tonnes de d\u00e9chets m\u00e9nagers<\/strong> ont \u00e9t\u00e9 collect\u00e9s. Chacun de nous produit en moyenne 633 kg de d\u00e9chets par an (soit largement plus que la moyenne europ\u00e9enne), dont 72% sont valoris\u00e9s. Le solde est de 177 kg d&rsquo;ordures r\u00e9siduelles par personne et par an. <\/p>\n\n\n\n<div class=\"wp-block-image\"><figure class=\"aligncenter\"><img loading=\"lazy\" decoding=\"async\" width=\"700\" height=\"279\" src=\"https:\/\/libre-cueillette.net\/wp-content\/uploads\/2050_temperature-1.jpg\" alt=\"\" class=\"wp-image-6493\" srcset=\"https:\/\/libre-cueillette.net\/wp-content\/uploads\/2050_temperature-1.jpg 700w, https:\/\/libre-cueillette.net\/wp-content\/uploads\/2050_temperature-1-300x120.jpg 300w\" sizes=\"auto, (max-width: 700px) 100vw, 700px\" \/><figcaption><span style=\"color:#000000\" class=\"tadv-color\"> Impact de la v\u00e9g\u00e9talisation urbaine: exemple de Paris et sa banlieue <\/span><\/figcaption><\/figure><\/div>\n\n\n\n<h3 class=\"wp-block-heading\"> 2.2.4.5.  Agir pour \u00e9liminer les \u00eelots de chaleur urbains<\/h3>\n\n\n\n<p class=\"has-very-dark-gray-color has-text-color\">Depuis trente ans, les vagues de chaleur sont plus fr\u00e9quentes. Celles-ci sont amen\u00e9es \u00e0 se multiplier et \u00e0 beaucoup s\u2019amplifier \u00e0 horizon 2100. Combin\u00e9 \u00e0 l\u2019augmentation de la population et \u00e0 la densification urbaine,<strong> <\/strong>le changement climatique va rendre plus pr\u00e9gnant le ph\u00e9nom\u00e8ne des <a rel=\"noreferrer noopener\" aria-label=\"\u00eelots de chaleur urbains (s\u2019ouvre dans un nouvel onglet)\" href=\"https:\/\/www.cerema.fr\/fr\/actualites\/ilots-chaleur-agir-territoires-adapter-villes-au-changement\" target=\"_blank\"><strong>\u00eelots de chaleur urbains<\/strong><\/a>, c\u2019est-\u00e0-dire une \u00e9l\u00e9vation des temp\u00e9ratures de l\u2019air et de surface des centres-villes par rapport aux p\u00e9riph\u00e9ries, particuli\u00e8rement la nuit. Ce ph\u00e9nom\u00e8ne est li\u00e9 \u00e0 plusieurs facteurs :<\/p>\n\n\n\n<ul class=\"wp-block-list\"><li><span style=\"color:#000000\" class=\"tadv-color\">Les propri\u00e9t\u00e9s thermophysiques des mat\u00e9riaux utilis\u00e9s pour la construction des b\u00e2timents, des voiries et autres infrastructures<\/span><\/li><li><span style=\"color:#000000\" class=\"tadv-color\">L\u2019occupation du sol<strong> <\/strong>(sols min\u00e9ralis\u00e9s, absence de v\u00e9g\u00e9tation)<\/span><\/li><li><span style=\"color:#000000\" class=\"tadv-color\">La morphologie urbaine (voies de circulation importantes, \u00ab&nbsp;rugosit\u00e9&nbsp;\u00bb urbaine diminuant la convection\u2026)<\/span><\/li><li><span style=\"color:#000000\" class=\"tadv-color\">Le d\u00e9gagement de chaleur issu des<strong> <\/strong>activit\u00e9s humaines (moteurs, syst\u00e8mes de chauffage et de climatisation\u2026)<\/span><\/li><\/ul>\n\n\n\n<p class=\"has-very-dark-gray-color has-text-color\">Les mat\u00e9riaux urbains stockent la chaleur durant la journ\u00e9e (15 \u00e0 30% de plus que les zones moins denses) et elle se lib\u00e8re la nuit. C\u2019est pour cette raison que ce ph\u00e9nom\u00e8ne est plus marqu\u00e9 la nuit, emp\u00eachant les temp\u00e9ratures de redescendre. <\/p>\n\n\n\n<div class=\"wp-block-image\"><figure class=\"aligncenter\"><img loading=\"lazy\" decoding=\"async\" width=\"591\" height=\"400\" src=\"https:\/\/libre-cueillette.net\/wp-content\/uploads\/2010-08-23_112354-1.jpg\" alt=\"\" class=\"wp-image-6494\" srcset=\"https:\/\/libre-cueillette.net\/wp-content\/uploads\/2010-08-23_112354-1.jpg 591w, https:\/\/libre-cueillette.net\/wp-content\/uploads\/2010-08-23_112354-1-300x203.jpg 300w\" sizes=\"auto, (max-width: 591px) 100vw, 591px\" \/><figcaption> <span style=\"color:#000000\" class=\"tadv-color\">Des nuits plus chaudes en ville qu&rsquo;\u00e0 la campagne (<a rel=\"noreferrer noopener\" href=\"https:\/\/www.umr-cnrm.fr\/spip.php?article197\" target=\"_blank\">CNRM<\/a> &#8211; Centre national de recherche m\u00e9t\u00e9orologique) <\/span><\/figcaption><\/figure><\/div>\n\n\n\n<p class=\"has-very-dark-gray-color has-text-color\">En outre, la croissance de la population accompagn\u00e9e d&rsquo;un \u00e9talement urbain entra\u00eene l&rsquo;artificialisation des sols, voire une imperm\u00e9abilisation, qui ont pour cons\u00e9quences la saturation des r\u00e9seaux d&rsquo;assainissement et l&rsquo;augmentation du risque d&rsquo;inondation, l&rsquo;\u00e9rosion de la biodiversit\u00e9, le recul des espaces naturels et agricoles&#8230; L\u2019\u00c9tat fran\u00e7ais s&rsquo;en inqui\u00e8te et il a con\u00e7u, sous l&rsquo;\u00e9gide du Cerema (Centre d&rsquo;\u00e9tudes et d&rsquo;expertise sur les risques, l&rsquo;environnement, la mobilit\u00e9 et l&rsquo;am\u00e9nagement), de la DREAL (direction r\u00e9gionale de l&rsquo;Environnement, de l&rsquo;Am\u00e9nagement et du Logement) et de l&rsquo;Agence de l&rsquo;eau, un guide technique intitul\u00e9 \u00ab\u00a0Vers la ville perm\u00e9able &#8211; Comment <a rel=\"noreferrer noopener\" aria-label=\"d\u00e9simperm\u00e9abiliser (s\u2019ouvre dans un nouvel onglet)\" href=\"http:\/\/www.driee.ile-de-france.developpement-durable.gouv.fr\/IMG\/pdf\/p_-guide_ville_permeable_ae-rmc_2017_.pdf\" target=\"_blank\"><strong>d\u00e9simperm\u00e9abiliser<\/strong><\/a> les sols ?\u00a0\u00bb. <\/p>\n\n\n\n<div class=\"wp-block-image\"><figure class=\"aligncenter\"><img loading=\"lazy\" decoding=\"async\" width=\"468\" height=\"300\" src=\"https:\/\/libre-cueillette.net\/wp-content\/uploads\/desimpermeabilisation-1.jpg\" alt=\"\" class=\"wp-image-6495\" srcset=\"https:\/\/libre-cueillette.net\/wp-content\/uploads\/desimpermeabilisation-1.jpg 468w, https:\/\/libre-cueillette.net\/wp-content\/uploads\/desimpermeabilisation-1-300x192.jpg 300w\" sizes=\"auto, (max-width: 468px) 100vw, 468px\" \/><figcaption><span style=\"color:#000000\" class=\"tadv-color\"> Vers la ville perm\u00e9able <\/span><\/figcaption><\/figure><\/div>\n\n\n\n<p class=\"has-very-dark-gray-color has-text-color\">Pour limiter l\u2019\u00e9l\u00e9vation de la temp\u00e9rature estivale en ville, la solution la plus facile \u00e0 mettre en \u0153uvre serait de couvrir les fa\u00e7ades de plantes grimpantes et d&rsquo;ombrager les chauss\u00e9es et les abords des b\u00e2timents avec des arbres dont on laisserait la hauteur et le diam\u00e8tre du houppier se d\u00e9ployer pleinement. Mais ces plantes, tout comme les humains, auront soif. La ville devra entreprendre parall\u00e8lement de lib\u00e9rer au maximum la terre de ses rev\u00eatements imperm\u00e9abilisants de bitume, de pav\u00e9s ou de b\u00e9ton. En outre, elle devra revoir le r\u00e9seau d\u2019eaux pluviales pour alimenter des bassins de r\u00e9tention d&rsquo;eau et des mares.<\/p>\n\n\n\n<div class=\"wp-block-image\"><figure class=\"aligncenter\"><img loading=\"lazy\" decoding=\"async\" width=\"479\" height=\"339\" src=\"https:\/\/libre-cueillette.net\/wp-content\/uploads\/desimpermeabilisation2.jpg\" alt=\"\" class=\"wp-image-5919\" srcset=\"https:\/\/libre-cueillette.net\/wp-content\/uploads\/desimpermeabilisation2.jpg 479w, https:\/\/libre-cueillette.net\/wp-content\/uploads\/desimpermeabilisation2-300x212.jpg 300w\" sizes=\"auto, (max-width: 479px) 100vw, 479px\" \/><figcaption><span style=\"color:#000000\" class=\"tadv-color\">D\u00e9simperm\u00e9abiliser !<\/span><\/figcaption><\/figure><\/div>\n\n\n\n<p class=\"has-very-dark-gray-color has-text-color\">L\u2019agence de l\u2019eau a lanc\u00e9 en 2019-2020, puis encore en 2020-2021, un appel \u00e0 projets national qui vise tout projet de d\u00e9simperm\u00e9abilisation et de v\u00e9g\u00e9talisation pour g\u00e9rer les eaux de pluie des cours d\u2019\u00e9cole, de coll\u00e8ge, de lyc\u00e9e et d\u2019universit\u00e9. Cette d\u00e9simperm\u00e9abilisation accompagn\u00e9e d\u2019une v\u00e9g\u00e9talisation accrue permettra aussi d\u2019att\u00e9nuer les effets des pluies torrentielles qui, \u00e0 l\u2019inverse, seront de plus en plus fr\u00e9quentes en automne-hiver. La v\u00e9g\u00e9tation freinera l\u2019\u00e9coulement de l\u2019eau et lui permettra de s\u2019infiltrer dans le sol. Ainsi, on pourra \u00e9viter, ou au moins limiter, les inondations calamiteuses. &#8211; Toutefois, il ne faut pas oublier qu&rsquo;une inondation \u00e0 Bayonne peut provenir d&rsquo;un tr\u00e8s fort \u00e9pisode pluvieux en amont de l&rsquo;Adour, de la Nive ou de leurs affluents. Il est donc indispensable d&rsquo;avoir une r\u00e9flexion au niveau du bassin versant dans sa totalit\u00e9 pour revoir son am\u00e9nagement et faire en sorte de freiner autant que possible le ruissellement tout en favorisant la p\u00e9n\u00e9tration de l&rsquo;eau dans le sol. &#8211;<\/p>\n\n\n\n<div class=\"wp-block-image\"><figure class=\"aligncenter\"><img loading=\"lazy\" decoding=\"async\" width=\"877\" height=\"500\" src=\"https:\/\/libre-cueillette.net\/wp-content\/uploads\/biarritz_20201029_104415-1.jpg\" alt=\"\" class=\"wp-image-6496\" srcset=\"https:\/\/libre-cueillette.net\/wp-content\/uploads\/biarritz_20201029_104415-1.jpg 877w, https:\/\/libre-cueillette.net\/wp-content\/uploads\/biarritz_20201029_104415-1-300x171.jpg 300w, https:\/\/libre-cueillette.net\/wp-content\/uploads\/biarritz_20201029_104415-1-768x438.jpg 768w\" sizes=\"auto, (max-width: 877px) 100vw, 877px\" \/><figcaption> <span style=\"color:#000000\" class=\"tadv-color\">Des sacs de sable pour prot\u00e9ger le Casino de la temp\u00eate (octobre 2020, Grande Plage, Biarritz) <\/span><\/figcaption><\/figure><\/div>\n\n\n\n<h3 class=\"wp-block-heading\">2.2.5. Agir pour anticiper le recul du littoral<\/h3>\n\n\n\n<h4 class=\"wp-block-heading\">2.2.5.1. Un milliard de gens \u00e0 reloger loin des c\u00f4tes<\/h4>\n\n\n\n<p class=\"has-very-dark-gray-color has-text-color\">Pour le <a rel=\"noreferrer noopener\" aria-label=\"GIEC (s\u2019ouvre dans un nouvel onglet)\" href=\"https:\/\/www.ecologie.gouv.fr\/comprendre-giec\" target=\"_blank\"><strong>GIEC<\/strong><\/a> (Groupe d&rsquo;experts intergouvernemental sur l&rsquo;\u00e9volution du climat), la mont\u00e9e des eaux serait plus rapide que pr\u00e9vue et toucherait un nombre beaucoup plus important de personnes : certains sp\u00e9cialistes \u00e9voquent m\u00eame le chiffre d\u2019un milliard d\u2019habitants des r\u00e9gions c\u00f4ti\u00e8res appel\u00e9s \u00e0 d\u00e9m\u00e9nager. La question n\u2019est plus aujourd\u2019hui de se demander si certaines communaut\u00e9s humaines pourraient \u00eatre amen\u00e9es \u00e0 se d\u00e9placer. La question est quand et surtout o\u00f9 et comment. Pour la Banque mondiale \u00ab <em>la protection du littoral contre les temp\u00eates et l\u2019\u00e9l\u00e9vation du niveau de la mer n\u2019aurait de sens sur le plan \u00e9conomique que pour environ 22 \u00e0 32 % des zones c\u00f4ti\u00e8res de la plan\u00e8te au XXIe si\u00e8cle<\/em> \u00bb. Le reste est de l\u2019argent jet\u00e9 \u00e0 la mer. L\u2019institution internationale, comme la plupart des scientifiques, recommande de mettre en place des mesures de repli progressif. Plut\u00f4t que d\u2019investir dans de co\u00fbteux chantiers de digues de protection, il est plus intelligent de lancer des programmes de constructions abordables \u00e0 l\u2019int\u00e9rieur des terres. Car ce sont des millions de personnes d\u00e9plac\u00e9es qu\u2019il faudra loger ailleurs.  <\/p>\n\n\n\n<p class=\"has-text-align-center has-black-color has-text-color\"><em>Falaise \u00e9croul\u00e9e \u00e0 Urrugne, le jeudi 29 octobre 2020: sur la corniche basque, les falaises reculent de 25 cm en moyenne par an et jusqu&rsquo;\u00e0 50 cm par endroits. &#8211; C&rsquo;est essentiellement le r\u00e9sultat de la dissolution chimique par les eaux de pluie. La solution est de limiter leur infiltration. (Pr\u00e9cision Pierre Mauriaud, g\u00e9ologue) &#8211; D&rsquo;ici 2050, ce sera une moyenne de 27 m qui auront recul\u00e9, et jusqu&rsquo;\u00e0 37 m\u2026 De grands tron\u00e7ons de la route de la Corniche, de Socoa \u00e0 Hendaye, vont dispara\u00eetre.<\/em><\/p>\n\n\n\n<h4 class=\"wp-block-heading\"> 2.2.5.2.  Strat\u00e9gie fran\u00e7aise pour le trait de c\u00f4te<\/h4>\n\n\n\n<p class=\"has-very-dark-gray-color has-text-color\">En France, le <a href=\"https:\/\/www.ecologie.gouv.fr\/adaptation-france-au-changement-climatique#e2\"><strong>Plan national d\u2019adaptation au changement climatique<\/strong><\/a> et le <a href=\"https:\/\/www.ecologie.gouv.fr\/plan-biodiversite#e1\"><strong>Plan biodiversit\u00e9<\/strong><\/a> r\u00e9affirment la volont\u00e9 de l\u2019\u00c9tat de contribuer \u00e0 une plus grande adaptation des territoires et de renforcer leur r\u00e9silience \u00e0 travers le d\u00e9ploiement de solutions fond\u00e9es sur la nature. Le programme d\u2019actions 2017-2019 de la <a rel=\"noreferrer noopener\" href=\"https:\/\/www.ecologique-solidaire.gouv.fr\/sites\/default\/files\/12004-1_Strat%C3%A9gie%20gestion%20trait%20de%20c%C3%B4te%202017_light.pdf\" target=\"_blank\"><strong>strat\u00e9gie nationale de gestion int\u00e9gr\u00e9e du trait de c\u00f4te<\/strong><\/a>  incitait \u00e0 valoriser le r\u00f4le des \u00e9cosyst\u00e8mes naturels dans les projets de recomposition spatiale des territoires littoraux, en compl\u00e9mentarit\u00e9 ou alternative \u00e0 des solutions plus classiques de type g\u00e9nie civil. Si je comprends bien, cela signifie qu&rsquo;il faudrait consid\u00e9rablement \u00e9tendre les territoires c\u00f4tiers plac\u00e9s sous la protection du Conservatoire du littoral, stopper tous les projets visant \u00e0 artificialiser les c\u00f4tes, d\u00e9manteler tout ce qui peut l&rsquo;\u00eatre pour restaurer l&rsquo;environnement naturel, commencer \u00e0 relocaliser vers l&rsquo;int\u00e9rieur du pays les logements et activit\u00e9s les plus expos\u00e9s au risque de submersion&#8230;<\/p>\n\n\n\n<div class=\"wp-block-image\"><figure class=\"aligncenter\"><img loading=\"lazy\" decoding=\"async\" width=\"800\" height=\"516\" src=\"https:\/\/libre-cueillette.net\/wp-content\/uploads\/maison-moulis-bayonne.jpg\" alt=\"\" class=\"wp-image-6672\" srcset=\"https:\/\/libre-cueillette.net\/wp-content\/uploads\/maison-moulis-bayonne.jpg 800w, https:\/\/libre-cueillette.net\/wp-content\/uploads\/maison-moulis-bayonne-300x194.jpg 300w, https:\/\/libre-cueillette.net\/wp-content\/uploads\/maison-moulis-bayonne-768x495.jpg 768w\" sizes=\"auto, (max-width: 800px) 100vw, 800px\" \/><figcaption><span style=\"color:#000000\" class=\"tadv-color\"><a href=\"https:\/\/maison-monde.com\/maisons-a-bayonne\/\" target=\"_blank\" rel=\"noreferrer noopener\">Maison Moulis<\/a> \u00e0 Bayonne<\/span><\/figcaption><\/figure><\/div>\n\n\n\n<p class=\"has-black-color has-text-color\">En outre, il faudrait apporter des solutions au probl\u00e8me d\u00e9j\u00e0 ancien du recul du trait de c\u00f4te pour les raisons signal\u00e9es plus haut (entrave \u00e0 la libre circulation des s\u00e9diments dans les cours d&rsquo;eau, pr\u00e9l\u00e8vements de granulats). C&rsquo;est toute l&rsquo;\u00e9conomie du b\u00e2timent et de l&rsquo;infrastructure routi\u00e8re qu&rsquo;il s&rsquo;agirait de repenser. Aux \u00c9tats-Unis, au Japon, en Scandinavie et en bien d&rsquo;autres endroits, l&rsquo;architecture est encore majoritairement en bois, notamment les maisons et b\u00e2timents bas. En Europe, les maisons \u00e0 colombages ou \u00e0 pans de bois sont devenues tr\u00e8s rares. Si un co\u00fbt beaucoup plus important \u00e9tait affect\u00e9 \u00e0 l&rsquo;acquisition de granulats (pour en faire du b\u00e9ton, du ciment, des routes&#8230;) afin de prendre en compte les terribles d\u00e9g\u00e2ts \u00e9cologiques engendr\u00e9s par leur extraction, il est probable que l&rsquo;on aurait davantage recours \u00e0 des mat\u00e9riaux plus renouvelables comme le bois.<\/p>\n\n\n\n<p class=\"has-text-align-center has-black-color has-text-color\"><em>L\u2019\u00e9rosion de la falaise \u00e0 Anglet, avec la chute de plusieurs pans en 1999 et 2001, caract\u00e9rise le recul de la c\u00f4te rocheuse notamment, ici, par un d\u00e9sensablement du pied de falaise.<\/em><\/p>\n\n\n\n<h4 class=\"wp-block-heading\"> 2.2.5.3.  Qui pr\u00e9server sur la c\u00f4te basque ?<\/h4>\n\n\n\n<p class=\"has-very-dark-gray-color has-text-color\">Une <a rel=\"noreferrer noopener\" aria-label=\"strat\u00e9gie (s\u2019ouvre dans un nouvel onglet)\" href=\"https:\/\/www.angletsurfinfo.com\/news-ecologie-296\/strategie-du-trait-de-cote-angloy-vue-par-l-agglo.html\" target=\"_blank\"><strong>strat\u00e9gie<\/strong><\/a> globale de gestion du trait de c\u00f4te a \u00e9t\u00e9 \u00e9labor\u00e9e depuis juin 2012 par les \u00e9lus de la c\u00f4te basque, en collaboration avec le<strong> <\/strong><a rel=\"noreferrer noopener\" aria-label=\"GIP Littoral Aquitain (s\u2019ouvre dans un nouvel onglet)\" href=\"https:\/\/www.giplittoral.fr\/\" target=\"_blank\"><strong>GIP Littoral Aquitain<\/strong><\/a> (Groupement d&rsquo;int\u00e9r\u00eat public). Ils ont mis en place un vaste plan d\u2019actions, en distinguant clairement les secteurs qu\u2019ils souhaitent voir pr\u00e9serv\u00e9s, et les secteurs dans lesquels ils laisseront faire la nature. L\u2019agglom\u00e9ration C\u00f4te Basque \u2013 Adour (ACBA) a lanc\u00e9 le 12 d\u00e9cembre 2016 sa strat\u00e9gie locale de gestion du trait de c\u00f4te. Pour Anglet, Biarritz et Bidart, le lin\u00e9aire de c\u00f4te concern\u00e9 \u2013 aussi  bien sableux que rocheux \u2013 est de 17 km et accueille une population d\u2019environ 90 000 habitants. Le budget pr\u00e9visionnel pr\u00e9vu pour 20 ans (2023-2043) est cons\u00e9quent : 85 millions d\u2019euros, soit 3,3 millions d\u2019euros par an. <\/p>\n\n\n\n<p class=\"has-text-align-center has-black-color has-text-color\"><em>Biarritz, confortement de la falaise de la c\u00f4te des basques \u00e0 la plage de Marbella<\/em><\/p>\n\n\n\n<p class=\"has-very-dark-gray-color has-text-color\">&#8211; Petite remarque: je me demande si la population r\u00e9ellement concern\u00e9e par le recul de la c\u00f4te d&rsquo;Anglet \u00e0 Bidart d&rsquo;ici 2050, en l&rsquo;absence de toute mesure de protection, repr\u00e9sentera un nombre aussi important que les 90 000 mentionn\u00e9s plus haut. Si les falaises de la Corniche basque reculent au maximum de 37 m\u00e8tres, cela donne un ordre de grandeur pour les sections rocheuses d&rsquo;Anglet, Biarritz et Bidart. Par contre, les sections basses et sableuses seraient sans doute soumises \u00e0 une submersion plus loin dans les terres. Mais, d&rsquo;apr\u00e8s les cartes pr\u00e9sent\u00e9es plus haut dans cette \u00e9tude (Coastal Climate Central et DREAL Midi Pyr\u00e9n\u00e9es), ce sont surtout les berges de l&rsquo;Adour qui seraient gravement impact\u00e9es, pourtant non concern\u00e9es par ces mesures de maintien du trait de c\u00f4te. Depuis l&rsquo;estuaire, l&rsquo;Adour traverse les communes d&rsquo;Anglet, Boucau, Tarnos, Bayonne et bien d&rsquo;autres encore vers l&rsquo;amont. La mer investirait \u00e9galement les rives des affluents de l&rsquo;Adour et des petits ruisseaux c\u00f4tiers. Ainsi, des trois villes du BAB, il me semble que Bayonne devrait \u00eatre la plus touch\u00e9e. &#8211;<\/p>\n\n\n\n<p class=\"has-text-align-center has-black-color has-text-color\"><em>Temp\u00eate \u00e0 Biarritz<\/em><\/p>\n\n\n\n<p class=\"has-very-dark-gray-color has-text-color\">Selon ces sources documentaires, il semble que les \u00e9lus pensent pouvoir prot\u00e9ger Anglet, Biarritz et Bidart de la hausse du niveau de la mer et de la puissance des temp\u00eates qui pourrait s&rsquo;intensifier. Aucun changement n&rsquo;appara\u00eet quant \u00e0 l&rsquo;attribution de permis de construire en zone possiblement expos\u00e9e \u00e0 ces al\u00e9as, que ce soit pour des villas comme \u00e0 Chiberta (Anglet), des immeubles du bord de mer, des b\u00e2timents publics tels que l&rsquo;Espace de l&rsquo;oc\u00e9an ou la patinoire \u00e0 Anglet. L&rsquo;h\u00f4tel du Palais \u00e0 Biarritz a entrepris de grandes r\u00e9fections et des am\u00e9nagements aussi bien int\u00e9rieurs qu&rsquo;ext\u00e9rieurs, montrant ainsi son optimisme quant \u00e0 sa viabilit\u00e9 future. Il en est de m\u00eame pour le mus\u00e9e de la mer \u00e9rig\u00e9 sur un rocher d\u00e9j\u00e0 fortement creus\u00e9 par l&rsquo;\u00e9rosion. La ville poursuit le <a rel=\"noreferrer noopener\" href=\"https:\/\/www.mediabask.eus\/eu\/info_mbsk\/20181003\/marbella-le-malaise-a-tous-les-niveaux\" target=\"_blank\"><strong>confortement<\/strong><\/a> de la falaise entre les plages de la c\u00f4te des basques et de Marbella en cr\u00e9ant une bande rocheuse qui servira de promenade.  <\/p>\n\n\n\n<p class=\"has-text-align-center has-black-color has-text-color\"><em>Inondation des quais (2016, Bayonne)<\/em><\/p>\n\n\n\n<p class=\"has-very-dark-gray-color has-text-color\">Qu&rsquo;en est-il de Bayonne ? Je n&rsquo;ai trouv\u00e9 aucune mesure de protection comparable pour la rive droite de l&#8217;embouchure de l&rsquo;Adour et le secteur Bayonne Boucau Tarnos, en d\u00e9pit de la pr\u00e9sence des activit\u00e9s portuaires. Pourtant, le feu vert a \u00e9t\u00e9 donn\u00e9 pour la construction de nouveaux b\u00e2timents industriels tel que le laminoir, la gare vient d&rsquo;\u00eatre r\u00e9nov\u00e9e et le quartier Saint-Esprit est en pleine mutation. Sur l&rsquo;autre rive, des b\u00e2timents commerciaux tels qu&rsquo;Ikea viennent d&rsquo;\u00eatre \u00e9rig\u00e9s \u00e0 proximit\u00e9 de l&rsquo;Adour en pleine zone humide d&rsquo;Ametzondo. Il y a quelques ann\u00e9es, le b\u00e2timent qui h\u00e9berge la mairie et le th\u00e9\u00e2tre a aussi \u00e9t\u00e9 r\u00e9nov\u00e9. <\/p>\n\n\n\n<p class=\"has-text-align-center has-black-color has-text-color\"><em>Une bonne part des quartiers Sainte-Croix, Saint-Fr\u00e9d\u00e9ric et Saint-Esprit les pieds dans l\u2019eau (18 septembre 2009, Bayonne)<\/em><\/p>\n\n\n\n<p class=\"has-very-dark-gray-color has-text-color\">Sur la rive droite de la Nive, le quartier de Glain s&rsquo;est constitu\u00e9 de toutes pi\u00e8ces, alors que le parc de la plaine d&rsquo;Ansot juste en amont est r\u00e9guli\u00e8rement inond\u00e9, de m\u00eame que les commerces de la rive gauche en contrebas de la cath\u00e9drale. Certes, apr\u00e8s les inondations catastrophiques de 2009 dans les quartiers Sainte-Croix, Saint-Fr\u00e9d\u00e9ric et Saint-Esprit de la ville, des r\u00e9seaux d&rsquo;eaux pluviales et d&rsquo;eaux us\u00e9es ont \u00e9t\u00e9 recalibr\u00e9s, des bassins de r\u00e9tention creus\u00e9s, des pompes install\u00e9es pour ass\u00e9cher les parties basses et rejeter l&rsquo;eau dans l&rsquo;Adour, des portes \u00e9tanches ont \u00e9t\u00e9 promises aux commerces de bord de Nive&#8230; Est-ce bien suffisant ?<\/p>\n\n\n\n<p class=\"has-text-align-center has-black-color has-text-color\"><em>Bayonne, inondations (1er f\u00e9vrier 2014)<\/em><\/p>\n\n\n\n<p class=\"has-very-dark-gray-color has-text-color\">Quelles solutions envisager ? Sur les secteurs les moins prot\u00e9g\u00e9s, des riverains n\u2019auront d\u2019autre choix que de quitter leur maison, leur commerce, leur entreprise. A quelle hauteur pourront-ils \u00eatre indemnis\u00e9s ? Comment mettre en \u0153uvre les \u00e9ventuelles relocalisations ? Une proposition de loi est actuellement \u00e0 l\u2019\u00e9tude, pour offrir de nouveaux outils juridiques afin d\u2019aider les collectivit\u00e9s \u00e0 mieux g\u00e9rer le risque et anticiper le repli des biens et des personnes.  <\/p>\n\n\n\n<div class=\"wp-block-image\"><figure class=\"aligncenter\"><img loading=\"lazy\" decoding=\"async\" width=\"999\" height=\"412\" src=\"https:\/\/libre-cueillette.net\/wp-content\/uploads\/topologie_bab.jpg\" alt=\"\" class=\"wp-image-6815\" srcset=\"https:\/\/libre-cueillette.net\/wp-content\/uploads\/topologie_bab.jpg 999w, https:\/\/libre-cueillette.net\/wp-content\/uploads\/topologie_bab-300x124.jpg 300w, https:\/\/libre-cueillette.net\/wp-content\/uploads\/topologie_bab-768x317.jpg 768w\" sizes=\"auto, (max-width: 999px) 100vw, 999px\" \/><figcaption><span style=\"color:#000000\" class=\"tadv-color\"><a rel=\"noreferrer noopener\" aria-label=\"Carte topographique (s\u2019ouvre dans un nouvel onglet)\" href=\"https:\/\/fr-fr.topographic-map.com\/maps\/641\/Anglet\/\" target=\"_blank\"><strong>Carte topographique<\/strong><\/a> o\u00f9 l&rsquo;on voit la vall\u00e9e de la Nive dont les crues impactent directement Bayonne.<\/span><\/figcaption><\/figure><\/div>\n\n\n\n<div class=\"wp-block-image\"><figure class=\"aligncenter\"><img loading=\"lazy\" decoding=\"async\" width=\"818\" height=\"553\" src=\"https:\/\/libre-cueillette.net\/wp-content\/uploads\/topographie2.jpg\" alt=\"\" class=\"wp-image-6817\" srcset=\"https:\/\/libre-cueillette.net\/wp-content\/uploads\/topographie2.jpg 818w, https:\/\/libre-cueillette.net\/wp-content\/uploads\/topographie2-300x203.jpg 300w, https:\/\/libre-cueillette.net\/wp-content\/uploads\/topographie2-768x519.jpg 768w\" sizes=\"auto, (max-width: 818px) 100vw, 818px\" \/><figcaption><span style=\"color:#000000\" class=\"tadv-color\"><a rel=\"noreferrer noopener\" aria-label=\"Carte topographique (s\u2019ouvre dans un nouvel onglet)\" href=\"https:\/\/fr-fr.topographic-map.com\/maps\/jx\/Bayonne\/\" target=\"_blank\"><strong>Carte topographique<\/strong><\/a>: une grande partie de Bayonne est \u00e0 tr\u00e8s basse altitude.<\/span><\/figcaption><\/figure><\/div>\n\n\n\n<div class=\"wp-block-image\"><figure class=\"aligncenter\"><img loading=\"lazy\" decoding=\"async\" width=\"445\" height=\"400\" src=\"https:\/\/libre-cueillette.net\/wp-content\/uploads\/demographie_monde3.jpg\" alt=\"\" class=\"wp-image-6335\" srcset=\"https:\/\/libre-cueillette.net\/wp-content\/uploads\/demographie_monde3.jpg 445w, https:\/\/libre-cueillette.net\/wp-content\/uploads\/demographie_monde3-300x270.jpg 300w\" sizes=\"auto, (max-width: 445px) 100vw, 445px\" \/><figcaption><span style=\"color:#000000\" class=\"tadv-color\">Projection des Nations unies (2019) et sc\u00e9nario \u00ab\u00a0standard\u00a0\u00bb du club de Rome (1972) (<a rel=\"noreferrer noopener\" aria-label=\"Source (s\u2019ouvre dans un nouvel onglet)\" href=\"https:\/\/www.cairn.info\/revue-population-et-societes-2020-1-page-1.htm\" target=\"_blank\">Source<\/a>: Nations unies)<\/span><\/figcaption><\/figure><\/div>\n\n\n\n<h2 class=\"wp-block-heading\">2.3. La faute aux b\u00e9b\u00e9s ?<\/h2>\n\n\n\n<p class=\"has-very-dark-gray-color has-text-color\">Afin de bien saisir la n\u00e9cessit\u00e9, l&rsquo;urgence d&rsquo;agir \u00e0 tous les niveaux, y compris personnellement chez nous, tr\u00e8s localement, pour nous pr\u00e9parer et, peut-\u00eatre, att\u00e9nuer, freiner, enrayer si possible ce ph\u00e9nom\u00e8ne terrible de changement climatique que nous avons enclench\u00e9 avec la r\u00e9volution industrielle en Europe &#8211; une terrible responsabilit\u00e9 historique -, il est important de tordre le cou \u00e0 quelques bruits de couloir, de vieux pr\u00e9jug\u00e9s et un raisonnement qui nous d\u00e9douanerait en nous donnant bonne conscience. Voyons de quoi il retourne.<\/p>\n\n\n\n<div class=\"wp-block-image\"><figure class=\"aligncenter\"><img loading=\"lazy\" decoding=\"async\" width=\"610\" height=\"480\" src=\"https:\/\/libre-cueillette.net\/wp-content\/uploads\/jules-romain-chute-des-geants.jpg\" alt=\"\" class=\"wp-image-6418\" srcset=\"https:\/\/libre-cueillette.net\/wp-content\/uploads\/jules-romain-chute-des-geants.jpg 610w, https:\/\/libre-cueillette.net\/wp-content\/uploads\/jules-romain-chute-des-geants-300x236.jpg 300w\" sizes=\"auto, (max-width: 610px) 100vw, 610px\" \/><figcaption> Salle des G\u00e9ants, sc\u00e8ne dite \u00ab\u00a0<a href=\"https:\/\/www.aparences.net\/art-et-mecenat\/les-gonzaga-de-mantoue\/jules-romain-a-mantoue\/\" target=\"_blank\" rel=\"noreferrer noopener\" aria-label=\"La Chute des G\u00e9ants (s\u2019ouvre dans un nouvel onglet)\">La Chute des G\u00e9ants<\/a>\u00ab\u00a0, 1530 \u2013 apr\u00e8s 1534, Jules Romain (Mantoue, Palazzo Te) <\/figcaption><\/figure><\/div>\n\n\n\n<h3 class=\"wp-block-heading\">2.3.1. Le club de Rome<\/h3>\n\n\n\n<p class=\"has-very-dark-gray-color has-text-color\">Tomb\u00e9 un temps dans l\u2019oubli, le mod\u00e8le du \u00ab <a rel=\"noreferrer noopener\" aria-label=\"Club de Rome (s\u2019ouvre dans un nouvel onglet)\" href=\"https:\/\/www.cairn.info\/revue-population-et-societes-2020-1-page-1.htm\" target=\"_blank\"><strong>Club de Rome<\/strong><\/a> \u00bb propos\u00e9 en 1972 revient aujourd\u2019hui \u00e0 la mode. C\u2019\u00e9tait d\u2019abord, et cela reste, l\u2019une des rares tentatives de construction d\u2019un \u00ab mod\u00e8le monde \u00bb incluant des variables d\u00e9mographiques, sociales, \u00e9conomiques et m\u00eame environnementales ; c\u2019est ensuite un exemple \u00ab d\u2019effondrement endog\u00e8ne \u00bb annonc\u00e9 dans la plupart des variantes du mod\u00e8le, ce qui le rapproche des th\u00e9ories \u00ab <a rel=\"noreferrer noopener\" aria-label=\"collapsologistes (s\u2019ouvre dans un nouvel onglet)\" href=\"https:\/\/www.researchgate.net\/publication\/339044164_De_l%27anthropocene_a_la_collapsologie_Revaloriser_le_contrat_naturel\" target=\"_blank\"><strong>collapsologistes<\/strong><\/a> \u00bb actuelles. Dans le mod\u00e8le de 1972, les cinq variables-cl\u00e9s \u00e9taient les suivantes : les ressources alimentaires, les ressources naturelles (p\u00e9trole, m\u00e9taux, etc.), la production industrielle ainsi que les capitaux investis, les niveaux de pollution et la population mondiale.<\/p>\n\n\n\n<div class=\"wp-block-image\"><figure class=\"aligncenter\"><img loading=\"lazy\" decoding=\"async\" width=\"772\" height=\"550\" src=\"https:\/\/libre-cueillette.net\/wp-content\/uploads\/2019-Revision-\u2013-World-Population-Growth-1700-2100-772x550.png\" alt=\"\" class=\"wp-image-6339\" srcset=\"https:\/\/libre-cueillette.net\/wp-content\/uploads\/2019-Revision-\u2013-World-Population-Growth-1700-2100-772x550.png 772w, https:\/\/libre-cueillette.net\/wp-content\/uploads\/2019-Revision-\u2013-World-Population-Growth-1700-2100-772x550-300x214.png 300w, https:\/\/libre-cueillette.net\/wp-content\/uploads\/2019-Revision-\u2013-World-Population-Growth-1700-2100-772x550-768x547.png 768w\" sizes=\"auto, (max-width: 772px) 100vw, 772px\" \/><figcaption>Courbe de croissance de la population mondiale (<a href=\"https:\/\/ourworldindata.org\/world-population-growth-past-future\" target=\"_blank\" rel=\"noreferrer noopener\" aria-label=\"projections (s\u2019ouvre dans un nouvel onglet)\">projections<\/a> apr\u00e8s 2019)<\/figcaption><\/figure><\/div>\n\n\n\n<p class=\"has-very-dark-gray-color has-text-color\">Jusqu\u2019ici la pr\u00e9vision (standard) du Club de Rome &#8211; c&rsquo;est-\u00e0-dire la pire, \u00ab\u00a0<em>business as usual<\/em>\u00a0\u00bb , sans aucun changement de comportement de la part des pays \u00ab\u00a0d\u00e9velopp\u00e9s\u00a0\u00bb &#8211; a \u00e9t\u00e9 presque exactement r\u00e9alis\u00e9e, mais c\u2019est essentiellement du fait de la prise en compte correcte de l\u2019inertie existant en 1970. C\u2019est plus tard que la divergence de ce mod\u00e8le avec la projection des Nations Unies se manifestera (entre 2025 et 2030), parce que la f\u00e9condit\u00e9 a d\u00e9j\u00e0 fortement diminu\u00e9, les rendements agricoles se sont am\u00e9lior\u00e9s et les r\u00e9serves de ressources \u00e9nerg\u00e9tiques ont \u00e9t\u00e9 plus importantes que ne le supposait celui-ci&#8230; Les conditions de l\u2019effondrement de la population pr\u00e9vu \u00e0 partir de 2050 ne sont donc pas r\u00e9unies.  <\/p>\n\n\n\n<div class=\"wp-block-image\"><figure class=\"aligncenter\"><img loading=\"lazy\" decoding=\"async\" width=\"600\" height=\"236\" src=\"https:\/\/libre-cueillette.net\/wp-content\/uploads\/demographie_monde.jpg\" alt=\"\" class=\"wp-image-6332\" srcset=\"https:\/\/libre-cueillette.net\/wp-content\/uploads\/demographie_monde.jpg 600w, https:\/\/libre-cueillette.net\/wp-content\/uploads\/demographie_monde-300x118.jpg 300w\" sizes=\"auto, (max-width: 600px) 100vw, 600px\" \/><figcaption> Projections de population (en milliers) par continent de 2025 \u00e0 2100. Sc\u00e9nario central (<a href=\"https:\/\/www.ined.fr\/fr\/tout-savoir-population\/chiffres\/projections-mondiales\/projections-par-continent\/\" target=\"_blank\" rel=\"noreferrer noopener\" aria-label=\"INED (s\u2019ouvre dans un nouvel onglet)\">INED<\/a> &#8211; Institut national d&rsquo;\u00e9tudes d\u00e9mographiques)<\/figcaption><\/figure><\/div>\n\n\n\n<p class=\"has-very-dark-gray-color has-text-color\">Les sc\u00e9narios des Nations unies supposent que la mortalit\u00e9 continuera de baisser, comme c\u2019est le cas depuis des d\u00e9cennies. Mais les pronostics les plus pessimistes sur les perspectives d\u2019\u00e9volution de la population mondiale se fondent sur des hausses consid\u00e9rables de la mortalit\u00e9. Certains pensent que l\u2019\u00e9volution climatique, si elle n\u2019est pas contr\u00f4l\u00e9e \u00e0 temps, pourrait entra\u00eener un effondrement de la production agricole et des famines catastrophiques pouvant affecter l\u2019ensemble du globe. <\/p>\n\n\n\n<p class=\"has-text-align-center has-black-color has-text-color\"><em>Avec le r\u00e9chauffement climatique, les pr\u00e9cipitations de <a rel=\"noreferrer noopener\" href=\"https:\/\/www.univ-rennes1.fr\/actualites\/21082014\/sensibilite-des-moussons-asiatiques-leffet-de-serre-il-y-40-millions-dannees\" target=\"_blank\">mousson<\/a> pourraient s&rsquo;amplifier significativement, en accord avec les pr\u00e9visions du GIEC (<a rel=\"noreferrer noopener\" href=\"https:\/\/www.rtl.fr\/actu\/international\/inde-des-inondations-provoquees-par-la-mousson-font-au-moins-100-morts-7798171254\" target=\"_blank\">photo<\/a>: Sud de l&rsquo;Inde, Kerala, ao\u00fbt 2019).<\/em><\/p>\n\n\n\n<p class=\"has-very-dark-gray-color has-text-color\">Toutefois, d&rsquo;autres estiment qu\u2019avec les perspectives actuelles d\u2019\u00e9volution de la population mondiale et des productions alimentaires, <em>sous r\u00e9serve d\u2019une \u00e9volution climatique ma\u00eetris\u00e9e<\/em> (pas plus de 2 degr\u00e9s en moyenne), il serait possible de nourrir la population mondiale au moins jusqu\u2019en 2050, <em>sous conditions d\u2019une certaine sobri\u00e9t\u00e9, en particulier en produits animaux, et d\u2019une r\u00e9duction des gaspillages<\/em>. <\/p>\n\n\n\n<div class=\"wp-block-image\"><figure class=\"aligncenter\"><img loading=\"lazy\" decoding=\"async\" width=\"864\" height=\"400\" src=\"https:\/\/libre-cueillette.net\/wp-content\/uploads\/carte-monde-indice-fecondite-par-etat-2015_atlasocio.png\" alt=\"\" class=\"wp-image-6410\" srcset=\"https:\/\/libre-cueillette.net\/wp-content\/uploads\/carte-monde-indice-fecondite-par-etat-2015_atlasocio.png 864w, https:\/\/libre-cueillette.net\/wp-content\/uploads\/carte-monde-indice-fecondite-par-etat-2015_atlasocio-300x139.png 300w, https:\/\/libre-cueillette.net\/wp-content\/uploads\/carte-monde-indice-fecondite-par-etat-2015_atlasocio-768x356.png 768w\" sizes=\"auto, (max-width: 864px) 100vw, 864px\" \/><figcaption><a href=\"https:\/\/atlasocio.com\/cartes\/demographie\/fecondite\/carte-monde-indice-fecondite-par-etat-2015_atlasocio.png\" target=\"_blank\" rel=\"noreferrer noopener\" aria-label=\"Seuil (s\u2019ouvre dans un nouvel onglet)\">Seuil<\/a> de renouvellement des g\u00e9n\u00e9rations: 2,1 enfants par femme<\/figcaption><\/figure><\/div>\n\n\n\n<h3 class=\"wp-block-heading\"> 2.3.2.  La natalit\u00e9 en cause ?<\/h3>\n\n\n\n<p class=\"has-very-dark-gray-color has-text-color\">Certains <a rel=\"noreferrer noopener\" aria-label=\"d\u00e9mographes (s\u2019ouvre dans un nouvel onglet)\" href=\"https:\/\/www.herodote.net\/Textes\/state_of_world_population_2009.pdf\" target=\"_blank\"><strong>d\u00e9mographes<\/strong><\/a> de l&rsquo;ONU pointent du doigt l&rsquo;accroissement de la population &#8211; et plus pr\u00e9cis\u00e9ment celle des pays les moins d\u00e9velopp\u00e9s \u00e0 forte natalit\u00e9 qu&rsquo;ils rendent responsable du r\u00e9chauffement climatique. Selon eux, une des mesures pour y rem\u00e9dier serait d&rsquo;am\u00e9liorer la condition des femmes, leur donner acc\u00e8s \u00e0 l&rsquo;\u00e9ducation, \u00e0 des ressources \u00e9conomiques et au planning familial, pour leur laisser le choix d&rsquo;enfanter (ou pas) ! <\/p>\n\n\n\n<p class=\"has-very-dark-gray-color has-text-color\">Des <a rel=\"noreferrer noopener\" href=\"https:\/\/www.herodote.net\/Textes\/climat-environnement-naissances.pdf\" target=\"_blank\"><strong>scientifiques<\/strong><\/a> su\u00e9dois vont plus loin. Ils reconnaissent la responsabilit\u00e9 des pays d\u00e9velopp\u00e9s et enjoignent les couples \u00e0 faire un enfant de moins. Or, de l&rsquo;Am\u00e9rique du nord \u00e0 la mer de Chine en passant par l&rsquo;Europe, le nombre de ces <em>\u00ab&nbsp;privil\u00e9gi\u00e9s&nbsp;\u00bb<\/em> , qui repr\u00e9sentent le cinqui\u00e8me de la <a rel=\"noreferrer noopener\" href=\"https:\/\/www.herodote.net\/Climat_la_faute_aux_bebes_-synthese-474.php\" target=\"_blank\"><strong>population<\/strong><\/a> mondiale, est d\u00e9j\u00e0 en voie de diminution avec un indice de f\u00e9condit\u00e9 inf\u00e9rieur \u00e0 2 enfants par femme. D\u00e8s lors, pr\u00e9coniser dans ces populations un enfant de moins reviendrait \u00e0 quasiment annoncer leur disparition physique \u00e0 l&rsquo;horizon d&rsquo;une ou deux g\u00e9n\u00e9rations (un demi-si\u00e8cle) ! Ils pr\u00e9conisent en outre trois actions suppl\u00e9mentaires pour r\u00e9duire  rapidement les \u00e9missions de gaz \u00e0 effet de serre: supprimer l&rsquo;usage de la voiture (\u00ab\u00a0<em>living car-free<\/em>\u00a0\u00bb ), \u00e9viter les d\u00e9placements en avion et suivre un r\u00e9gime v\u00e9g\u00e9tarien.  <\/p>\n\n\n\n<div class=\"wp-block-image\"><figure class=\"aligncenter\"><img loading=\"lazy\" decoding=\"async\" width=\"600\" height=\"435\" src=\"https:\/\/libre-cueillette.net\/wp-content\/uploads\/93571-1.jpg\" alt=\"\" class=\"wp-image-6407\" srcset=\"https:\/\/libre-cueillette.net\/wp-content\/uploads\/93571-1.jpg 600w, https:\/\/libre-cueillette.net\/wp-content\/uploads\/93571-1-300x218.jpg 300w\" sizes=\"auto, (max-width: 600px) 100vw, 600px\" \/><figcaption>Le vieillissement du <a href=\"https:\/\/www.nippon.com\/fr\/features\/h00079\/\" target=\"_blank\" rel=\"noreferrer noopener\" aria-label=\"Japon (s\u2019ouvre dans un nouvel onglet)\">Japon<\/a> entra\u00eene la diminution progressive de sa population.<\/figcaption><\/figure><\/div>\n\n\n\n<p class=\"has-very-dark-gray-color has-text-color\">Ces arguments ne tiennent pas. Le r\u00e9chauffement climatique est bien induit par le mode de vie des pays les plus riches. La seule question qui se pose, c\u2019est la vitesse \u00e0 laquelle la d\u00e9t\u00e9rioration du climat affectera les rendements agricoles. Le Groupe d&rsquo;experts intergouvernemental sur l&rsquo;\u00e9volution du climat (GIEC)  admet qu&rsquo;une d\u00e9t\u00e9rioration plus forte du climat pourrait affecter les rendements agricoles, mais il montre que des rem\u00e8des existent, et que le processus serait progressif. Il faudrait une d\u00e9gradation tr\u00e8s brutale et tr\u00e8s vaste pour envisager par exemple l\u2019\u00e9mergence de graves conflits entre populations pour l\u2019acc\u00e8s aux ressources et tout particuli\u00e8rement \u00e0 l\u2019eau.<em> <\/em>Mais on atteint l\u00e0 les limites des projections, <a rel=\"noreferrer noopener\" aria-label=\"d\u00e9mographiques (s\u2019ouvre dans un nouvel onglet)\" href=\"https:\/\/www.lqj.uliege.be\/cms\/c_11478630\/fr\/demographie-et-climat\" target=\"_blank\"><strong>d\u00e9mographiques<\/strong><\/a> ou <a rel=\"noreferrer noopener\" aria-label=\"autres (s\u2019ouvre dans un nouvel onglet)\" href=\"https:\/\/www.cairn.info\/resume.php?ID_ARTICLE=POPAV_727_0004\" target=\"_blank\"><strong>autres<\/strong><\/a> : il n\u2019est pas possible de prendre en compte une catastrophe d\u2019une ampleur jamais connue (comme une guerre  thermonucl\u00e9aire), comme il est impossible de pr\u00e9voir celle-ci.<\/p>\n\n\n\n<div class=\"wp-block-image\"><figure class=\"aligncenter\"><img loading=\"lazy\" decoding=\"async\" width=\"545\" height=\"400\" src=\"https:\/\/libre-cueillette.net\/wp-content\/uploads\/eau.jpg\" alt=\"\" class=\"wp-image-6430\" srcset=\"https:\/\/libre-cueillette.net\/wp-content\/uploads\/eau.jpg 545w, https:\/\/libre-cueillette.net\/wp-content\/uploads\/eau-300x220.jpg 300w\" sizes=\"auto, (max-width: 545px) 100vw, 545px\" \/><figcaption>R\u00e9chauffement climatique: ceux qui l&rsquo;induisent et ceux qui le subissent de plein fouet.<\/figcaption><\/figure><\/div>\n\n\n\n<p class=\"has-very-dark-gray-color has-text-color\">Non, ce n\u2019est pas la F I N, c\u2019est le moment d\u2019 A G I R : Les mod\u00e9lisations aident \u00e0 r\u00e9fl\u00e9chir, elles ne sont pas la r\u00e9alit\u00e9. Il s&rsquo;agit de choisir: chercher le B O N H E U R dans une meilleure ad\u00e9quation avec la Nature (et freiner le r\u00e9chauffement climatique) ou dans la Consommation (et laisser se d\u00e9grader le climat).<\/p>\n\n\n\n<figure class=\"wp-block-image\"><img loading=\"lazy\" decoding=\"async\" width=\"938\" height=\"700\" src=\"https:\/\/libre-cueillette.net\/wp-content\/uploads\/aforum8-2.jpg\" alt=\"\" class=\"wp-image-6532\" srcset=\"https:\/\/libre-cueillette.net\/wp-content\/uploads\/aforum8-2.jpg 938w, https:\/\/libre-cueillette.net\/wp-content\/uploads\/aforum8-2-300x224.jpg 300w, https:\/\/libre-cueillette.net\/wp-content\/uploads\/aforum8-2-768x573.jpg 768w\" sizes=\"auto, (max-width: 938px) 100vw, 938px\" \/><figcaption><span style=\"color:#000000\" class=\"tadv-color\">Une meilleure ad\u00e9quation avec la Nature<\/span><\/figcaption><\/figure>\n\n\n\n<p class=\"has-text-align-center\"><br><\/p>\n\n\n","protected":false},"excerpt":{"rendered":"<p>Dans le cadre de son projet \u00ab\u00a0BAB 2050 &#8211; Carnet de voyage d&rsquo;anticipation\u00ab\u00a0, Libre Cueillette invitera des peintres \u00e0 repr\u00e9senter les trois villes de Bayonne, Anglet, Biarritz \u00ab\u00a0plus vertes\u00a0\u00bb d&rsquo;ici trente ans. Cela implique de r\u00e9fl\u00e9chir au changement climatique en<\/p>\n","protected":false},"author":1,"featured_media":0,"comment_status":"open","ping_status":"open","sticky":false,"template":"","format":"standard","meta":{"footnotes":""},"categories":[363],"tags":[354],"class_list":["post-5744","post","type-post","status-publish","format-standard","hentry","category-bab-2050","tag-354"],"_links":{"self":[{"href":"https:\/\/libre-cueillette.net\/index.php\/wp-json\/wp\/v2\/posts\/5744","targetHints":{"allow":["GET"]}}],"collection":[{"href":"https:\/\/libre-cueillette.net\/index.php\/wp-json\/wp\/v2\/posts"}],"about":[{"href":"https:\/\/libre-cueillette.net\/index.php\/wp-json\/wp\/v2\/types\/post"}],"author":[{"embeddable":true,"href":"https:\/\/libre-cueillette.net\/index.php\/wp-json\/wp\/v2\/users\/1"}],"replies":[{"embeddable":true,"href":"https:\/\/libre-cueillette.net\/index.php\/wp-json\/wp\/v2\/comments?post=5744"}],"version-history":[{"count":556,"href":"https:\/\/libre-cueillette.net\/index.php\/wp-json\/wp\/v2\/posts\/5744\/revisions"}],"predecessor-version":[{"id":9195,"href":"https:\/\/libre-cueillette.net\/index.php\/wp-json\/wp\/v2\/posts\/5744\/revisions\/9195"}],"wp:attachment":[{"href":"https:\/\/libre-cueillette.net\/index.php\/wp-json\/wp\/v2\/media?parent=5744"}],"wp:term":[{"taxonomy":"category","embeddable":true,"href":"https:\/\/libre-cueillette.net\/index.php\/wp-json\/wp\/v2\/categories?post=5744"},{"taxonomy":"post_tag","embeddable":true,"href":"https:\/\/libre-cueillette.net\/index.php\/wp-json\/wp\/v2\/tags?post=5744"}],"curies":[{"name":"wp","href":"https:\/\/api.w.org\/{rel}","templated":true}]}}