{"id":6703,"date":"2021-01-09T21:28:46","date_gmt":"2021-01-09T20:28:46","guid":{"rendered":"http:\/\/libre-cueillette.net\/?p=6703"},"modified":"2021-01-12T10:32:03","modified_gmt":"2021-01-12T09:32:03","slug":"projets-en-attente","status":"publish","type":"post","link":"https:\/\/libre-cueillette.net\/index.php\/2021\/01\/09\/projets-en-attente\/","title":{"rendered":"Projets en attente"},"content":{"rendered":"\n<p class=\"has-text-color has-very-dark-gray-color\">Depuis fin 2019, certains projets n&rsquo;ont pas  encore pu se r\u00e9aliser, principalement en raison des conditions sanitaires dues au Covid 19. <\/p>\n\n\n\n<p class=\"has-text-color has-very-dark-gray-color\">. Le Comit\u00e9 Ouvrier du Logement (COL) souhaite poursuivre la collaboration  avec Libre Cueillette pour la cr\u00e9ation de deux jardins partag\u00e9s dans  des r\u00e9sidences situ\u00e9es \u00e0 Anglet et \u00e0 Bidart (voir page en <a rel=\"noreferrer noopener\" href=\"https:\/\/libre-cueillette.net\/index.php\/2020\/01\/21\/visite-de-jardins\/\" target=\"_blank\"><strong>lien<\/strong><\/a>). Courant 2020, d&rsquo;autres r\u00e9sidences ont manifest\u00e9 le d\u00e9sir de cr\u00e9er un jardin partag\u00e9. Affaire \u00e0 suivre. <\/p>\n\n\n\n<p class=\"has-text-color has-very-dark-gray-color\">. Une proposition de cr\u00e9ation d&rsquo;un jardin  p\u00e9dagogique des cinq sens pr\u00e8s  d&rsquo;une aire de jeux \u00e0 Anglet a \u00e9t\u00e9 soumise \u00e0 la municipalit\u00e9 (photos  expos\u00e9es au forum des associations d&rsquo;Anglet les 5-6 septembre 2020).  Fort bien accueillie d\u00e9but 2020, elle sera r\u00e9it\u00e9r\u00e9e lorsque les  conditions redeviendront favorables. <\/p>\n\n\n\n<p class=\"has-text-color has-very-dark-gray-color\">. Libre Cueillette d&rsquo;Anglet et Graines de libert\u00e9 de Bayonne ont \u00e9t\u00e9 contact\u00e9es par Bio Divers Cit\u00e9 de Biarritz en vue de collaborer \u00e0 la cr\u00e9ation de lieux favorisant la biodiversit\u00e9 sur chacune des trois villes, les \u00ab\u00a0havres de biodiversit\u00e9\u00a0\u00bb. Libre Cueillette sera charg\u00e9e des animations, une fois les sites am\u00e9nag\u00e9s. <\/p>\n","protected":false},"excerpt":{"rendered":"<p>Depuis fin 2019, certains projets n&rsquo;ont pas encore pu se r\u00e9aliser, principalement en raison des conditions sanitaires dues au Covid 19. . Le Comit\u00e9 Ouvrier du Logement (COL) souhaite poursuivre la collaboration avec Libre Cueillette pour la cr\u00e9ation de deux<\/p>\n","protected":false},"author":1,"featured_media":0,"comment_status":"open","ping_status":"open","sticky":false,"template":"","format":"standard","meta":{"footnotes":""},"categories":[353],"tags":[],"class_list":["post-6703","post","type-post","status-publish","format-standard","hentry","category-projets-en-cours"],"_links":{"self":[{"href":"https:\/\/libre-cueillette.net\/index.php\/wp-json\/wp\/v2\/posts\/6703","targetHints":{"allow":["GET"]}}],"collection":[{"href":"https:\/\/libre-cueillette.net\/index.php\/wp-json\/wp\/v2\/posts"}],"about":[{"href":"https:\/\/libre-cueillette.net\/index.php\/wp-json\/wp\/v2\/types\/post"}],"author":[{"embeddable":true,"href":"https:\/\/libre-cueillette.net\/index.php\/wp-json\/wp\/v2\/users\/1"}],"replies":[{"embeddable":true,"href":"https:\/\/libre-cueillette.net\/index.php\/wp-json\/wp\/v2\/comments?post=6703"}],"version-history":[{"count":2,"href":"https:\/\/libre-cueillette.net\/index.php\/wp-json\/wp\/v2\/posts\/6703\/revisions"}],"predecessor-version":[{"id":6709,"href":"https:\/\/libre-cueillette.net\/index.php\/wp-json\/wp\/v2\/posts\/6703\/revisions\/6709"}],"wp:attachment":[{"href":"https:\/\/libre-cueillette.net\/index.php\/wp-json\/wp\/v2\/media?parent=6703"}],"wp:term":[{"taxonomy":"category","embeddable":true,"href":"https:\/\/libre-cueillette.net\/index.php\/wp-json\/wp\/v2\/categories?post=6703"},{"taxonomy":"post_tag","embeddable":true,"href":"https:\/\/libre-cueillette.net\/index.php\/wp-json\/wp\/v2\/tags?post=6703"}],"curies":[{"name":"wp","href":"https:\/\/api.w.org\/{rel}","templated":true}]}}