{"id":7844,"date":"2021-05-14T14:17:16","date_gmt":"2021-05-14T13:17:16","guid":{"rendered":"http:\/\/libre-cueillette.net\/?p=7844"},"modified":"2021-05-16T10:00:18","modified_gmt":"2021-05-16T09:00:18","slug":"de-retour-a-lespes","status":"publish","type":"post","link":"https:\/\/libre-cueillette.net\/index.php\/2021\/05\/14\/de-retour-a-lespes\/","title":{"rendered":"De retour \u00e0 Lesp\u00e8s"},"content":{"rendered":"\n<figure id=\"attachment_7845\" aria-describedby=\"caption-attachment-7845\" style=\"width: 889px\" class=\"wp-caption aligncenter\"><a href=\"https:\/\/libre-cueillette.net\/wp-content\/uploads\/a20210310_154653.jpg\"><img loading=\"lazy\" decoding=\"async\" class=\"wp-image-7845 size-full\" src=\"https:\/\/libre-cueillette.net\/wp-content\/uploads\/a20210310_154653.jpg\" alt=\"\" width=\"889\" height=\"500\" srcset=\"https:\/\/libre-cueillette.net\/wp-content\/uploads\/a20210310_154653.jpg 889w, https:\/\/libre-cueillette.net\/wp-content\/uploads\/a20210310_154653-300x169.jpg 300w, https:\/\/libre-cueillette.net\/wp-content\/uploads\/a20210310_154653-768x432.jpg 768w\" sizes=\"auto, (max-width: 889px) 100vw, 889px\" \/><\/a><figcaption id=\"caption-attachment-7845\" class=\"wp-caption-text\"><span style=\"color: #000000;\">Le service municipal des espaces verts a apport\u00e9 du broyat.<\/span><\/figcaption><\/figure>\n<p><span style=\"color: #000000;\">Gr\u00e2ce \u00e0 deux r\u00e9sidents, le <a href=\"https:\/\/libre-cueillette.net\/index.php\/2019\/09\/11\/le-jardin-du-mandala\/\" target=\"_blank\" rel=\"noopener\">jardin<\/a> du Mandala s&rsquo;est bien maintenu depuis son inauguration par le maire d&rsquo;Anglet, Claude Olive, un \u00e9v\u00e9nement qui a co\u00efncid\u00e9 avec la fin de la mission de Libre Cueillette aupr\u00e8s du service jeunesse municipal en juin 2019. Le temps imparti aux animations, un peu trop court, ainsi que divers facteurs sur lesquels nous n&rsquo;avions pas la ma\u00eetrise, n&rsquo;ont malheureusement pas permis de f\u00e9d\u00e9rer un groupe plus important autour du jardin. Depuis cette date, Paul, l&rsquo;animateur du service jeunesse que nous avions form\u00e9, a \u00e9t\u00e9 remerci\u00e9 \u00e0 la fin de son contrat et c&rsquo;est Morgane qui a pris sa suite. Comme elle n&rsquo;a pas de connaissances en jardinage, Libre Cueillette a de nouveau \u00e9t\u00e9 missionn\u00e9e pour six mois, \u00e0 raison d&rsquo;une animation tous les quinze jours. En raison de la situation sanitaire fin 2020 et d\u00e9but 2021, les animations n&rsquo;ont pu d\u00e9marrer que le 24 f\u00e9vrier 2021.<\/span><\/p>\n<figure id=\"attachment_7846\" aria-describedby=\"caption-attachment-7846\" style=\"width: 889px\" class=\"wp-caption aligncenter\"><a href=\"https:\/\/libre-cueillette.net\/wp-content\/uploads\/a20210310_154709.jpg\"><img loading=\"lazy\" decoding=\"async\" class=\"wp-image-7846 size-full\" src=\"https:\/\/libre-cueillette.net\/wp-content\/uploads\/a20210310_154709.jpg\" alt=\"\" width=\"889\" height=\"500\" srcset=\"https:\/\/libre-cueillette.net\/wp-content\/uploads\/a20210310_154709.jpg 889w, https:\/\/libre-cueillette.net\/wp-content\/uploads\/a20210310_154709-300x169.jpg 300w, https:\/\/libre-cueillette.net\/wp-content\/uploads\/a20210310_154709-768x432.jpg 768w\" sizes=\"auto, (max-width: 889px) 100vw, 889px\" \/><\/a><figcaption id=\"caption-attachment-7846\" class=\"wp-caption-text\"><span style=\"color: #000000;\">L&rsquo;\u00e9talage du broyat sur les all\u00e9es permet un cheminement plus ais\u00e9 et un bon rep\u00e9rage des parterres du jardin du Mandala<\/span><\/figcaption><\/figure>\n<p><span style=\"color: #000000;\">Depuis notre d\u00e9part, plusieurs am\u00e9liorations notables se sont produites. Tout d&rsquo;abord, un r\u00e9cup\u00e9rateur d&rsquo;eau de pluie a \u00e9t\u00e9 connect\u00e9 \u00e0 une goutti\u00e8re d&rsquo;un des alignements de garages, comme nous l&rsquo;avions pr\u00e9conis\u00e9 en 2019. Ainsi, pour l&rsquo;arrosage des jeunes plants ou des semis, le jardin d\u00e9pend moins de l&rsquo;acc\u00e8s \u00e0 l&rsquo;eau dans le local associatif de l&rsquo;Amicale qui n&rsquo;est pas ouvert en permanence et encore moins avec le Covid. D&rsquo;autre part, une cabane \u00e0 outils a \u00e9t\u00e9 dress\u00e9e pr\u00e8s du jardin. L\u00e0 aussi, cela facilite grandement les activit\u00e9s puisque auparavant les outils \u00e9taient rang\u00e9s \u00e0 l&rsquo;Amicale, puis ils ont \u00e9t\u00e9 d\u00e9plac\u00e9s dans le couloir pr\u00e8s de l&rsquo;appartement du couple de r\u00e9sidents jardiniers, ce qui a \u00e9t\u00e9 cause de dissension avec d&rsquo;autres r\u00e9sidents d\u00e9sireux de s&rsquo;impliquer au jardin. Enfin, gr\u00e2ce \u00e0 l&rsquo;efficacit\u00e9 de Morgane et au changement de permanente au local de l&rsquo;Amicale, davantage d&rsquo;habitants s&rsquo;int\u00e9ressent au jardin, y compris les jeunes.<\/span><\/p>\n<figure id=\"attachment_7847\" aria-describedby=\"caption-attachment-7847\" style=\"width: 889px\" class=\"wp-caption aligncenter\"><a href=\"https:\/\/libre-cueillette.net\/wp-content\/uploads\/a20210407_164501.jpg\"><img loading=\"lazy\" decoding=\"async\" class=\"wp-image-7847 size-full\" src=\"https:\/\/libre-cueillette.net\/wp-content\/uploads\/a20210407_164501.jpg\" alt=\"\" width=\"889\" height=\"500\" srcset=\"https:\/\/libre-cueillette.net\/wp-content\/uploads\/a20210407_164501.jpg 889w, https:\/\/libre-cueillette.net\/wp-content\/uploads\/a20210407_164501-300x169.jpg 300w, https:\/\/libre-cueillette.net\/wp-content\/uploads\/a20210407_164501-768x432.jpg 768w\" sizes=\"auto, (max-width: 889px) 100vw, 889px\" \/><\/a><figcaption id=\"caption-attachment-7847\" class=\"wp-caption-text\"><span style=\"color: #000000;\">De l&rsquo;ail des ours au jardin !<\/span><\/figcaption><\/figure>\n<p><span style=\"color: #000000;\">Les premi\u00e8res animations ont consist\u00e9 \u00e0 inventorier les plantes du jardin du Mandala et \u00e0 red\u00e9marrer la r\u00e9alisation de petites pancartes indiquant leur nom, aussi bien \u00e0 destination des visiteurs que des jardiniers en herbe. Ensuite, il a fallu s&rsquo;assurer que les espaces qui semblaient vacants ne recelaient pas de semis encore invisibles, du genre pommes de terre, patates douces, oignons, afin de ne pas commettre d&rsquo;impairs vis \u00e0 vis des r\u00e9sidents qui ont poursuivi les activit\u00e9s au jardin&#8230; Enfin, tout le monde n&rsquo;a pas la vocation du jardinage, mais d&rsquo;autres comp\u00e9tences peuvent \u00eatre requises, comme celle du bricolage. C&rsquo;est ainsi qu&rsquo;un r\u00e9sident a pu rapidement am\u00e9nager l&rsquo;int\u00e9rieur de la cabane pour poser en hauteur des objets ou suspendre des outils, et trouv\u00e9 une solution pour \u00e9viter que la porte ne claque et brise ses gonds. C&rsquo;est super !<br \/><\/span><\/p>\n<figure id=\"attachment_7848\" aria-describedby=\"caption-attachment-7848\" style=\"width: 889px\" class=\"wp-caption aligncenter\"><a href=\"https:\/\/libre-cueillette.net\/wp-content\/uploads\/a20210407_164518.jpg\"><img loading=\"lazy\" decoding=\"async\" class=\"wp-image-7848 size-full\" src=\"https:\/\/libre-cueillette.net\/wp-content\/uploads\/a20210407_164518.jpg\" alt=\"\" width=\"889\" height=\"500\" srcset=\"https:\/\/libre-cueillette.net\/wp-content\/uploads\/a20210407_164518.jpg 889w, https:\/\/libre-cueillette.net\/wp-content\/uploads\/a20210407_164518-300x169.jpg 300w, https:\/\/libre-cueillette.net\/wp-content\/uploads\/a20210407_164518-768x432.jpg 768w\" sizes=\"auto, (max-width: 889px) 100vw, 889px\" \/><\/a><figcaption id=\"caption-attachment-7848\" class=\"wp-caption-text\"><span style=\"color: #000000;\">Par beau temps, les habitants se regroupent au jardin au lieu de s&rsquo;enfermer dans le local associatif comme auparavant.<\/span><\/figcaption><\/figure>\n<p><span style=\"color: #000000;\">Nous indiquons \u00e0 Morgane que la tonte des espaces verts de la r\u00e9sidence peut \u00eatre r\u00e9cup\u00e9r\u00e9e, il suffit d&rsquo;en faire la demande \u00e0 l&rsquo;entreprise et de veiller, lors de son passage, \u00e0 ce que les employ\u00e9s n&rsquo;oublient pas d&rsquo;en r\u00e9server un peu pour le jardin. Attention aussi \u00e0 ne pas stocker l&rsquo;amas d&rsquo;herbe fra\u00eeche trop longtemps et sur une trop grosse \u00e9paisseur. Quinze jours plus tard, nous montrons \u00e0 quel point la temp\u00e9rature peut monter \u00e0 l&rsquo;int\u00e9rieur du tas sous l&rsquo;effet de la fermentation engendr\u00e9e par les microorganismes. Cela peut aller jusqu&rsquo;\u00e0 r\u00e9duire en cendres l&rsquo;herbe, ce qui n&rsquo;est pas le but recherch\u00e9 !<\/span><\/p>\n<figure id=\"attachment_7849\" aria-describedby=\"caption-attachment-7849\" style=\"width: 889px\" class=\"wp-caption aligncenter\"><a href=\"https:\/\/libre-cueillette.net\/wp-content\/uploads\/a20210407_164542.jpg\"><img loading=\"lazy\" decoding=\"async\" class=\"wp-image-7849 size-full\" src=\"https:\/\/libre-cueillette.net\/wp-content\/uploads\/a20210407_164542.jpg\" alt=\"\" width=\"889\" height=\"500\" srcset=\"https:\/\/libre-cueillette.net\/wp-content\/uploads\/a20210407_164542.jpg 889w, https:\/\/libre-cueillette.net\/wp-content\/uploads\/a20210407_164542-300x169.jpg 300w, https:\/\/libre-cueillette.net\/wp-content\/uploads\/a20210407_164542-768x432.jpg 768w\" sizes=\"auto, (max-width: 889px) 100vw, 889px\" \/><\/a><figcaption id=\"caption-attachment-7849\" class=\"wp-caption-text\"><span style=\"color: #000000;\">A la place des pommes de pin ou des galets, ce sont maintenant des bordures en bois qui limitent les parterres.<\/span><\/figcaption><\/figure>\n<p><span style=\"color: #000000;\">Le jardin a un peu perdu sa forme initiale de Mandala, mais ce faisant, il s&rsquo;est bien agrandi. Les framboisiers ont \u00e9t\u00e9 d\u00e9plac\u00e9s en dehors, le long du mur en limite de propri\u00e9t\u00e9, de m\u00eame que les arbres ou arbustes fruitiers qui avaient \u00e9t\u00e9 mis en jauge. Seul demeure un cerisier offert par une r\u00e9sidente et qui, apr\u00e8s des d\u00e9buts difficiles, a aujourd&rsquo;hui belle allure, ainsi qu&rsquo;un m\u00fbrier dont la pr\u00e9sence en ce lieu m&rsquo;inqui\u00e8te. Il est d\u00e9j\u00e0 grand, et si l&rsquo;on tarde, il sera de plus en plus difficile de le d\u00e9placer sans l&rsquo;endommager. Par contre, s&rsquo;il demeure en place, sa disposition \u00e0 l&rsquo;ouest plongera le jardin dans l&rsquo;ombre de sa canop\u00e9e durant une bonne moiti\u00e9 de la journ\u00e9e. Pas tr\u00e8s bon pour les tomates et autres plantes avides de soleil et de chaleur !<\/span><\/p>\n<figure id=\"attachment_7852\" aria-describedby=\"caption-attachment-7852\" style=\"width: 889px\" class=\"wp-caption aligncenter\"><a href=\"https:\/\/libre-cueillette.net\/wp-content\/uploads\/a20210407_164729.jpg\"><img loading=\"lazy\" decoding=\"async\" class=\"wp-image-7852 size-full\" src=\"https:\/\/libre-cueillette.net\/wp-content\/uploads\/a20210407_164729.jpg\" alt=\"\" width=\"889\" height=\"500\" srcset=\"https:\/\/libre-cueillette.net\/wp-content\/uploads\/a20210407_164729.jpg 889w, https:\/\/libre-cueillette.net\/wp-content\/uploads\/a20210407_164729-300x169.jpg 300w, https:\/\/libre-cueillette.net\/wp-content\/uploads\/a20210407_164729-768x432.jpg 768w\" sizes=\"auto, (max-width: 889px) 100vw, 889px\" \/><\/a><figcaption id=\"caption-attachment-7852\" class=\"wp-caption-text\"><span style=\"color: #000000;\">Sonia s\u00e9lectionne un choix de graines pour le jardin du Mandala, en accord avec les r\u00e9sidents.<\/span><\/figcaption><\/figure>\n<p><span style=\"color: #000000;\">C&rsquo;est le moment de semer ! Sonia \u00e9voque la technique ancestrale am\u00e9rindienne de culture dite \u00ab\u00a0des trois s\u0153urs\u00a0\u00bb, ou <strong>milpa<\/strong>, qui r\u00e9unit le ma\u00efs, le haricot et la courge. Le ma\u00efs sert de tuteur au haricot grimpant, la courge, rampante et dot\u00e9e de larges feuilles, limite l&rsquo;\u00e9vaporation de l&rsquo;eau, maintient la fra\u00eecheur et fait office de couvre-sol,\u00a0 freinant la pousse d&rsquo;herbes sauvages. Quant au haricot, il enrichit la terre gr\u00e2ce \u00e0 la symbiose de ses racines avec des bact\u00e9ries qui captent l\u2019azote atmosph\u00e9rique et fabriquent des mol\u00e9cules qui constituent un engrais naturel pour les trois plantes. Ces derni\u00e8res composent encore la nourriture de base des Indiens d&rsquo;Am\u00e9rique centrale et forment \u00e0 elles seules un repas \u00e9quilibr\u00e9, apportant notamment tous les acides amin\u00e9s n\u00e9cessaires \u00e0 l&rsquo;organisme humain.<br \/><\/span><\/p>\n<figure id=\"attachment_7857\" aria-describedby=\"caption-attachment-7857\" style=\"width: 889px\" class=\"wp-caption aligncenter\"><a href=\"https:\/\/libre-cueillette.net\/wp-content\/uploads\/a20210407_165303.jpg\"><img loading=\"lazy\" decoding=\"async\" class=\"wp-image-7857 size-full\" src=\"https:\/\/libre-cueillette.net\/wp-content\/uploads\/a20210407_165303.jpg\" alt=\"\" width=\"889\" height=\"500\" srcset=\"https:\/\/libre-cueillette.net\/wp-content\/uploads\/a20210407_165303.jpg 889w, https:\/\/libre-cueillette.net\/wp-content\/uploads\/a20210407_165303-300x169.jpg 300w, https:\/\/libre-cueillette.net\/wp-content\/uploads\/a20210407_165303-768x432.jpg 768w\" sizes=\"auto, (max-width: 889px) 100vw, 889px\" \/><\/a><figcaption id=\"caption-attachment-7857\" class=\"wp-caption-text\"><span style=\"color: #000000;\">D\u00e9sherbage massif en ce d\u00e9but de printemps sous la houlette de Morgane et d&rsquo;une r\u00e9sidente.<\/span><\/figcaption><\/figure>\n<p><span style=\"color: #000000;\">Un d\u00e9sherbage massif a lieu dans l&rsquo;intervalle entre deux animations Libre Cueillette. Quelque temps plus tard, avec l&rsquo;avanc\u00e9e du printemps, une pullulation de pucerons se manifeste, de m\u00eame que celle de champignons provoquant \u00ab\u00a0la pourriture blanche\u00a0\u00bb ou o\u00efdium. Nous avons un peu de mal \u00e0 faire comprendre la n\u00e9cessit\u00e9 d&rsquo;introduire une plus grande diversit\u00e9 de plantes dans le jardin pour accueillir toute l&rsquo;ann\u00e9e les auxiliaires du jardinier, coccinelles, syrphes, chrysopes, etc. Par exemple l&rsquo;<a href=\"https:\/\/jardinonssolvivant.fr\/prochaine-conference-avec-guylaine-goulfier-le-25-mai-sur-les-limaces-et-loidium\/\" target=\"_blank\" rel=\"noopener\">o\u00efdium<\/a> <span class=\"ILfuVd\"><span class=\"hgKElc\">fait partie du r\u00e9gime alimentaire <\/span><\/span>de la Coccinelle \u00e0 vingt-deux points (<i>Psyllobora vigintiduopunctata<\/i>) et de sa larve, aux \u00e9lytres jaunes ponctu\u00e9es de points noirs. La limace, contrairement aux id\u00e9es re\u00e7ues, est \u00e9galement un pr\u00e9cieux auxiliaire. En effet, l\u2019alimentation des gast\u00e9ropodes est quasi totalement centr\u00e9e sur les champignons: 1) ceux de la d\u00e9composition: ce sont des \u00e9boueurs; 2) les champignons pathog\u00e8nes : ce sont des r\u00e9gulateurs de maladies; 3) les champignons du sol : ce sont des cupidons du sol, des ensemenceurs. <br \/><\/span><\/p>\n<figure id=\"attachment_7898\" aria-describedby=\"caption-attachment-7898\" style=\"width: 889px\" class=\"wp-caption aligncenter\"><a href=\"https:\/\/libre-cueillette.net\/wp-content\/uploads\/a20210407_165314.jpg\"><img loading=\"lazy\" decoding=\"async\" class=\"wp-image-7898 size-full\" src=\"https:\/\/libre-cueillette.net\/wp-content\/uploads\/a20210407_165314.jpg\" alt=\"\" width=\"889\" height=\"500\" srcset=\"https:\/\/libre-cueillette.net\/wp-content\/uploads\/a20210407_165314.jpg 889w, https:\/\/libre-cueillette.net\/wp-content\/uploads\/a20210407_165314-300x169.jpg 300w, https:\/\/libre-cueillette.net\/wp-content\/uploads\/a20210407_165314-768x432.jpg 768w\" sizes=\"auto, (max-width: 889px) 100vw, 889px\" \/><\/a><figcaption id=\"caption-attachment-7898\" class=\"wp-caption-text\"><span style=\"color: #000000;\">Les plants de f\u00e8ves, magnifiques, sem\u00e9s \u00e0 l&rsquo;automne, ont attir\u00e9 la convoitise des pucerons, sans que cela endommage la floraison, d\u00e9j\u00e0 bien avanc\u00e9e, ni la production des gousses.<\/span><\/figcaption><\/figure>\n<p><span style=\"color: #000000;\">Nous montrons aux participants qu&rsquo;un examen plus attentif r\u00e9v\u00e8le que les pucerons qui se multiplient sur les plants de f\u00e8ves ne sont pas de la m\u00eame esp\u00e8ce que ceux qui sont sur les plants de tomates, par exemple, certains sont noirs, d&rsquo;autres verts. J&rsquo;invite les participants \u00e0 lire sur le site de Libre Cueillette, \u00e0 la rubrique Ressources, la <a href=\"https:\/\/libre-cueillette.net\/index.php\/2019\/02\/02\/biodiversite-les-pucerons\/\" target=\"_blank\" rel=\"noopener\">conf\u00e9rence<\/a> de l&rsquo;agronome Herv\u00e9 Cov\u00e8s que j&rsquo;ai retranscrite et qui se rapporte justement aux pucerons. En r\u00e8gle g\u00e9n\u00e9rale, il est pr\u00e9f\u00e9rable de m\u00e9langer des plantes d&rsquo;esp\u00e8ces vari\u00e9es sur les parterres, de fa\u00e7on \u00e0 troubler les \u00ab\u00a0ravageurs\u00a0\u00bb et \u00e9viter une propagation trop facile pour eux d&rsquo;un pied \u00e0 l&rsquo;autre. Toutes ces informations arrivent malheureusement trop tard: une r\u00e9sidente a d\u00e9cid\u00e9 de son propre chef l&rsquo;arrachage des f\u00e8ves (sem\u00e9es par une autre r\u00e9sidente). Elle s&rsquo;appr\u00eate \u00e0 faire de m\u00eame avec des plants de tomates qu&rsquo;elle a mis en terre depuis peu de temps. Une fa\u00e7on un peu radicale de traiter les probl\u00e8mes, sans recherche des causes ! Morgane, l&rsquo;animatrice du service jeunesse, comprend qu&rsquo;il faut prendre des mesures pour assurer une bonne coordination entre les apprentis jardiniers. Une r\u00e9union dans l&rsquo;enceinte de l&rsquo;Amicale est pr\u00e9vue dans les jours qui viennent&#8230;<br \/><\/span><\/p>\n<figure id=\"attachment_7920\" aria-describedby=\"caption-attachment-7920\" style=\"width: 889px\" class=\"wp-caption aligncenter\"><a href=\"https:\/\/libre-cueillette.net\/wp-content\/uploads\/a20210421_160712.jpg\"><img loading=\"lazy\" decoding=\"async\" class=\"wp-image-7920 size-full\" src=\"https:\/\/libre-cueillette.net\/wp-content\/uploads\/a20210421_160712.jpg\" alt=\"\" width=\"889\" height=\"500\" srcset=\"https:\/\/libre-cueillette.net\/wp-content\/uploads\/a20210421_160712.jpg 889w, https:\/\/libre-cueillette.net\/wp-content\/uploads\/a20210421_160712-300x169.jpg 300w, https:\/\/libre-cueillette.net\/wp-content\/uploads\/a20210421_160712-768x432.jpg 768w\" sizes=\"auto, (max-width: 889px) 100vw, 889px\" \/><\/a><figcaption id=\"caption-attachment-7920\" class=\"wp-caption-text\"><span style=\"color: #000000;\">Les fleurs ont leur place dans le potager, pour l&rsquo;esth\u00e9tique et pour attirer auxiliaires et pollinisateurs.<\/span><\/figcaption><\/figure>\n<p>\u00a0<\/p>\n<p>\u00a0<\/p>\n","protected":false},"excerpt":{"rendered":"<p>Gr\u00e2ce \u00e0 deux r\u00e9sidents, le jardin du Mandala s&rsquo;est bien maintenu depuis son inauguration par le maire d&rsquo;Anglet, Claude Olive, un \u00e9v\u00e9nement qui a co\u00efncid\u00e9 avec la fin de la mission de Libre Cueillette aupr\u00e8s du service jeunesse municipal en<\/p>\n","protected":false},"author":1,"featured_media":0,"comment_status":"open","ping_status":"open","sticky":false,"template":"","format":"standard","meta":{"footnotes":""},"categories":[274],"tags":[361],"class_list":["post-7844","post","type-post","status-publish","format-standard","hentry","category-lespes","tag-361"],"_links":{"self":[{"href":"https:\/\/libre-cueillette.net\/index.php\/wp-json\/wp\/v2\/posts\/7844","targetHints":{"allow":["GET"]}}],"collection":[{"href":"https:\/\/libre-cueillette.net\/index.php\/wp-json\/wp\/v2\/posts"}],"about":[{"href":"https:\/\/libre-cueillette.net\/index.php\/wp-json\/wp\/v2\/types\/post"}],"author":[{"embeddable":true,"href":"https:\/\/libre-cueillette.net\/index.php\/wp-json\/wp\/v2\/users\/1"}],"replies":[{"embeddable":true,"href":"https:\/\/libre-cueillette.net\/index.php\/wp-json\/wp\/v2\/comments?post=7844"}],"version-history":[{"count":44,"href":"https:\/\/libre-cueillette.net\/index.php\/wp-json\/wp\/v2\/posts\/7844\/revisions"}],"predecessor-version":[{"id":7950,"href":"https:\/\/libre-cueillette.net\/index.php\/wp-json\/wp\/v2\/posts\/7844\/revisions\/7950"}],"wp:attachment":[{"href":"https:\/\/libre-cueillette.net\/index.php\/wp-json\/wp\/v2\/media?parent=7844"}],"wp:term":[{"taxonomy":"category","embeddable":true,"href":"https:\/\/libre-cueillette.net\/index.php\/wp-json\/wp\/v2\/categories?post=7844"},{"taxonomy":"post_tag","embeddable":true,"href":"https:\/\/libre-cueillette.net\/index.php\/wp-json\/wp\/v2\/tags?post=7844"}],"curies":[{"name":"wp","href":"https:\/\/api.w.org\/{rel}","templated":true}]}}