{"id":824,"date":"2017-02-05T11:37:35","date_gmt":"2017-02-05T10:37:35","guid":{"rendered":"http:\/\/libre-cueillette.net\/?p=824"},"modified":"2018-11-17T12:04:41","modified_gmt":"2018-11-17T11:04:41","slug":"graines-de-liberte-en-fete","status":"publish","type":"post","link":"https:\/\/libre-cueillette.net\/index.php\/2017\/02\/05\/graines-de-liberte-en-fete\/","title":{"rendered":"Graines de Libert\u00e9 en f\u00eate"},"content":{"rendered":"<table style=\"height: 36px;\" width=\"731\">\n<tbody>\n<tr>\n<td style=\"width: 357.5px;\"><img loading=\"lazy\" decoding=\"async\" class=\"size-medium wp-image-828 aligncenter\" src=\"https:\/\/libre-cueillette.net\/wp-content\/uploads\/GDL_programme-190x300.jpg\" alt=\"GDL_programme\" width=\"190\" height=\"300\" srcset=\"https:\/\/libre-cueillette.net\/wp-content\/uploads\/GDL_programme-190x300.jpg 190w, https:\/\/libre-cueillette.net\/wp-content\/uploads\/GDL_programme.jpg 489w\" sizes=\"auto, (max-width: 190px) 100vw, 190px\" \/><\/td>\n<td style=\"width: 357.5px;\"><img loading=\"lazy\" decoding=\"async\" class=\"size-medium wp-image-827 aligncenter\" src=\"https:\/\/libre-cueillette.net\/wp-content\/uploads\/GDLfete4ans-212x300.jpeg\" alt=\"GDLfete4ans\" width=\"212\" height=\"300\" srcset=\"https:\/\/libre-cueillette.net\/wp-content\/uploads\/GDLfete4ans-212x300.jpeg 212w, https:\/\/libre-cueillette.net\/wp-content\/uploads\/GDLfete4ans.jpeg 600w\" sizes=\"auto, (max-width: 212px) 100vw, 212px\" \/><\/td>\n<\/tr>\n<\/tbody>\n<\/table>\n<p style=\"text-align: justify;\"><img loading=\"lazy\" decoding=\"async\" class=\"size-medium wp-image-826 alignleft\" src=\"https:\/\/libre-cueillette.net\/wp-content\/uploads\/graines_liberte_20170204_152440-300x143.jpg\" alt=\"graines_liberte_20170204_152440\" width=\"300\" height=\"143\" srcset=\"https:\/\/libre-cueillette.net\/wp-content\/uploads\/graines_liberte_20170204_152440-300x143.jpg 300w, https:\/\/libre-cueillette.net\/wp-content\/uploads\/graines_liberte_20170204_152440.jpg 600w\" sizes=\"auto, (max-width: 300px) 100vw, 300px\" \/><span style=\"color: #000000;\">De tr\u00e8s bonnes id\u00e9es chez nos voisins et amis \u00ab\u00a0Graines de Libert\u00e9\u00a0\u00bb de Bayonne qui peuvent inspirer de futu<\/span><span style=\"color: #000000;\">res actions de Libre Cueillette. Graines de Libert\u00e9 f\u00eatait samedi 4 f\u00e9vrier ses 4 ans, et profitait de l&rsquo;occasion <\/span><span style=\"color: #000000;\">pour inaugurer son nouveau logo, son <strong><a href=\"http:\/\/www.grainesdeliberte.com\/\" target=\"_blank\" rel=\"noopener\">site internet<\/a><\/strong> et le bureau de l\u2019association. <\/span><\/p>\n<p style=\"text-align: justify;\"><span style=\"color: #000000;\">Un pommier a \u00e9t\u00e9 plant\u00e9 dans le jardin partag\u00e9 devant les r\u00e9sidences Breuer sur l&rsquo;esplanade Jouandin, action accompagn\u00e9e par la chorale de l\u2019Artot\u00e9kant\u00e9 et Ttiki eta handia. L&rsquo;apr\u00e8s-midi, une restitution a \u00e9t\u00e9 faite de l\u2019enqu\u00eate participative r\u00e9alis\u00e9e par Val\u00e9rie Dellafaille Bouchon aupr\u00e8s d\u2019habitants du quartier, d\u2019associations, d\u2019enseignants, d\u2019enfants\u2026 sur les actions r\u00e9alis\u00e9es sur les jardins partag\u00e9s. En pr\u00e9ambule, elle a demand\u00e9 aux personnes pr\u00e9sentes d&rsquo;entrer dans l&rsquo;Artot\u00e9kaf\u00e9 et de choisir sur les deux grandes tables une des photos expos\u00e9es, toutes plus belles les unes que les autres. Elle ont \u00e9t\u00e9 r\u00e9alis\u00e9es par un membre photographe qui a suivi Graines de Libert\u00e9 sur ses diff\u00e9rents terrains d&rsquo;action. La convivialit\u00e9 n&rsquo;\u00e9tait pas oubli\u00e9e, avec un accueil gourmand le matin, un repas musical (sur r\u00e9servation et pour la modique somme de 5\u20ac \u00e0 l&rsquo;Artot\u00e9kaf\u00e9 tenu par une amie de Fabien Nogu\u00e9, l&rsquo;un des animateurs et fondateurs de Graines de Libert\u00e9) et une conclusion en musique gr\u00e2ce \u00e0 un membre m\u00e9lomane. Bien s\u00fbr, tout cela a suppos\u00e9 pas mal de travail en amont pour pr\u00e9parer l&rsquo;organisation et les victuailles.<\/span><\/p>\n<p style=\"text-align: justify;\"><span style=\"color: #000000;\">Fabien Nogu\u00e9 m&rsquo;a parl\u00e9 de deux gros projets en cours : la<\/span> <strong><a href=\"http:\/\/www.grainesdeliberte.com\/2017\/01\/31\/ferme-urbaine-du-concret\/\" target=\"_blank\" rel=\"noopener\">ferme urbaine<\/a><\/strong> <span style=\"color: #000000;\">et la mise en place d&rsquo;une<\/span> <strong><a href=\"http:\/\/www.grainesdeliberte.com\/nos-formations\/\" target=\"_blank\" rel=\"noopener\">formation<\/a><\/strong> <span style=\"color: #000000;\">dans des domaines aussi vari\u00e9s que l\u2019agro\u00e9cologie, la permaculture, l\u2019hortith\u00e9rapie, la pleine conscience ou l\u2019art et nature. Les informations (en lien) figurent sur le site Internet de Graines de Libert\u00e9.<br \/>\n<\/span><\/p>\n<p style=\"text-align: justify;\"><span style=\"color: #000000;\">Cela bouge beaucoup \u00e0 Bayonne ! L&rsquo;association de quartier St Esprit sur le Pont souhaite animer, am\u00e9liorer et pr\u00e9server le cadre de vie des habitants. Deux projets notamment sont en cours : la v\u00e9g\u00e9talisation de la rue Sainte-Catherine et la cr\u00e9ation de jardins partag\u00e9s. Il n&rsquo;y a pas de site Internet, c&rsquo;est une<\/span> <a href=\"https:\/\/www.facebook.com\/Association-St-Esprit-sur-le-Pont-452516498253442\/\" target=\"_blank\" rel=\"noopener\">page Facebook<\/a> <span style=\"color: #000000;\">qui publie les informations.<\/span><\/p>\n","protected":false},"excerpt":{"rendered":"<p>De tr\u00e8s bonnes id\u00e9es chez nos voisins et amis \u00ab\u00a0Graines de Libert\u00e9\u00a0\u00bb de Bayonne qui peuvent inspirer de futures actions de Libre Cueillette. Graines de Libert\u00e9 f\u00eatait samedi 4 f\u00e9vrier ses 4 ans, et profitait de l&rsquo;occasion pour inaugurer son<\/p>\n","protected":false},"author":1,"featured_media":0,"comment_status":"open","ping_status":"open","sticky":false,"template":"","format":"standard","meta":{"footnotes":""},"categories":[62],"tags":[275,170,171,168,169,172],"class_list":["post-824","post","type-post","status-publish","format-standard","hentry","category-ressources","tag-275","tag-ferme-urbaine","tag-formation-en-agroecologie","tag-graines-de-liberte","tag-st-esprit-sur-le-pont","tag-vegetalisation-des-rues"],"_links":{"self":[{"href":"https:\/\/libre-cueillette.net\/index.php\/wp-json\/wp\/v2\/posts\/824","targetHints":{"allow":["GET"]}}],"collection":[{"href":"https:\/\/libre-cueillette.net\/index.php\/wp-json\/wp\/v2\/posts"}],"about":[{"href":"https:\/\/libre-cueillette.net\/index.php\/wp-json\/wp\/v2\/types\/post"}],"author":[{"embeddable":true,"href":"https:\/\/libre-cueillette.net\/index.php\/wp-json\/wp\/v2\/users\/1"}],"replies":[{"embeddable":true,"href":"https:\/\/libre-cueillette.net\/index.php\/wp-json\/wp\/v2\/comments?post=824"}],"version-history":[{"count":5,"href":"https:\/\/libre-cueillette.net\/index.php\/wp-json\/wp\/v2\/posts\/824\/revisions"}],"predecessor-version":[{"id":2533,"href":"https:\/\/libre-cueillette.net\/index.php\/wp-json\/wp\/v2\/posts\/824\/revisions\/2533"}],"wp:attachment":[{"href":"https:\/\/libre-cueillette.net\/index.php\/wp-json\/wp\/v2\/media?parent=824"}],"wp:term":[{"taxonomy":"category","embeddable":true,"href":"https:\/\/libre-cueillette.net\/index.php\/wp-json\/wp\/v2\/categories?post=824"},{"taxonomy":"post_tag","embeddable":true,"href":"https:\/\/libre-cueillette.net\/index.php\/wp-json\/wp\/v2\/tags?post=824"}],"curies":[{"name":"wp","href":"https:\/\/api.w.org\/{rel}","templated":true}]}}