{"id":8803,"date":"2022-02-10T09:51:59","date_gmt":"2022-02-10T08:51:59","guid":{"rendered":"http:\/\/libre-cueillette.net\/?p=8803"},"modified":"2022-02-21T10:59:39","modified_gmt":"2022-02-21T09:59:39","slug":"plessage-au-cpie-seignanx","status":"publish","type":"post","link":"https:\/\/libre-cueillette.net\/index.php\/2022\/02\/10\/plessage-au-cpie-seignanx\/","title":{"rendered":"Plessage au CPIE Seignanx"},"content":{"rendered":"\n<figure id=\"attachment_8836\" aria-describedby=\"caption-attachment-8836\" style=\"width: 1067px\" class=\"wp-caption aligncenter\"><a href=\"https:\/\/libre-cueillette.net\/wp-content\/uploads\/a20220208_172300.jpg\"><img loading=\"lazy\" decoding=\"async\" class=\"wp-image-8836 size-full\" src=\"https:\/\/libre-cueillette.net\/wp-content\/uploads\/a20220208_172300.jpg\" alt=\"\" width=\"1067\" height=\"600\" srcset=\"https:\/\/libre-cueillette.net\/wp-content\/uploads\/a20220208_172300.jpg 1067w, https:\/\/libre-cueillette.net\/wp-content\/uploads\/a20220208_172300-300x169.jpg 300w, https:\/\/libre-cueillette.net\/wp-content\/uploads\/a20220208_172300-1024x576.jpg 1024w, https:\/\/libre-cueillette.net\/wp-content\/uploads\/a20220208_172300-768x432.jpg 768w\" sizes=\"auto, (max-width: 1067px) 100vw, 1067px\" \/><\/a><figcaption id=\"caption-attachment-8836\" class=\"wp-caption-text\"><span style=\"color: #000000;\">Entr\u00e9e du CPIE Seignanx et Adour du c\u00f4t\u00e9 du parking des visiteurs<\/span><\/figcaption><\/figure>\n<p><span style=\"color: #000000;\">Le mardi 8 f\u00e9vrier 2022, une initiation au plessage de haie champ\u00eatre est pr\u00e9vue au programme du CPIE Seignanx et Adour (Centre permanent d&rsquo;initiatives pour l&rsquo;environnement). Le plessage des haies vives, <em>Zerralia<\/em> en basque, est une technique ancestrale d\u00e9crite par Jules C\u00e9sar dans \u00ab<em>La guerre des Gaules<\/em>\u00bb et r\u00e9pertori\u00e9e au Patrimoine Culturel Immat\u00e9riel de France. Ce mode de conduite des haies champ\u00eatres consistant \u00e0 plier et entrelacer selon un principe particulier des v\u00e9g\u00e9taux vivants \u00e9tait utilis\u00e9 pour sa grande efficacit\u00e9 dans un but d\u00e9fensif ainsi que pour le parcage des animaux. Jadis tr\u00e8s r\u00e9pandu, cette pratique ne subsiste aujourd\u2019hui dans le sud-ouest de la France que dans certaines zones tr\u00e8s localis\u00e9es des Pyr\u00e9n\u00e9es (par exemple \u00e0 l&rsquo;int\u00e9rieur du Pays basque et du B\u00e9arn). Tr\u00e8s esth\u00e9tiques, ces cl\u00f4tures vivantes, refuges des auxiliaires de culture et de la faune sauvage en g\u00e9n\u00e9ral, remplaceront les grillages et fils barbel\u00e9s pour apporter une note de rusticit\u00e9 et d&rsquo;authenticit\u00e9 aux paysages ruraux et espaces d\u2019accueil du public. Bien conduites, elles produiront de fa\u00e7on durable une formidable biomasse ligneuse (bois de chauffage, BRF et fourrage) ainsi que les ressources mellif\u00e8res indispensables aux pollinisateurs, dont l\u2019embl\u00e9matique Abeille domestique. (Texte de pr\u00e9sentation de Jaime Jimenez &#8211; Paysage de Mares Haies d&rsquo;Arbres)\u00a0<br \/><\/span><\/p>\n<figure id=\"attachment_8838\" aria-describedby=\"caption-attachment-8838\" style=\"width: 1067px\" class=\"wp-caption aligncenter\"><a href=\"https:\/\/libre-cueillette.net\/wp-content\/uploads\/a20220208_094247.jpg\"><img loading=\"lazy\" decoding=\"async\" class=\"wp-image-8838 size-full\" src=\"https:\/\/libre-cueillette.net\/wp-content\/uploads\/a20220208_094247.jpg\" alt=\"\" width=\"1067\" height=\"600\" srcset=\"https:\/\/libre-cueillette.net\/wp-content\/uploads\/a20220208_094247.jpg 1067w, https:\/\/libre-cueillette.net\/wp-content\/uploads\/a20220208_094247-300x169.jpg 300w, https:\/\/libre-cueillette.net\/wp-content\/uploads\/a20220208_094247-1024x576.jpg 1024w, https:\/\/libre-cueillette.net\/wp-content\/uploads\/a20220208_094247-768x432.jpg 768w\" sizes=\"auto, (max-width: 1067px) 100vw, 1067px\" \/><\/a><figcaption id=\"caption-attachment-8838\" class=\"wp-caption-text\"><span style=\"color: #000000;\">Joli cadeau au CPIE confectionn\u00e9 par une participante: vannerie en jonc.<\/span><\/figcaption><\/figure>\n<p><span style=\"color: #000000;\">C&rsquo;est <\/span> <span style=\"color: #000000;\"><a href=\"https:\/\/drive.google.com\/file\/d\/1__I4EyWlEZQKcouQpdmtCiwf9ZXq4HtJ\/view\" target=\"_blank\" rel=\"noopener\">Jaime Jimenez<\/a> qui sera notre guide pour cette journ\u00e9e enti\u00e8re d\u2019initiation. C&rsquo;est un homme modeste dont nous sentons la comp\u00e9tence sans qu&rsquo;il ait besoin d&rsquo;en faire \u00e9talage. Je d\u00e9couvrirai plus tard qu&rsquo;il est \u00e0 la t\u00eate d&rsquo;une entreprise \u00e0 but non lucratif d\u2019assistance technique pour la gestion et l&rsquo;am\u00e9nagement des espaces ruraux \u00ab\u00a0<em>Paysage de Mares Haies d&rsquo;Arbres<\/em>\u00a0\u00bb bas\u00e9e \u00e0 Arrast \u2013 Larrebieu. Il est prescripteur BCAE7, ce qui signifie qu&rsquo;il est agr\u00e9ment\u00e9 pour les expertises en vue du d\u00e9placement de haies pour de meilleures Conditions Agricoles et Environnementales dans le cadre du maintien des particularit\u00e9s topographiques. Il est aussi prestataire de formations, op\u00e9rateur agroforestier, membre de l&rsquo;<a href=\"http:\/\/www.afac-agroforesteries.fr\" target=\"_blank\" rel=\"noopener\">AFAC-agroforesteries<\/a> et r\u00e9f\u00e9rent agro-\u00e9cologie et biodiversit\u00e9 de l&rsquo;association <a href=\"https:\/\/www.facebook.com\/Arbre-et-Agriculture-en-Aquitaine-115740733146999\/\" target=\"_blank\" rel=\"noopener\">Arbre et Agriculture en Aquitaine<\/a>.<\/span><\/p>\n<figure id=\"attachment_8844\" aria-describedby=\"caption-attachment-8844\" style=\"width: 1067px\" class=\"wp-caption aligncenter\"><a href=\"https:\/\/libre-cueillette.net\/wp-content\/uploads\/a20220208_100123.jpg\"><img loading=\"lazy\" decoding=\"async\" class=\"wp-image-8844 size-full\" src=\"https:\/\/libre-cueillette.net\/wp-content\/uploads\/a20220208_100123.jpg\" alt=\"\" width=\"1067\" height=\"600\" srcset=\"https:\/\/libre-cueillette.net\/wp-content\/uploads\/a20220208_100123.jpg 1067w, https:\/\/libre-cueillette.net\/wp-content\/uploads\/a20220208_100123-300x169.jpg 300w, https:\/\/libre-cueillette.net\/wp-content\/uploads\/a20220208_100123-1024x576.jpg 1024w, https:\/\/libre-cueillette.net\/wp-content\/uploads\/a20220208_100123-768x432.jpg 768w\" sizes=\"auto, (max-width: 1067px) 100vw, 1067px\" \/><\/a><figcaption id=\"caption-attachment-8844\" class=\"wp-caption-text\"><span style=\"color: #000000;\">Jaime Jimenez nous explique en quoi consiste le plessage des arbres d&rsquo;une haie.<\/span><\/figcaption><\/figure>\n<p><span style=\"color: #000000;\">Parmi ses nombreuses qualifications, je rel\u00e8ve aussi qu&rsquo;il est arboriste grimpeur, moniteur de taille du Prunier d&rsquo;Ente (celui qui donne les fameux pruneaux d&rsquo;Agen). Il est form\u00e9 en \u00e9thologie, fin connaisseur des blaireaux, des batraciens, de la faune cavernicole et cavicole inf\u00e9od\u00e9e aux vieux arbres creux. Il a particip\u00e9 pour le CELRL &#8211; LPO (Conservatoire du littoral &#8211; Ligue de protection des oiseaux) et CEN (Conservatoire des espaces naturels) \u00e0 des suivis et programmes de marquage de rapaces migrateurs et il a proc\u00e9d\u00e9 pour l\u2019ONF (Office national des for\u00eats) \u00e0 des inventaires naturalistes et caract\u00e9risation d\u2019habitats. Charg\u00e9 d&rsquo;\u00e9tude durant deux ans au parc naturel r\u00e9gional des boucles de la Seine, il a \u0153uvr\u00e9 \u00e0 la restauration des alignements d\u2019arbres t\u00eatards sur 17000 hectares.<br \/><\/span><\/p>\n<figure id=\"attachment_8843\" aria-describedby=\"caption-attachment-8843\" style=\"width: 1067px\" class=\"wp-caption aligncenter\"><a href=\"https:\/\/libre-cueillette.net\/wp-content\/uploads\/a20220208_095614.jpg\"><img loading=\"lazy\" decoding=\"async\" class=\"wp-image-8843 size-full\" src=\"https:\/\/libre-cueillette.net\/wp-content\/uploads\/a20220208_095614.jpg\" alt=\"\" width=\"1067\" height=\"600\" srcset=\"https:\/\/libre-cueillette.net\/wp-content\/uploads\/a20220208_095614.jpg 1067w, https:\/\/libre-cueillette.net\/wp-content\/uploads\/a20220208_095614-300x169.jpg 300w, https:\/\/libre-cueillette.net\/wp-content\/uploads\/a20220208_095614-1024x576.jpg 1024w, https:\/\/libre-cueillette.net\/wp-content\/uploads\/a20220208_095614-768x432.jpg 768w\" sizes=\"auto, (max-width: 1067px) 100vw, 1067px\" \/><\/a><figcaption id=\"caption-attachment-8843\" class=\"wp-caption-text\"><span style=\"color: #000000;\">Un potager p\u00e9dagogique plong\u00e9 dans l&rsquo;ombre d&rsquo;une haie trop fournie.<\/span><\/figcaption><\/figure>\n<p><span style=\"color: #000000;\">Avec Beno\u00eet, animateur Nature et technicien des espaces verts du CPIE, Jaime explore le domaine pour d\u00e9terminer le lieu le plus appropri\u00e9 pour cette journ\u00e9e d&rsquo;initiation au plessage. Jeanette Breton, botaniste, animatrice &amp; formatrice Environnement et D\u00e9veloppement durable, vient les rejoindre et leur propose que l&rsquo;activit\u00e9 se d\u00e9roule dans un lieu qui n\u00e9cessite un \u00e9claircissement. Une haie d&rsquo;arbustes entoure un petit potager p\u00e9dagogique dont chaque parterre est consacr\u00e9 \u00e0 une famille v\u00e9g\u00e9tale. Plant\u00e9s depuis quelques ann\u00e9es, les arbres ont pris beaucoup d&rsquo;ampleur et ils plongent la clairi\u00e8re dans l&rsquo;ombre durant une grande partie de la journ\u00e9e \u00e0 la belle saison. Manquant d&rsquo;ensoleillement, les l\u00e9gumes n&rsquo;arrivent pas \u00e0 pousser ! <\/span><\/p>\n<figure id=\"attachment_8849\" aria-describedby=\"caption-attachment-8849\" style=\"width: 682px\" class=\"wp-caption aligncenter\"><a href=\"https:\/\/libre-cueillette.net\/wp-content\/uploads\/a20220208_103422b.jpg\"><img loading=\"lazy\" decoding=\"async\" class=\"wp-image-8849 size-full\" src=\"https:\/\/libre-cueillette.net\/wp-content\/uploads\/a20220208_103422b.jpg\" alt=\"\" width=\"682\" height=\"600\" srcset=\"https:\/\/libre-cueillette.net\/wp-content\/uploads\/a20220208_103422b.jpg 682w, https:\/\/libre-cueillette.net\/wp-content\/uploads\/a20220208_103422b-300x264.jpg 300w\" sizes=\"auto, (max-width: 682px) 100vw, 682px\" \/><\/a><figcaption id=\"caption-attachment-8849\" class=\"wp-caption-text\"><span style=\"color: #000000;\">\u00ab\u00a0L&rsquo;homme est la mesure de toute chose\u00a0\u00bb, H\u00e9raclite<\/span><\/figcaption><\/figure>\n<p><span style=\"color: #000000;\">A la suite de Jeanette, tout le groupe se rend sur place et Jaime examine d&rsquo;un \u0153il critique les essences d&rsquo;arbres avec les deux animateurs. Rapidement, la d\u00e9cision est prise de supprimer d&#8217;embl\u00e9e tous ceux qui appartiennent \u00e0 une esp\u00e8ce invasive. Dans la haie, c&rsquo;est surtout le tro\u00e8ne du Japon (<em>Ligustrum ovalifolium<\/em>) qui est vis\u00e9. Le ch\u00eane rouge d&rsquo;Am\u00e9rique, introduit en Europe \u00e0 partir de 1724, est sem\u00e9 par des animaux et il se r\u00e9pand insidieusement dans les campagnes: il doit \u00e9galement \u00eatre extirp\u00e9 de la haie. A proximit\u00e9 du potager, nous admirons les pompons jaunes d&rsquo;un mimosa en fleurs dont la fragrance se r\u00e9pand \u00e0 des m\u00e8tres \u00e0 la ronde. De la famille des Mimosaceae, il s&rsquo;agit de l&rsquo;<em>Acacia dealbata<\/em>, originaire de Tasmanie, au sud de l\u2019Australie, qui fut introduit en Angleterre en 1818 et sur la c\u00f4te d&rsquo;Azur \u00e0 partir du XIXe si\u00e8cle. La douceur du climat et l&rsquo;absence de grands gels a convenu \u00e0 cette esp\u00e8ce qui est devenue invasive dans tout le sud de la France. Enfin, le laurier sauce, une esp\u00e8ce m\u00e9diterran\u00e9enne, se trouve un peu trop bien au Pays basque o\u00f9 il est aussi consid\u00e9r\u00e9 comme invasif, sans v\u00e9ritablement figurer sur les listes nationales de mise \u00e0 l&rsquo;index. <\/span><\/p>\n<figure id=\"attachment_8850\" aria-describedby=\"caption-attachment-8850\" style=\"width: 681px\" class=\"wp-caption aligncenter\"><a href=\"https:\/\/libre-cueillette.net\/wp-content\/uploads\/a20220208_103619b.jpg\"><img loading=\"lazy\" decoding=\"async\" class=\"wp-image-8850 size-full\" src=\"https:\/\/libre-cueillette.net\/wp-content\/uploads\/a20220208_103619b.jpg\" alt=\"\" width=\"681\" height=\"600\" srcset=\"https:\/\/libre-cueillette.net\/wp-content\/uploads\/a20220208_103619b.jpg 681w, https:\/\/libre-cueillette.net\/wp-content\/uploads\/a20220208_103619b-300x264.jpg 300w\" sizes=\"auto, (max-width: 681px) 100vw, 681px\" \/><\/a><figcaption id=\"caption-attachment-8850\" class=\"wp-caption-text\"><span style=\"color: #000000;\">Retrouver les gestes anciens: on scie un peu d&rsquo;un c\u00f4t\u00e9, un peu de l&rsquo;autre, on appuie dessus et hop ! le piquet se casse.<\/span><\/figcaption><\/figure>\n<p><span style=\"color: #000000;\">Si l&rsquo;on se contente de scier \u00e0 ras de terre un laurier sauce ou un tro\u00e8ne du Japon, celui-ci n&rsquo;aura de cesse de repartir de la base, ou m\u00eame des racines. Pour \u00e9viter un nouvel envahissement, Jaime pr\u00e9conise d&rsquo;\u00e9corcer le tronc sur son pourtour sous la forme d&rsquo;un anneau (annelage), cette action \u00e9tant plus efficace si l&rsquo;arbre est conserv\u00e9 en entier. En effet, elle induit la suppression de l&rsquo;aubier o\u00f9 circule la s\u00e8ve \u00e9labor\u00e9e. Comme le dit une participante, nous \u00ab\u00a0r\u00e2pons des zestes de tro\u00e8ne\u00a0\u00bb (ou de laurier). N&rsquo;\u00e9tant plus aliment\u00e9es par les parties a\u00e9riennes, les racines finiront par d\u00e9p\u00e9rir. &#8211; Pour les besoins du plessage p\u00e9dagogique, plusieurs arbres seront toutefois sci\u00e9s \u00e0 ras de terre et deux ou trois, conserv\u00e9s comme piquets, seront \u00e9corc\u00e9s au-dessus du pied. &#8211; <\/span><span style=\"color: #000000;\">Parmi les rescap\u00e9s de cette s\u00e9lection drastique se trouvent le cornouiller sanguin, un jeune ch\u00e2taignier, du ch\u00eane p\u00e9doncul\u00e9, un pommier sauvage brout\u00e9 par un chevreuil (<i>Malus sylvestris: ce<\/i> n&rsquo;est pas l&rsquo;anc\u00eatre du pommier domestique<i>, Malus domestica<\/i>, qui vient principalement d\u2019une esp\u00e8ce d\u2019Asie centrale, <i>Malus sieversii)<\/i>. Le noisetier est bien s\u00fbr aussi conserv\u00e9. Comme il pousse en c\u00e9p\u00e9es (plusieurs brins partent de la souche), il suffira pour chaque pied de s\u00e9lectionner le brin (tronc) le mieux plac\u00e9, les autres \u00e9tant supprim\u00e9s. Quant au saule dor\u00e9 (<em>Salix alba var. \u00ab\u00a0vitellina\u00a0\u00bb<\/em>), \u00e9galement pr\u00e9sent dans la haie, il s&rsquo;agit d&rsquo;un arbre dont les jeunes rameaux, tr\u00e8s souples, \u00e9taient anciennement utilis\u00e9s pour attacher la vigne, lier des fagots ou des boudins, et ils \u00e9taient tr\u00e8s employ\u00e9s en vannerie. <br \/><\/span><\/p>\n<figure id=\"attachment_8851\" aria-describedby=\"caption-attachment-8851\" style=\"width: 682px\" class=\"wp-caption aligncenter\"><a href=\"https:\/\/libre-cueillette.net\/wp-content\/uploads\/a20220208_103911b.jpg\"><img loading=\"lazy\" decoding=\"async\" class=\"wp-image-8851 size-full\" src=\"https:\/\/libre-cueillette.net\/wp-content\/uploads\/a20220208_103911b.jpg\" alt=\"\" width=\"682\" height=\"600\" srcset=\"https:\/\/libre-cueillette.net\/wp-content\/uploads\/a20220208_103911b.jpg 682w, https:\/\/libre-cueillette.net\/wp-content\/uploads\/a20220208_103911b-300x264.jpg 300w\" sizes=\"auto, (max-width: 682px) 100vw, 682px\" \/><\/a><figcaption id=\"caption-attachment-8851\" class=\"wp-caption-text\"><span style=\"color: #000000;\">Deux positions possibles pour tailler en pointe le piquet \u00e0 la serpe.<\/span><\/figcaption><\/figure>\n<p><span style=\"color: #000000;\">La confection de plessis (le plessage) doit se faire imp\u00e9rativement hors de la p\u00e9riode de nidification des oiseaux, car les merles, par exemple, d\u00e9marrent tr\u00e8s t\u00f4t la construction des nids. Mais la saison froide est aussi une p\u00e9riode d&rsquo;hivernage o\u00f9 certains animaux se r\u00e9fugient dans les abris. Ce peut \u00eatre des tas de bois, des buissons touffus, des ronciers ou des pierres. Il est pr\u00e9f\u00e9rable de veiller \u00e0 ne pas d\u00e9truire ni supprimer ces lieux \u00e0 cette p\u00e9riode. Quant au mois d&rsquo;ao\u00fbt, une p\u00e9riode qui pourrait ne pas g\u00eaner les v\u00e9g\u00e9taux et les oiseaux, ce sont les insectes et les araign\u00e9es qui seraient alors d\u00e9rang\u00e9s par la destruction de leur lieu de vie et de nourrissage. Ainsi, Jaime indique que la p\u00e9riode de plessage la moins impactante pour la faune et la flore serait \u00e0 partir de la mi-octobre et jusqu&rsquo;\u00e0 la fin f\u00e9vrier au maximum, en prenant garde aux lieux d&rsquo;hivernage. <br \/><\/span><\/p>\n<figure id=\"attachment_8868\" aria-describedby=\"caption-attachment-8868\" style=\"width: 926px\" class=\"wp-caption aligncenter\"><a href=\"https:\/\/libre-cueillette.net\/wp-content\/uploads\/a20220208_152702.jpg\"><img loading=\"lazy\" decoding=\"async\" class=\"wp-image-8868 size-full\" src=\"https:\/\/libre-cueillette.net\/wp-content\/uploads\/a20220208_152702.jpg\" alt=\"\" width=\"926\" height=\"600\" srcset=\"https:\/\/libre-cueillette.net\/wp-content\/uploads\/a20220208_152702.jpg 926w, https:\/\/libre-cueillette.net\/wp-content\/uploads\/a20220208_152702-300x194.jpg 300w, https:\/\/libre-cueillette.net\/wp-content\/uploads\/a20220208_152702-768x498.jpg 768w\" sizes=\"auto, (max-width: 926px) 100vw, 926px\" \/><\/a><figcaption id=\"caption-attachment-8868\" class=\"wp-caption-text\"><span style=\"color: #000000;\">Toute la journ\u00e9e, nous entendons les grues qui \u00ab\u00a0devisent\u00a0\u00bb en p\u00e2turant dans les barthes de l&rsquo;Adour \u00e0 proximit\u00e9 du CPIE. Un vol passe le matin au-dessus du centre.<\/span><\/figcaption><\/figure>\n<p><span style=\"color: #000000;\">Quels outils utiliser ? La tron\u00e7onneuse (pour une c\u00e9p\u00e9e tr\u00e8s fournie de noisetier ou de saule), la barre \u00e0 mine (pour creuser les trous o\u00f9 seront enfonc\u00e9s les piquets), la masse (pour faire p\u00e9n\u00e9trer les piquets plus profond\u00e9ment dans le sol), la serpe (pour tailler les arbres et les piquets), la scie japonaise (pour couper les piquets, \u00f4ter les chicots), des lunettes de s\u00e9curit\u00e9 (grillag\u00e9es), des gants et des chaussures de s\u00e9curit\u00e9, des s\u00e9cateurs, des housses pour conserver les outils en bon \u00e9tat et les porter suspendus \u00e0 la ceinture \u00e0 port\u00e9e de main. Jaime a \u00e9t\u00e9 bless\u00e9 plusieurs fois et il a d\u00fb se faire recoudre le blanc de l\u2019\u0153il fendu par le jet d&rsquo;une \u00e9charde. Il est donc tr\u00e8s sensibilis\u00e9 au risque et veille consciencieusement \u00e0 nous pr\u00e9venir et contr\u00f4ler nos gestes maladroits de n\u00e9ophytes.<br \/><\/span><\/p>\n<figure id=\"attachment_8872\" aria-describedby=\"caption-attachment-8872\" style=\"width: 1067px\" class=\"wp-caption aligncenter\"><a href=\"https:\/\/libre-cueillette.net\/wp-content\/uploads\/a20220208_105358.jpg\"><img loading=\"lazy\" decoding=\"async\" class=\"wp-image-8872 size-full\" src=\"https:\/\/libre-cueillette.net\/wp-content\/uploads\/a20220208_105358.jpg\" alt=\"\" width=\"1067\" height=\"600\" srcset=\"https:\/\/libre-cueillette.net\/wp-content\/uploads\/a20220208_105358.jpg 1067w, https:\/\/libre-cueillette.net\/wp-content\/uploads\/a20220208_105358-300x169.jpg 300w, https:\/\/libre-cueillette.net\/wp-content\/uploads\/a20220208_105358-1024x576.jpg 1024w, https:\/\/libre-cueillette.net\/wp-content\/uploads\/a20220208_105358-768x432.jpg 768w\" sizes=\"auto, (max-width: 1067px) 100vw, 1067px\" \/><\/a><figcaption id=\"caption-attachment-8872\" class=\"wp-caption-text\"><span style=\"color: #000000;\">Tailler un piquet en pointe n\u00e9cessite une grande force, une bonne pr\u00e9cision dans l&rsquo;angle d&rsquo;attaque et une lame bien affut\u00e9e.<\/span><\/figcaption><\/figure>\n<p><span style=\"color: #000000;\">Jaime nous explique que, suivant leur emplacement, une partie des troncs servira de piquets, tandis que les autres troncs seront pless\u00e9s en les faufilant entre eux. Lorsque l&rsquo;espace est trop important entre deux arbres \u00e0 plesser, on plante un piquet apr\u00e8s avoir creus\u00e9 un trou \u00e0 l&rsquo;aide d&rsquo;une barre \u00e0 mine, car la pointe du piquet risquerait de s&rsquo;\u00e9mousser dans un sol dur ou sur les pierres qu&rsquo;il contient. Ensuite, on continue \u00e0 alterner le plessage, dans un sens puis dans l&rsquo;autre, de fa\u00e7on \u00e0 maintenir chaque piquet bien vertical par une pression \u00e9quilibr\u00e9e dans les deux sens. La progression est lente, car il faut \u00e0 chaque fois d\u00e9cider si on supprime un arbre mal plac\u00e9, si on choisit d&rsquo;utiliser un arbre vivant comme piquet et quel brin (tronc) sera conserv\u00e9 dans une c\u00e9p\u00e9e pour \u00eatre pless\u00e9. A la fin, il ne restera plus grand chose de la haie initiale !<br \/><\/span><\/p>\n<figure id=\"attachment_8873\" aria-describedby=\"caption-attachment-8873\" style=\"width: 1067px\" class=\"wp-caption aligncenter\"><a href=\"https:\/\/libre-cueillette.net\/wp-content\/uploads\/a20220208_105710.jpg\"><img loading=\"lazy\" decoding=\"async\" class=\"wp-image-8873 size-full\" src=\"https:\/\/libre-cueillette.net\/wp-content\/uploads\/a20220208_105710.jpg\" alt=\"\" width=\"1067\" height=\"600\" srcset=\"https:\/\/libre-cueillette.net\/wp-content\/uploads\/a20220208_105710.jpg 1067w, https:\/\/libre-cueillette.net\/wp-content\/uploads\/a20220208_105710-300x169.jpg 300w, https:\/\/libre-cueillette.net\/wp-content\/uploads\/a20220208_105710-1024x576.jpg 1024w, https:\/\/libre-cueillette.net\/wp-content\/uploads\/a20220208_105710-768x432.jpg 768w\" sizes=\"auto, (max-width: 1067px) 100vw, 1067px\" \/><\/a><figcaption id=\"caption-attachment-8873\" class=\"wp-caption-text\"><span style=\"color: #000000;\">L&rsquo;entr\u00e9e du potager a \u00e9t\u00e9 d\u00e9plac\u00e9e vers la gauche et des piquets plant\u00e9s dans l&rsquo;espace vacant.<\/span><\/figcaption><\/figure>\n<p><span style=\"color: #000000;\">Il faut plesser en maintenant les arbres sur une pente minimale de 30 degr\u00e9s au-dessus de l&rsquo;horizontale, extr\u00e9mit\u00e9 toujours vers le haut. On prendra garde \u00e0 ne pas trop serrer les troncs de fa\u00e7on \u00e0 ce que les arbres du bas de la cl\u00f4ture ne d\u00e9p\u00e9rissent pas. Les espaces trop importants pourront \u00eatre combl\u00e9s \u00e0 la fin avec du bois mort, issu par exemple d&rsquo;une c\u00e9p\u00e9e de noisetier dont on n&rsquo;aura gard\u00e9 que deux brins (troncs), l&rsquo;un pless\u00e9 vers l&rsquo;avant et l&rsquo;autre vers l&rsquo;arri\u00e8re. Jaime nous dit qu&rsquo;il a vu d&rsquo;anciennes haies pless\u00e9es dont les troncs devenus \u00e9normes, plus d&rsquo;un m\u00e8tre de diam\u00e8tre, avaient form\u00e9 avec le temps de v\u00e9ritables murs v\u00e9g\u00e9taux ! <\/span><\/p>\n<figure id=\"attachment_8874\" aria-describedby=\"caption-attachment-8874\" style=\"width: 1067px\" class=\"wp-caption aligncenter\"><a href=\"https:\/\/libre-cueillette.net\/wp-content\/uploads\/a20220208_110008.jpg\"><img loading=\"lazy\" decoding=\"async\" class=\"wp-image-8874 size-full\" src=\"https:\/\/libre-cueillette.net\/wp-content\/uploads\/a20220208_110008.jpg\" alt=\"\" width=\"1067\" height=\"600\" srcset=\"https:\/\/libre-cueillette.net\/wp-content\/uploads\/a20220208_110008.jpg 1067w, https:\/\/libre-cueillette.net\/wp-content\/uploads\/a20220208_110008-300x169.jpg 300w, https:\/\/libre-cueillette.net\/wp-content\/uploads\/a20220208_110008-1024x576.jpg 1024w, https:\/\/libre-cueillette.net\/wp-content\/uploads\/a20220208_110008-768x432.jpg 768w\" sizes=\"auto, (max-width: 1067px) 100vw, 1067px\" \/><\/a><figcaption id=\"caption-attachment-8874\" class=\"wp-caption-text\"><span style=\"color: #000000;\">L&rsquo;arbre a \u00e9t\u00e9 fendu car il manquait de souplesse. Le chicot reste en place tant que l&rsquo;arbre n&rsquo;est pas pench\u00e9 \u00e0 sa place d\u00e9finitive, puis il est sci\u00e9 net \u00e0 ras de terre.<\/span><\/figcaption><\/figure>\n<p><span style=\"color: #000000;\">Par ailleurs, il nous rappelle que ces cl\u00f4tures vivantes ont \u00e9t\u00e9 con\u00e7ues \u00e0 l&rsquo;origine, bien avant l&rsquo;invention du fil de fer barbel\u00e9, pour \u00e9viter que le b\u00e9tail ne s&rsquo;\u00e9chappe du pr\u00e9. Les interstices devaient \u00eatre calcul\u00e9s en fonction de la taille d&rsquo;une brebis ou d&rsquo;une vache. Ces arbres \u00e9taient aussi une source de diversification alimentaire: comme nous, le b\u00e9tail aime varier les plaisirs de la table et appr\u00e9cie d&rsquo;avoir des feuilles et des rameaux \u00e0 brouter, en alternance avec l&rsquo;herbe. Les essences \u00e9taient bien s\u00fbr locales, le plessis \u00e9tait soigneusement confectionn\u00e9 pour \u00e9viter sa d\u00e9t\u00e9rioration lors d&rsquo;un arrachage un peu brusque de branchages ou par une corne malencontreusement coinc\u00e9e, que l&rsquo;animal d\u00e9gage d&rsquo;un coup de t\u00eate. C&rsquo;\u00e9tait aussi un abri, une zone d&rsquo;ombre o\u00f9 se reposer, o\u00f9 croissait une herbe diff\u00e9rente, un lieu plus humide&#8230; Jaime travaille justement avec les \u00e9leveurs pour les aider \u00e0 restaurer ce paysage de bocage et extirper progressivement les barbel\u00e9s des espaces agricoles.<br \/><\/span><\/p>\n<figure id=\"attachment_8877\" aria-describedby=\"caption-attachment-8877\" style=\"width: 682px\" class=\"wp-caption aligncenter\"><a href=\"https:\/\/libre-cueillette.net\/wp-content\/uploads\/a20220208_110025b.jpg\"><img loading=\"lazy\" decoding=\"async\" class=\"wp-image-8877 size-full\" src=\"https:\/\/libre-cueillette.net\/wp-content\/uploads\/a20220208_110025b.jpg\" alt=\"\" width=\"682\" height=\"600\" srcset=\"https:\/\/libre-cueillette.net\/wp-content\/uploads\/a20220208_110025b.jpg 682w, https:\/\/libre-cueillette.net\/wp-content\/uploads\/a20220208_110025b-300x264.jpg 300w\" sizes=\"auto, (max-width: 682px) 100vw, 682px\" \/><\/a><figcaption id=\"caption-attachment-8877\" class=\"wp-caption-text\"><span style=\"color: #000000;\">Op\u00e9ration d\u00e9licate: tirer sur l&rsquo;arbre sans le casser. Sciage du chicot.<br \/><\/span><\/figcaption><\/figure>\n<p><span style=\"color: #000000;\">Il nous montre comment courber les arbres sans interrompre le passage de la s\u00e8ve dans les vaisseaux. On les passe alternativement devant et derri\u00e8re les piquets espac\u00e9s d&rsquo;environ 50 centim\u00e8tres, soit une coud\u00e9e : il place le coude contre un arbre et il rabat son bras devant lui en fermant le poing: sa main doit contenir le piquet ou l&rsquo;arbre qui en fait office. <\/span><span style=\"color: #000000;\">Les arbres ne sont pas toujours assez souples pour se pencher \u00e0 30 degr\u00e9s au-dessus de l&rsquo;horizontale, surtout si leur tronc d\u00e9passe un certain diam\u00e8tre. Il faut alors entailler \u00e0 la serpe la base, quasiment jusqu&rsquo;au c\u0153ur du tronc, en frappant bien perpendiculairement \u00e0 la direction du plessage. Le r\u00e9sultat est impressionnant ! Personnes sensibles s&rsquo;abstenir ! Jaime explique que l&rsquo;\u00e9norme blessure sera peu \u00e0 peu\u00a0recouverte au fur et \u00e0 mesure de l&rsquo;accroissement\u00a0du diam\u00e8tre de l&rsquo;arbre pour enfin totalement dispara\u00eetre sous le bourrelet de recouvrement.<br \/><\/span><\/p>\n<figure id=\"attachment_8880\" aria-describedby=\"caption-attachment-8880\" style=\"width: 1067px\" class=\"wp-caption aligncenter\"><a href=\"https:\/\/libre-cueillette.net\/wp-content\/uploads\/a20220208_111132.jpg\"><img loading=\"lazy\" decoding=\"async\" class=\"wp-image-8880 size-full\" src=\"https:\/\/libre-cueillette.net\/wp-content\/uploads\/a20220208_111132.jpg\" alt=\"\" width=\"1067\" height=\"600\" srcset=\"https:\/\/libre-cueillette.net\/wp-content\/uploads\/a20220208_111132.jpg 1067w, https:\/\/libre-cueillette.net\/wp-content\/uploads\/a20220208_111132-300x169.jpg 300w, https:\/\/libre-cueillette.net\/wp-content\/uploads\/a20220208_111132-1024x576.jpg 1024w, https:\/\/libre-cueillette.net\/wp-content\/uploads\/a20220208_111132-768x432.jpg 768w\" sizes=\"auto, (max-width: 1067px) 100vw, 1067px\" \/><\/a><figcaption id=\"caption-attachment-8880\" class=\"wp-caption-text\"><span style=\"color: #000000;\">Veiller \u00e0 maintenir un angle de 30 degr\u00e9s.<\/span><\/figcaption><\/figure>\n<p><span style=\"color: #000000;\">C&rsquo;est assez physique, ce sont donc les hommes qui s&rsquo;attellent en premier \u00e0 l&rsquo;apprentissage du plessage, les femmes se cantonnant \u00e0 la taille en pointe des piquets. A la fin, les deux plus jeunes participantes s&rsquo;y essaieront \u00e9galement. Jaime corrige les gestes qui risquent d&rsquo;entra\u00eener la cassure de l&rsquo;arbre. Il ne faut pas le faire pencher en courbant la pointe, mais au contraire caler le pied contre l&rsquo;entaille \u00e0 la base du tronc et appuyer fortement dessus pendant que les participants tirent sur l&rsquo;arbre comme pour l&rsquo;allonger tout en le faisant passer de part et d&rsquo;autre des piquets sur toute sa longueur. Quand il a atteint la bonne position, il faut scier le chicot pour assurer un meilleur recouvrement de l&rsquo;entaille par le bourrelet. La coupure doit \u00eatre la plus nette et lisse possible. <\/span><\/p>\n<figure id=\"attachment_8881\" aria-describedby=\"caption-attachment-8881\" style=\"width: 684px\" class=\"wp-caption aligncenter\"><a href=\"https:\/\/libre-cueillette.net\/wp-content\/uploads\/a20220208_111551b.jpg\"><img loading=\"lazy\" decoding=\"async\" class=\"wp-image-8881 size-full\" src=\"https:\/\/libre-cueillette.net\/wp-content\/uploads\/a20220208_111551b.jpg\" alt=\"\" width=\"684\" height=\"600\" srcset=\"https:\/\/libre-cueillette.net\/wp-content\/uploads\/a20220208_111551b.jpg 684w, https:\/\/libre-cueillette.net\/wp-content\/uploads\/a20220208_111551b-300x263.jpg 300w\" sizes=\"auto, (max-width: 684px) 100vw, 684px\" \/><\/a><figcaption id=\"caption-attachment-8881\" class=\"wp-caption-text\"><span style=\"color: #000000;\">Apr\u00e8s la d\u00e9monstration, c&rsquo;est au tour des stagiaires de travailler.<\/span><\/figcaption><\/figure>\n<p><span style=\"color: #000000;\">Le groupe est scind\u00e9 en deux pour que tout le monde puisse s&rsquo;entra\u00eener d&rsquo;ici la fin de la journ\u00e9e. La premi\u00e8re \u00e9quipe poursuit le travail entam\u00e9 par Jaime tandis que la seconde entreprend de plesser la haie situ\u00e9e \u00e0 la gauche de l&rsquo;entr\u00e9e du potager p\u00e9dagogique. Pour faire tourner les arbres \u00e0 l&rsquo;angle du jardin, il faut leur faire une seconde entaille un peu plus haut sur le tronc, au niveau du virage. Une fois toutes ces op\u00e9rations achev\u00e9es, la cl\u00f4ture n&rsquo;est pas encore termin\u00e9e. Jaime \u00e9galise la hauteur des piquets (il signale qu&rsquo;on pourrait aussi cr\u00e9er une forme de vague par exemple). Les piquets principalement vivants ne sont absolument pas taill\u00e9s en biseau pour limiter le pourrissement, ce qui est une id\u00e9e re\u00e7ue. Une telle coupe a au contraire pour effet d&rsquo;agrandir la surface de la plaie et donc d&rsquo;allonger le temps de recouvrement. Le biseau est ex\u00e9cut\u00e9 \u00e0 une fin esth\u00e9tique, mais surtout pour faciliter le tressage final.<\/span><\/p>\n<figure id=\"attachment_8886\" aria-describedby=\"caption-attachment-8886\" style=\"width: 1067px\" class=\"wp-caption aligncenter\"><a href=\"https:\/\/libre-cueillette.net\/wp-content\/uploads\/a20220208_150440.jpg\"><img loading=\"lazy\" decoding=\"async\" class=\"wp-image-8886 size-full\" src=\"https:\/\/libre-cueillette.net\/wp-content\/uploads\/a20220208_150440.jpg\" alt=\"\" width=\"1067\" height=\"600\" srcset=\"https:\/\/libre-cueillette.net\/wp-content\/uploads\/a20220208_150440.jpg 1067w, https:\/\/libre-cueillette.net\/wp-content\/uploads\/a20220208_150440-300x169.jpg 300w, https:\/\/libre-cueillette.net\/wp-content\/uploads\/a20220208_150440-1024x576.jpg 1024w, https:\/\/libre-cueillette.net\/wp-content\/uploads\/a20220208_150440-768x432.jpg 768w\" sizes=\"auto, (max-width: 1067px) 100vw, 1067px\" \/><\/a><figcaption id=\"caption-attachment-8886\" class=\"wp-caption-text\"><span style=\"color: #000000;\">Le nombre d&rsquo;arbres de la haie s&rsquo;est consid\u00e9rablement r\u00e9duit et le plessage permet un meilleur \u00e9clairement du potager.<\/span><\/figcaption><\/figure>\n<p><span style=\"color: #000000;\">La finition est spectaculaire. Jaime choisit deux longs brins de noisetier de section identique. Un participant les tient fermement \u00e0 une extr\u00e9mit\u00e9 et Jaime se saisit des deux autres extr\u00e9mit\u00e9s auxquelles il imprime une torsion. Un tour, deux tours, trois tours, au maximum de sa force et de la r\u00e9sistance des troncs, et une boucle est enfil\u00e9e sur un piquet. Il reprend de plus belle ses rotations, de piquet en piquet, confectionnant une sorte de tresse \u00e0 deux brins qu&rsquo;il enfonce sur le plessis \u00e0 coups de gourdin. Deux autres longs piquets de section \u00e9quivalente subissent le m\u00eame traitement dans la continuit\u00e9 de la premi\u00e8re tresse. Enfin, il reste \u00e0 s\u00e9curiser les bordures. Les extr\u00e9mit\u00e9s des arbres pless\u00e9s sont repli\u00e9es et coinc\u00e9es dans la cl\u00f4ture. Ce qui est trop raide est coup\u00e9 \u00e0 ras pour que \u00e9viter toute \u00e9raflure en passant \u00e0 proximit\u00e9. Nous restons un bon moment \u00e0 admirer le travail.<br \/><\/span><\/p>\n<figure id=\"attachment_8887\" aria-describedby=\"caption-attachment-8887\" style=\"width: 1067px\" class=\"wp-caption aligncenter\"><a href=\"https:\/\/libre-cueillette.net\/wp-content\/uploads\/a20220208_134954.jpg\"><img loading=\"lazy\" decoding=\"async\" class=\"wp-image-8887 size-full\" src=\"https:\/\/libre-cueillette.net\/wp-content\/uploads\/a20220208_134954.jpg\" alt=\"\" width=\"1067\" height=\"600\" srcset=\"https:\/\/libre-cueillette.net\/wp-content\/uploads\/a20220208_134954.jpg 1067w, https:\/\/libre-cueillette.net\/wp-content\/uploads\/a20220208_134954-300x169.jpg 300w, https:\/\/libre-cueillette.net\/wp-content\/uploads\/a20220208_134954-1024x576.jpg 1024w, https:\/\/libre-cueillette.net\/wp-content\/uploads\/a20220208_134954-768x432.jpg 768w\" sizes=\"auto, (max-width: 1067px) 100vw, 1067px\" \/><\/a><figcaption id=\"caption-attachment-8887\" class=\"wp-caption-text\"><span style=\"color: #000000;\">Deuxi\u00e8me entaille pour le virage \u00e0 l&rsquo;angle de la cl\u00f4ture.<\/span><\/figcaption><\/figure>\n<figure id=\"attachment_8890\" aria-describedby=\"caption-attachment-8890\" style=\"width: 682px\" class=\"wp-caption aligncenter\"><a href=\"https:\/\/libre-cueillette.net\/wp-content\/uploads\/a20220208_155414b.jpg\"><img loading=\"lazy\" decoding=\"async\" class=\"wp-image-8890 size-full\" src=\"https:\/\/libre-cueillette.net\/wp-content\/uploads\/a20220208_155414b.jpg\" alt=\"\" width=\"682\" height=\"600\" srcset=\"https:\/\/libre-cueillette.net\/wp-content\/uploads\/a20220208_155414b.jpg 682w, https:\/\/libre-cueillette.net\/wp-content\/uploads\/a20220208_155414b-300x264.jpg 300w\" sizes=\"auto, (max-width: 682px) 100vw, 682px\" \/><\/a><figcaption id=\"caption-attachment-8890\" class=\"wp-caption-text\"><span style=\"color: #000000;\">Recoupe des piquets \u00e0 la m\u00eame hauteur et en biseau<\/span><\/figcaption><\/figure>\n<figure id=\"attachment_8894\" aria-describedby=\"caption-attachment-8894\" style=\"width: 1067px\" class=\"wp-caption aligncenter\"><a href=\"https:\/\/libre-cueillette.net\/wp-content\/uploads\/a20220208_155533.jpg\"><img loading=\"lazy\" decoding=\"async\" class=\"wp-image-8894 size-full\" src=\"https:\/\/libre-cueillette.net\/wp-content\/uploads\/a20220208_155533.jpg\" alt=\"\" width=\"1067\" height=\"600\" srcset=\"https:\/\/libre-cueillette.net\/wp-content\/uploads\/a20220208_155533.jpg 1067w, https:\/\/libre-cueillette.net\/wp-content\/uploads\/a20220208_155533-300x169.jpg 300w, https:\/\/libre-cueillette.net\/wp-content\/uploads\/a20220208_155533-1024x576.jpg 1024w, https:\/\/libre-cueillette.net\/wp-content\/uploads\/a20220208_155533-768x432.jpg 768w\" sizes=\"auto, (max-width: 1067px) 100vw, 1067px\" \/><\/a><figcaption id=\"caption-attachment-8894\" class=\"wp-caption-text\"><span style=\"color: #000000;\">Confection de la tresse de finition du plessis<\/span><\/figcaption><\/figure>\n<figure id=\"attachment_8895\" aria-describedby=\"caption-attachment-8895\" style=\"width: 1067px\" class=\"wp-caption aligncenter\"><a href=\"https:\/\/libre-cueillette.net\/wp-content\/uploads\/a20220208_155550.jpg\"><img loading=\"lazy\" decoding=\"async\" class=\"wp-image-8895 size-full\" src=\"https:\/\/libre-cueillette.net\/wp-content\/uploads\/a20220208_155550.jpg\" alt=\"\" width=\"1067\" height=\"600\" srcset=\"https:\/\/libre-cueillette.net\/wp-content\/uploads\/a20220208_155550.jpg 1067w, https:\/\/libre-cueillette.net\/wp-content\/uploads\/a20220208_155550-300x169.jpg 300w, https:\/\/libre-cueillette.net\/wp-content\/uploads\/a20220208_155550-1024x576.jpg 1024w, https:\/\/libre-cueillette.net\/wp-content\/uploads\/a20220208_155550-768x432.jpg 768w\" sizes=\"auto, (max-width: 1067px) 100vw, 1067px\" \/><\/a><figcaption id=\"caption-attachment-8895\" class=\"wp-caption-text\"><span style=\"color: #000000;\">Coin\u00e7age de la tresse sur un premier piquet<\/span><\/figcaption><\/figure>\n<figure id=\"attachment_8896\" aria-describedby=\"caption-attachment-8896\" style=\"width: 1067px\" class=\"wp-caption aligncenter\"><a href=\"https:\/\/libre-cueillette.net\/wp-content\/uploads\/a20220208_155657.jpg\"><img loading=\"lazy\" decoding=\"async\" class=\"wp-image-8896 size-full\" src=\"https:\/\/libre-cueillette.net\/wp-content\/uploads\/a20220208_155657.jpg\" alt=\"\" width=\"1067\" height=\"600\" srcset=\"https:\/\/libre-cueillette.net\/wp-content\/uploads\/a20220208_155657.jpg 1067w, https:\/\/libre-cueillette.net\/wp-content\/uploads\/a20220208_155657-300x169.jpg 300w, https:\/\/libre-cueillette.net\/wp-content\/uploads\/a20220208_155657-1024x576.jpg 1024w, https:\/\/libre-cueillette.net\/wp-content\/uploads\/a20220208_155657-768x432.jpg 768w\" sizes=\"auto, (max-width: 1067px) 100vw, 1067px\" \/><\/a><figcaption id=\"caption-attachment-8896\" class=\"wp-caption-text\"><span style=\"color: #000000;\">Poursuite de la torsion tout du long des deux brins<\/span><\/figcaption><\/figure>\n<figure id=\"attachment_8897\" aria-describedby=\"caption-attachment-8897\" style=\"width: 1067px\" class=\"wp-caption aligncenter\"><a href=\"https:\/\/libre-cueillette.net\/wp-content\/uploads\/a20220208_155740.jpg\"><img loading=\"lazy\" decoding=\"async\" class=\"wp-image-8897 size-full\" src=\"https:\/\/libre-cueillette.net\/wp-content\/uploads\/a20220208_155740.jpg\" alt=\"\" width=\"1067\" height=\"600\" srcset=\"https:\/\/libre-cueillette.net\/wp-content\/uploads\/a20220208_155740.jpg 1067w, https:\/\/libre-cueillette.net\/wp-content\/uploads\/a20220208_155740-300x169.jpg 300w, https:\/\/libre-cueillette.net\/wp-content\/uploads\/a20220208_155740-1024x576.jpg 1024w, https:\/\/libre-cueillette.net\/wp-content\/uploads\/a20220208_155740-768x432.jpg 768w\" sizes=\"auto, (max-width: 1067px) 100vw, 1067px\" \/><\/a><figcaption id=\"caption-attachment-8897\" class=\"wp-caption-text\"><span style=\"color: #000000;\">Tassement de la tresse \u00e0 l&rsquo;aide d&rsquo;un gourdin<\/span><\/figcaption><\/figure>\n<figure id=\"attachment_8898\" aria-describedby=\"caption-attachment-8898\" style=\"width: 1067px\" class=\"wp-caption aligncenter\"><a href=\"https:\/\/libre-cueillette.net\/wp-content\/uploads\/a20220208_160103.jpg\"><img loading=\"lazy\" decoding=\"async\" class=\"wp-image-8898 size-full\" src=\"https:\/\/libre-cueillette.net\/wp-content\/uploads\/a20220208_160103.jpg\" alt=\"\" width=\"1067\" height=\"600\" srcset=\"https:\/\/libre-cueillette.net\/wp-content\/uploads\/a20220208_160103.jpg 1067w, https:\/\/libre-cueillette.net\/wp-content\/uploads\/a20220208_160103-300x169.jpg 300w, https:\/\/libre-cueillette.net\/wp-content\/uploads\/a20220208_160103-1024x576.jpg 1024w, https:\/\/libre-cueillette.net\/wp-content\/uploads\/a20220208_160103-768x432.jpg 768w\" sizes=\"auto, (max-width: 1067px) 100vw, 1067px\" \/><\/a><figcaption id=\"caption-attachment-8898\" class=\"wp-caption-text\"><span style=\"color: #000000;\">Courbure des extr\u00e9mit\u00e9s des brins au niveau de l&rsquo;entr\u00e9e du potager<\/span><\/figcaption><\/figure>\n<figure id=\"attachment_8899\" aria-describedby=\"caption-attachment-8899\" style=\"width: 1067px\" class=\"wp-caption aligncenter\"><a href=\"https:\/\/libre-cueillette.net\/wp-content\/uploads\/a20220208_160357.jpg\"><img loading=\"lazy\" decoding=\"async\" class=\"wp-image-8899 size-full\" src=\"https:\/\/libre-cueillette.net\/wp-content\/uploads\/a20220208_160357.jpg\" alt=\"\" width=\"1067\" height=\"600\" srcset=\"https:\/\/libre-cueillette.net\/wp-content\/uploads\/a20220208_160357.jpg 1067w, https:\/\/libre-cueillette.net\/wp-content\/uploads\/a20220208_160357-300x169.jpg 300w, https:\/\/libre-cueillette.net\/wp-content\/uploads\/a20220208_160357-1024x576.jpg 1024w, https:\/\/libre-cueillette.net\/wp-content\/uploads\/a20220208_160357-768x432.jpg 768w\" sizes=\"auto, (max-width: 1067px) 100vw, 1067px\" \/><\/a><figcaption id=\"caption-attachment-8899\" class=\"wp-caption-text\"><span style=\"color: #000000;\">Continuit\u00e9 du tressage avec deux nouveaux brins<\/span><\/figcaption><\/figure>\n<figure id=\"attachment_8900\" aria-describedby=\"caption-attachment-8900\" style=\"width: 1067px\" class=\"wp-caption aligncenter\"><a href=\"https:\/\/libre-cueillette.net\/wp-content\/uploads\/a20220208_160444.jpg\"><img loading=\"lazy\" decoding=\"async\" class=\"wp-image-8900 size-full\" src=\"https:\/\/libre-cueillette.net\/wp-content\/uploads\/a20220208_160444.jpg\" alt=\"\" width=\"1067\" height=\"600\" srcset=\"https:\/\/libre-cueillette.net\/wp-content\/uploads\/a20220208_160444.jpg 1067w, https:\/\/libre-cueillette.net\/wp-content\/uploads\/a20220208_160444-300x169.jpg 300w, https:\/\/libre-cueillette.net\/wp-content\/uploads\/a20220208_160444-1024x576.jpg 1024w, https:\/\/libre-cueillette.net\/wp-content\/uploads\/a20220208_160444-768x432.jpg 768w\" sizes=\"auto, (max-width: 1067px) 100vw, 1067px\" \/><\/a><figcaption id=\"caption-attachment-8900\" class=\"wp-caption-text\"><span style=\"color: #000000;\">Une \u00e9preuve de force<\/span><\/figcaption><\/figure>\n<figure id=\"attachment_8903\" aria-describedby=\"caption-attachment-8903\" style=\"width: 1067px\" class=\"wp-caption aligncenter\"><a href=\"https:\/\/libre-cueillette.net\/wp-content\/uploads\/a20220208_160612.jpg\"><img loading=\"lazy\" decoding=\"async\" class=\"wp-image-8903 size-full\" src=\"https:\/\/libre-cueillette.net\/wp-content\/uploads\/a20220208_160612.jpg\" alt=\"\" width=\"1067\" height=\"600\" srcset=\"https:\/\/libre-cueillette.net\/wp-content\/uploads\/a20220208_160612.jpg 1067w, https:\/\/libre-cueillette.net\/wp-content\/uploads\/a20220208_160612-300x169.jpg 300w, https:\/\/libre-cueillette.net\/wp-content\/uploads\/a20220208_160612-1024x576.jpg 1024w, https:\/\/libre-cueillette.net\/wp-content\/uploads\/a20220208_160612-768x432.jpg 768w\" sizes=\"auto, (max-width: 1067px) 100vw, 1067px\" \/><\/a><figcaption id=\"caption-attachment-8903\" class=\"wp-caption-text\"><span style=\"color: #000000;\">Belle finition<\/span><\/figcaption><\/figure>\n<figure id=\"attachment_8904\" aria-describedby=\"caption-attachment-8904\" style=\"width: 1067px\" class=\"wp-caption aligncenter\"><a href=\"https:\/\/libre-cueillette.net\/wp-content\/uploads\/a20220208_161015.jpg\"><img loading=\"lazy\" decoding=\"async\" class=\"wp-image-8904 size-full\" src=\"https:\/\/libre-cueillette.net\/wp-content\/uploads\/a20220208_161015.jpg\" alt=\"\" width=\"1067\" height=\"600\" srcset=\"https:\/\/libre-cueillette.net\/wp-content\/uploads\/a20220208_161015.jpg 1067w, https:\/\/libre-cueillette.net\/wp-content\/uploads\/a20220208_161015-300x169.jpg 300w, https:\/\/libre-cueillette.net\/wp-content\/uploads\/a20220208_161015-1024x576.jpg 1024w, https:\/\/libre-cueillette.net\/wp-content\/uploads\/a20220208_161015-768x432.jpg 768w\" sizes=\"auto, (max-width: 1067px) 100vw, 1067px\" \/><\/a><figcaption id=\"caption-attachment-8904\" class=\"wp-caption-text\"><span style=\"color: #000000;\">Le tressage s&rsquo;amorce sur l&rsquo;autre moiti\u00e9 de la cl\u00f4ture.<\/span><\/figcaption><\/figure>\n<figure id=\"attachment_8905\" aria-describedby=\"caption-attachment-8905\" style=\"width: 1067px\" class=\"wp-caption aligncenter\"><a href=\"https:\/\/libre-cueillette.net\/wp-content\/uploads\/a20220208_161212.jpg\"><img loading=\"lazy\" decoding=\"async\" class=\"wp-image-8905 size-full\" src=\"https:\/\/libre-cueillette.net\/wp-content\/uploads\/a20220208_161212.jpg\" alt=\"\" width=\"1067\" height=\"600\" srcset=\"https:\/\/libre-cueillette.net\/wp-content\/uploads\/a20220208_161212.jpg 1067w, https:\/\/libre-cueillette.net\/wp-content\/uploads\/a20220208_161212-300x169.jpg 300w, https:\/\/libre-cueillette.net\/wp-content\/uploads\/a20220208_161212-1024x576.jpg 1024w, https:\/\/libre-cueillette.net\/wp-content\/uploads\/a20220208_161212-768x432.jpg 768w\" sizes=\"auto, (max-width: 1067px) 100vw, 1067px\" \/><\/a><figcaption id=\"caption-attachment-8905\" class=\"wp-caption-text\"><span style=\"color: #000000;\">S\u00e9curisation de l&rsquo;entr\u00e9e<\/span><\/figcaption><\/figure>\n<figure id=\"attachment_8906\" aria-describedby=\"caption-attachment-8906\" style=\"width: 938px\" class=\"wp-caption aligncenter\"><a href=\"https:\/\/libre-cueillette.net\/wp-content\/uploads\/a20220208_170354.jpg\"><img loading=\"lazy\" decoding=\"async\" class=\"wp-image-8906 size-full\" src=\"https:\/\/libre-cueillette.net\/wp-content\/uploads\/a20220208_170354.jpg\" alt=\"\" width=\"938\" height=\"600\" srcset=\"https:\/\/libre-cueillette.net\/wp-content\/uploads\/a20220208_170354.jpg 938w, https:\/\/libre-cueillette.net\/wp-content\/uploads\/a20220208_170354-300x192.jpg 300w, https:\/\/libre-cueillette.net\/wp-content\/uploads\/a20220208_170354-768x491.jpg 768w\" sizes=\"auto, (max-width: 938px) 100vw, 938px\" \/><\/a><figcaption id=\"caption-attachment-8906\" class=\"wp-caption-text\"><span style=\"color: #000000;\">Pour conclure la journ\u00e9e, un magnifique vol de cigognes en migration tournoie un moment au-dessus de nos t\u00eates.<\/span><\/figcaption><\/figure>\n<figure id=\"attachment_8908\" aria-describedby=\"caption-attachment-8908\" style=\"width: 338px\" class=\"wp-caption aligncenter\"><a href=\"https:\/\/libre-cueillette.net\/wp-content\/uploads\/a20220208_165211-rotated.jpg\"><img loading=\"lazy\" decoding=\"async\" class=\"wp-image-8908 size-full\" src=\"https:\/\/libre-cueillette.net\/wp-content\/uploads\/a20220208_165211-rotated-e1644610674673.jpg\" alt=\"\" width=\"338\" height=\"600\" srcset=\"https:\/\/libre-cueillette.net\/wp-content\/uploads\/a20220208_165211-rotated-e1644610674673.jpg 338w, https:\/\/libre-cueillette.net\/wp-content\/uploads\/a20220208_165211-rotated-e1644610674673-169x300.jpg 169w\" sizes=\"auto, (max-width: 338px) 100vw, 338px\" \/><\/a><figcaption id=\"caption-attachment-8908\" class=\"wp-caption-text\"><span style=\"color: #000000;\">Le doyen du CPIE: un ch\u00eane v\u00e9n\u00e9rable aux rameaux couverts de gales sph\u00e9riques.<\/span><\/figcaption><\/figure>\n<p>\u00a0<\/p>\n<p><span style=\"color: #000000;\">\u00a0<\/span><\/p>\n","protected":false},"excerpt":{"rendered":"<p>Le mardi 8 f\u00e9vrier 2022, une initiation au plessage de haie champ\u00eatre est pr\u00e9vue au programme du CPIE Seignanx et Adour (Centre permanent d&rsquo;initiatives pour l&rsquo;environnement). Le plessage des haies vives, Zerralia en basque, est une technique ancestrale d\u00e9crite par<\/p>\n","protected":false},"author":1,"featured_media":0,"comment_status":"open","ping_status":"open","sticky":false,"template":"","format":"standard","meta":{"footnotes":""},"categories":[62],"tags":[365],"class_list":["post-8803","post","type-post","status-publish","format-standard","hentry","category-ressources","tag-365"],"_links":{"self":[{"href":"https:\/\/libre-cueillette.net\/index.php\/wp-json\/wp\/v2\/posts\/8803","targetHints":{"allow":["GET"]}}],"collection":[{"href":"https:\/\/libre-cueillette.net\/index.php\/wp-json\/wp\/v2\/posts"}],"about":[{"href":"https:\/\/libre-cueillette.net\/index.php\/wp-json\/wp\/v2\/types\/post"}],"author":[{"embeddable":true,"href":"https:\/\/libre-cueillette.net\/index.php\/wp-json\/wp\/v2\/users\/1"}],"replies":[{"embeddable":true,"href":"https:\/\/libre-cueillette.net\/index.php\/wp-json\/wp\/v2\/comments?post=8803"}],"version-history":[{"count":52,"href":"https:\/\/libre-cueillette.net\/index.php\/wp-json\/wp\/v2\/posts\/8803\/revisions"}],"predecessor-version":[{"id":8941,"href":"https:\/\/libre-cueillette.net\/index.php\/wp-json\/wp\/v2\/posts\/8803\/revisions\/8941"}],"wp:attachment":[{"href":"https:\/\/libre-cueillette.net\/index.php\/wp-json\/wp\/v2\/media?parent=8803"}],"wp:term":[{"taxonomy":"category","embeddable":true,"href":"https:\/\/libre-cueillette.net\/index.php\/wp-json\/wp\/v2\/categories?post=8803"},{"taxonomy":"post_tag","embeddable":true,"href":"https:\/\/libre-cueillette.net\/index.php\/wp-json\/wp\/v2\/tags?post=8803"}],"curies":[{"name":"wp","href":"https:\/\/api.w.org\/{rel}","templated":true}]}}