{"id":9027,"date":"2022-03-07T09:06:50","date_gmt":"2022-03-07T08:06:50","guid":{"rendered":"http:\/\/libre-cueillette.net\/?p=9027"},"modified":"2022-03-21T09:20:30","modified_gmt":"2022-03-21T08:20:30","slug":"lilitegia-deja-un-mois","status":"publish","type":"post","link":"https:\/\/libre-cueillette.net\/index.php\/2022\/03\/07\/lilitegia-deja-un-mois\/","title":{"rendered":"Lilitegia, d\u00e9j\u00e0 un mois"},"content":{"rendered":"\n<figure id=\"attachment_9048\" aria-describedby=\"caption-attachment-9048\" style=\"width: 1067px\" class=\"wp-caption aligncenter\"><a href=\"https:\/\/libre-cueillette.net\/wp-content\/uploads\/a20220209_180833.jpg\"><img loading=\"lazy\" decoding=\"async\" class=\"wp-image-9048 size-full\" src=\"https:\/\/libre-cueillette.net\/wp-content\/uploads\/a20220209_180833.jpg\" alt=\"\" width=\"1067\" height=\"600\" srcset=\"https:\/\/libre-cueillette.net\/wp-content\/uploads\/a20220209_180833.jpg 1067w, https:\/\/libre-cueillette.net\/wp-content\/uploads\/a20220209_180833-300x169.jpg 300w, https:\/\/libre-cueillette.net\/wp-content\/uploads\/a20220209_180833-1024x576.jpg 1024w, https:\/\/libre-cueillette.net\/wp-content\/uploads\/a20220209_180833-768x432.jpg 768w\" sizes=\"auto, (max-width: 1067px) 100vw, 1067px\" \/><\/a><figcaption id=\"caption-attachment-9048\" class=\"wp-caption-text\"><span style=\"color: #000000;\">Premier atelier, semis de f\u00e8ves et de petits pois de diff\u00e9rentes vari\u00e9t\u00e9s apport\u00e9s par Sonia<\/span><\/figcaption><\/figure>\n<p><span style=\"color: #000000;\">Le tr\u00e8s bel espace en terrasses de la r\u00e9sidence Lilitegia \u00e0 Saint Jean de Luz commence doucement \u00e0 \u00eatre investi par les r\u00e9sidents-jardiniers, sous l&rsquo;\u00e9gide de Libre Cueillette. Lors de la premi\u00e8re animation, ce sont des habitants du quatri\u00e8me \u00e9tage, contigu au jardin, qui ont particip\u00e9. D\u00e8s le second atelier, le bouche \u00e0 oreille s&rsquo;\u00e9tait mis \u00e0 fonctionner durant la semaine et de nouvelles personnes sont venues. A la troisi\u00e8me, l&rsquo;ambiance entre voisins a commenc\u00e9 \u00e0 bien prendre avec encore de nouveaux venus et \u00e0 la quatri\u00e8me, on comptait une dizaine de participants, enfants et adultes, locataires et propri\u00e9taires, faisant preuve d&rsquo;un enthousiasme bien sympathique. Un d\u00e9but tr\u00e8s encourageant !<\/span><\/p>\n<figure id=\"attachment_9052\" aria-describedby=\"caption-attachment-9052\" style=\"width: 450px\" class=\"wp-caption aligncenter\"><a href=\"https:\/\/libre-cueillette.net\/wp-content\/uploads\/aIMG-20220223-WA0003.jpg\"><img loading=\"lazy\" decoding=\"async\" class=\"wp-image-9052 size-full\" src=\"https:\/\/libre-cueillette.net\/wp-content\/uploads\/aIMG-20220223-WA0003.jpg\" alt=\"\" width=\"450\" height=\"600\" srcset=\"https:\/\/libre-cueillette.net\/wp-content\/uploads\/aIMG-20220223-WA0003.jpg 450w, https:\/\/libre-cueillette.net\/wp-content\/uploads\/aIMG-20220223-WA0003-225x300.jpg 225w\" sizes=\"auto, (max-width: 450px) 100vw, 450px\" \/><\/a><figcaption id=\"caption-attachment-9052\" class=\"wp-caption-text\"><span style=\"color: #000000;\">Premi\u00e8re mini-serre improvis\u00e9e pour la protection des semis<\/span><\/figcaption><\/figure>\n<figure id=\"attachment_9053\" aria-describedby=\"caption-attachment-9053\" style=\"width: 450px\" class=\"wp-caption aligncenter\"><a href=\"https:\/\/libre-cueillette.net\/wp-content\/uploads\/aIMG-20220223-WA0005.jpg\"><img loading=\"lazy\" decoding=\"async\" class=\"wp-image-9053 size-full\" src=\"https:\/\/libre-cueillette.net\/wp-content\/uploads\/aIMG-20220223-WA0005.jpg\" alt=\"\" width=\"450\" height=\"600\" srcset=\"https:\/\/libre-cueillette.net\/wp-content\/uploads\/aIMG-20220223-WA0005.jpg 450w, https:\/\/libre-cueillette.net\/wp-content\/uploads\/aIMG-20220223-WA0005-225x300.jpg 225w\" sizes=\"auto, (max-width: 450px) 100vw, 450px\" \/><\/a><figcaption id=\"caption-attachment-9053\" class=\"wp-caption-text\"><span style=\"color: #000000;\">Y&rsquo;a d&rsquo;l&rsquo;ambiance !<\/span><\/figcaption><\/figure>\n<p><span style=\"color: #000000;\">C&rsquo;est en jardinant que chacun lie tout naturellement connaissance avec les voisins des divers b\u00e2timents. Les tables \u00e0 semis sont investies en premier. Sonia, l&rsquo;animatrice de Libre Cueillette, a pris soin d&rsquo;apporter des graines. Il faut \u00e9carter le BRF (bois ram\u00e9al fragment\u00e9, issu de la taille de haies ou d&rsquo;arbres) qui recouvre la terre pour semer en enfon\u00e7ant la graine d&rsquo;autant plus profond\u00e9ment qu&rsquo;elle est grosse. Apr\u00e8s l&rsquo;arrosage, le BRF est remis en place avec parcimonie pour abriter les semis des intemp\u00e9ries, du gel nocturne ou d&rsquo;un soleil trop dess\u00e9chant.<\/span><\/p>\n<figure id=\"attachment_9049\" aria-describedby=\"caption-attachment-9049\" style=\"width: 1067px\" class=\"wp-caption aligncenter\"><a href=\"https:\/\/libre-cueillette.net\/wp-content\/uploads\/a20220302_180319.jpg\"><img loading=\"lazy\" decoding=\"async\" class=\"wp-image-9049 size-full\" src=\"https:\/\/libre-cueillette.net\/wp-content\/uploads\/a20220302_180319.jpg\" alt=\"\" width=\"1067\" height=\"600\" srcset=\"https:\/\/libre-cueillette.net\/wp-content\/uploads\/a20220302_180319.jpg 1067w, https:\/\/libre-cueillette.net\/wp-content\/uploads\/a20220302_180319-300x169.jpg 300w, https:\/\/libre-cueillette.net\/wp-content\/uploads\/a20220302_180319-1024x576.jpg 1024w, https:\/\/libre-cueillette.net\/wp-content\/uploads\/a20220302_180319-768x432.jpg 768w\" sizes=\"auto, (max-width: 1067px) 100vw, 1067px\" \/><\/a><figcaption id=\"caption-attachment-9049\" class=\"wp-caption-text\"><span style=\"color: #000000;\">Armelle, du jardin botanique littoral de Saint Jean de Luz, rend visite au jardin partag\u00e9 de Lilitegia (\u00e0 gauche)<br \/><\/span><\/figcaption><\/figure>\n<p><span style=\"color: #000000;\">L&rsquo;Office 64 de l&rsquo;habitat, qui a fait construire ces immeubles, moiti\u00e9 en location et moiti\u00e9 en accession \u00e0 la propri\u00e9t\u00e9, limite pour le moment l&rsquo;acc\u00e8s \u00e0 ces terrasses situ\u00e9es sur les toits de deux b\u00e2timents contigus.\u00a0 Seuls les r\u00e9sidents int\u00e9ress\u00e9s par le jardinage peuvent s&rsquo;y rendre une fois par semaine, lors des animations Libre Cueillette. Sonia craint que les semis souffrent en l&rsquo;absence de soins quotidiens : pour y rem\u00e9dier, elle apporte du bois flott\u00e9 et un rouleau de plastique transparent de fa\u00e7on \u00e0 cr\u00e9er une mini-serre improvis\u00e9e.<br \/><\/span><\/p>\n<figure id=\"attachment_9054\" aria-describedby=\"caption-attachment-9054\" style=\"width: 800px\" class=\"wp-caption aligncenter\"><a href=\"https:\/\/libre-cueillette.net\/wp-content\/uploads\/aP1020483.jpg\"><img loading=\"lazy\" decoding=\"async\" class=\"wp-image-9054 size-full\" src=\"https:\/\/libre-cueillette.net\/wp-content\/uploads\/aP1020483.jpg\" alt=\"\" width=\"800\" height=\"600\" srcset=\"https:\/\/libre-cueillette.net\/wp-content\/uploads\/aP1020483.jpg 800w, https:\/\/libre-cueillette.net\/wp-content\/uploads\/aP1020483-300x225.jpg 300w, https:\/\/libre-cueillette.net\/wp-content\/uploads\/aP1020483-768x576.jpg 768w\" sizes=\"auto, (max-width: 800px) 100vw, 800px\" \/><\/a><figcaption id=\"caption-attachment-9054\" class=\"wp-caption-text\"><span style=\"color: #000000;\">Une mini-serre plus solide pour la deuxi\u00e8me table de semis<\/span><\/figcaption><\/figure>\n<figure id=\"attachment_9057\" aria-describedby=\"caption-attachment-9057\" style=\"width: 1067px\" class=\"wp-caption aligncenter\"><a href=\"https:\/\/libre-cueillette.net\/wp-content\/uploads\/a20220302_174618.jpg\"><img loading=\"lazy\" decoding=\"async\" class=\"wp-image-9057 size-full\" src=\"https:\/\/libre-cueillette.net\/wp-content\/uploads\/a20220302_174618.jpg\" alt=\"\" width=\"1067\" height=\"600\" srcset=\"https:\/\/libre-cueillette.net\/wp-content\/uploads\/a20220302_174618.jpg 1067w, https:\/\/libre-cueillette.net\/wp-content\/uploads\/a20220302_174618-300x169.jpg 300w, https:\/\/libre-cueillette.net\/wp-content\/uploads\/a20220302_174618-1024x576.jpg 1024w, https:\/\/libre-cueillette.net\/wp-content\/uploads\/a20220302_174618-768x432.jpg 768w\" sizes=\"auto, (max-width: 1067px) 100vw, 1067px\" \/><\/a><figcaption id=\"caption-attachment-9057\" class=\"wp-caption-text\"><span style=\"color: #000000;\">Mini-serre sur les semis<\/span><\/figcaption><\/figure>\n<p><span style=\"color: #000000;\">D\u00e8s la semaine suivante, les r\u00e9sidents-jardiniers am\u00e9liorent le syst\u00e8me. Ils sont all\u00e9s tailler des bambous, l&rsquo;un d&rsquo;eux apporte une scie, un autre des planches destin\u00e9es \u00e0 am\u00e9nager ult\u00e9rieurement des \u00e9tag\u00e8res de rangement dans le local \u00e0 outils. Deux hommes s&rsquo;attaquent au bricolage, tandis que le reste du groupe poursuit les semis sur la seconde table et sur un petit parterre \u00e0 l&rsquo;ouest. Armelle, du jardin botanique, venue sur place pour ce quatri\u00e8me atelier, se r\u00e9jouit de l&rsquo;ambiance qui r\u00e8gne. Liste en main, elle coche les outils \u00e0 commander, grelinette, plantoirs, arrosoirs, r\u00e2teaux, seaux, ainsi qu&rsquo;un petit escabeau pour faciliter l&rsquo;accession aux deux grands parterres pour des personnes \u00e2g\u00e9es ou qui manqueraient de souplesse.<\/span><\/p>\n<figure id=\"attachment_9067\" aria-describedby=\"caption-attachment-9067\" style=\"width: 1067px\" class=\"wp-caption aligncenter\"><a href=\"https:\/\/libre-cueillette.net\/wp-content\/uploads\/a20220302_181121.jpg\"><img loading=\"lazy\" decoding=\"async\" class=\"wp-image-9067 size-full\" src=\"https:\/\/libre-cueillette.net\/wp-content\/uploads\/a20220302_181121.jpg\" alt=\"\" width=\"1067\" height=\"600\" srcset=\"https:\/\/libre-cueillette.net\/wp-content\/uploads\/a20220302_181121.jpg 1067w, https:\/\/libre-cueillette.net\/wp-content\/uploads\/a20220302_181121-300x169.jpg 300w, https:\/\/libre-cueillette.net\/wp-content\/uploads\/a20220302_181121-1024x576.jpg 1024w, https:\/\/libre-cueillette.net\/wp-content\/uploads\/a20220302_181121-768x432.jpg 768w\" sizes=\"auto, (max-width: 1067px) 100vw, 1067px\" \/><\/a><figcaption id=\"caption-attachment-9067\" class=\"wp-caption-text\"><span style=\"color: #000000;\">Les petits parterres accueillent peu \u00e0 peu de nouvelles graines.<\/span><\/figcaption><\/figure>\n<figure id=\"attachment_9068\" aria-describedby=\"caption-attachment-9068\" style=\"width: 1067px\" class=\"wp-caption aligncenter\"><a href=\"https:\/\/libre-cueillette.net\/wp-content\/uploads\/a20220302_181339.jpg\"><img loading=\"lazy\" decoding=\"async\" class=\"wp-image-9068 size-full\" src=\"https:\/\/libre-cueillette.net\/wp-content\/uploads\/a20220302_181339.jpg\" alt=\"\" width=\"1067\" height=\"600\" srcset=\"https:\/\/libre-cueillette.net\/wp-content\/uploads\/a20220302_181339.jpg 1067w, https:\/\/libre-cueillette.net\/wp-content\/uploads\/a20220302_181339-300x169.jpg 300w, https:\/\/libre-cueillette.net\/wp-content\/uploads\/a20220302_181339-1024x576.jpg 1024w, https:\/\/libre-cueillette.net\/wp-content\/uploads\/a20220302_181339-768x432.jpg 768w\" sizes=\"auto, (max-width: 1067px) 100vw, 1067px\" \/><\/a><figcaption id=\"caption-attachment-9068\" class=\"wp-caption-text\"><span style=\"color: #000000;\">Le plaisir de jardiner \u00e0 plusieurs.<\/span><\/figcaption><\/figure>\n<p><span style=\"color: #000000;\">Cathy et Sonia font remarquer \u00e0 Armelle le quadrillage de grosses planches de bois sur les deux grands parterres. Il limite les possibilit\u00e9s d&rsquo;am\u00e9nagement esth\u00e9tique des futurs massifs et n&rsquo;offre pas de cheminement ais\u00e9 En principe, la largeur des massifs sera conditionn\u00e9e par la longueur de nos bras, soit 70 \u00e0 90 centim\u00e8tres maximum pour jardiner sans peine jusqu&rsquo;au milieu de chacun d&rsquo;entre eux depuis le sentier. Nous demandons donc \u00e0 ce que ces planches soient coup\u00e9es en petits carr\u00e9s qui serviront de pas japonais pour \u00e9voluer entre les diff\u00e9rents espaces selon un parcours sinueux. Ainsi, les buttes plant\u00e9es ne seront jamais pi\u00e9tin\u00e9es et leur terre demeurera bien meuble.\u00a0<\/span><\/p>\n<figure id=\"attachment_9064\" aria-describedby=\"caption-attachment-9064\" style=\"width: 1067px\" class=\"wp-caption aligncenter\"><a href=\"https:\/\/libre-cueillette.net\/wp-content\/uploads\/a20220302_175652.jpg\"><img loading=\"lazy\" decoding=\"async\" class=\"wp-image-9064 size-full\" src=\"https:\/\/libre-cueillette.net\/wp-content\/uploads\/a20220302_175652.jpg\" alt=\"\" width=\"1067\" height=\"600\" srcset=\"https:\/\/libre-cueillette.net\/wp-content\/uploads\/a20220302_175652.jpg 1067w, https:\/\/libre-cueillette.net\/wp-content\/uploads\/a20220302_175652-300x169.jpg 300w, https:\/\/libre-cueillette.net\/wp-content\/uploads\/a20220302_175652-1024x576.jpg 1024w, https:\/\/libre-cueillette.net\/wp-content\/uploads\/a20220302_175652-768x432.jpg 768w\" sizes=\"auto, (max-width: 1067px) 100vw, 1067px\" \/><\/a><figcaption id=\"caption-attachment-9064\" class=\"wp-caption-text\"><span style=\"color: #000000;\">La signal\u00e9tique est d\u00e9j\u00e0 amorc\u00e9e.<\/span><\/figcaption><\/figure>\n<figure id=\"attachment_9065\" aria-describedby=\"caption-attachment-9065\" style=\"width: 1067px\" class=\"wp-caption aligncenter\"><a href=\"https:\/\/libre-cueillette.net\/wp-content\/uploads\/a20220302_181542.jpg\"><img loading=\"lazy\" decoding=\"async\" class=\"wp-image-9065 size-full\" src=\"https:\/\/libre-cueillette.net\/wp-content\/uploads\/a20220302_181542.jpg\" alt=\"\" width=\"1067\" height=\"600\" srcset=\"https:\/\/libre-cueillette.net\/wp-content\/uploads\/a20220302_181542.jpg 1067w, https:\/\/libre-cueillette.net\/wp-content\/uploads\/a20220302_181542-300x169.jpg 300w, https:\/\/libre-cueillette.net\/wp-content\/uploads\/a20220302_181542-1024x576.jpg 1024w, https:\/\/libre-cueillette.net\/wp-content\/uploads\/a20220302_181542-768x432.jpg 768w\" sizes=\"auto, (max-width: 1067px) 100vw, 1067px\" \/><\/a><figcaption id=\"caption-attachment-9065\" class=\"wp-caption-text\"><span style=\"color: #000000;\">Arrosage des nouveaux semis: chou de Bruxelles, chou calabrais, liv\u00e8che, c\u00e8leri rave, laitue reine de mai, courge spaghetti, radis, petit pois, f\u00e8ve, carotte&#8230;<br \/><\/span><\/figcaption><\/figure>\n<figure id=\"attachment_9066\" aria-describedby=\"caption-attachment-9066\" style=\"width: 1067px\" class=\"wp-caption aligncenter\"><a href=\"https:\/\/libre-cueillette.net\/wp-content\/uploads\/a20220302_182830.jpg\"><img loading=\"lazy\" decoding=\"async\" class=\"wp-image-9066 size-full\" src=\"https:\/\/libre-cueillette.net\/wp-content\/uploads\/a20220302_182830.jpg\" alt=\"\" width=\"1067\" height=\"600\" srcset=\"https:\/\/libre-cueillette.net\/wp-content\/uploads\/a20220302_182830.jpg 1067w, https:\/\/libre-cueillette.net\/wp-content\/uploads\/a20220302_182830-300x169.jpg 300w, https:\/\/libre-cueillette.net\/wp-content\/uploads\/a20220302_182830-1024x576.jpg 1024w, https:\/\/libre-cueillette.net\/wp-content\/uploads\/a20220302_182830-768x432.jpg 768w\" sizes=\"auto, (max-width: 1067px) 100vw, 1067px\" \/><\/a><figcaption id=\"caption-attachment-9066\" class=\"wp-caption-text\"><span style=\"color: #000000;\">Les petits pois sortent d\u00e9j\u00e0 de terre, tandis que les f\u00e8ves, sem\u00e9es en m\u00eame temps, n&rsquo;ont gu\u00e8re germ\u00e9 pour le moment.<\/span><\/figcaption><\/figure>\n<p><span style=\"color: #000000;\">Philippe, ancien cuisinier, ne cesse de citer les recettes que nous pourront mettre en \u0153uvre avec les futures r\u00e9coltes. Il s&rsquo;y voit d\u00e9j\u00e0 ! D&rsquo;ailleurs, il a amen\u00e9 des galets et des feutres ind\u00e9l\u00e9biles pour la signal\u00e9tique, ainsi que des sachets de graines. Il est tr\u00e8s d\u00e9\u00e7u lorsque Sonia lui annonce qu&rsquo;il ne pourra pas les semer de suite, il faudra attendre les beaux jours et la chaleur&#8230; C&rsquo;est un jeune gar\u00e7on qui est invit\u00e9 \u00e0 \u00e9crire les noms des graines d\u00e9j\u00e0 sem\u00e9es. Avec sa m\u00e8re, il d\u00e9pose les galets pr\u00e8s des semis qu&rsquo;il arrose consciencieusement. En voyant les feijoa qui ont \u00e9t\u00e9 plant\u00e9s sur la terrasse, une r\u00e9sidente nous fait part d&rsquo;une recette de son pays, la Russie, \u00e0 base de fruits de cet arbuste, \u00e9galement nomm\u00e9 goyavier du Br\u00e9sil. Sonia indique que les fruits arrivent \u00e0 maturit\u00e9 en automne et qu&rsquo;on les r\u00e9colte lorsqu&rsquo;ils sont tomb\u00e9s par terre. Comme le kiwi, ils peuvent continuer \u00e0 m\u00fbrir \u00e0 l&rsquo;int\u00e9rieur s&rsquo;ils sont encore un peu durs. Ingr\u00e9dients: 300 g de fruits de feijoa, 200 g de miel (4 c. \u00e0 soupe), la moiti\u00e9 d&rsquo;un citron, 1,5 \u00e0 2 cm de gingembre. Apr\u00e8s avoir coup\u00e9s les fruits en deux, on en extrait la pulpe \u00e0 la petite cuill\u00e8re. Verser le jus de citron et ajouter le zeste, peler le gingembre et le couper en petits morceaux. Hacher le tout, ajouter le miel et verser la pr\u00e9paration dans des bocaux.On pourra ajouter un atelier cuisine et d\u00e9gustation aux ateliers de jardinage !<br \/><\/span><\/p>\n<figure id=\"attachment_9072\" aria-describedby=\"caption-attachment-9072\" style=\"width: 450px\" class=\"wp-caption aligncenter\"><a href=\"https:\/\/libre-cueillette.net\/wp-content\/uploads\/aIMG-20220223-WA0004.jpg\"><img loading=\"lazy\" decoding=\"async\" class=\"wp-image-9072 size-full\" src=\"https:\/\/libre-cueillette.net\/wp-content\/uploads\/aIMG-20220223-WA0004.jpg\" alt=\"\" width=\"450\" height=\"600\" srcset=\"https:\/\/libre-cueillette.net\/wp-content\/uploads\/aIMG-20220223-WA0004.jpg 450w, https:\/\/libre-cueillette.net\/wp-content\/uploads\/aIMG-20220223-WA0004-225x300.jpg 225w\" sizes=\"auto, (max-width: 450px) 100vw, 450px\" \/><\/a><figcaption id=\"caption-attachment-9072\" class=\"wp-caption-text\"><span style=\"color: #000000;\">Belle ambiance !<\/span><\/figcaption><\/figure>\n<figure id=\"attachment_9074\" aria-describedby=\"caption-attachment-9074\" style=\"width: 1067px\" class=\"wp-caption aligncenter\"><a href=\"https:\/\/libre-cueillette.net\/wp-content\/uploads\/a20220302_181908.jpg\"><img loading=\"lazy\" decoding=\"async\" class=\"wp-image-9074 size-full\" src=\"https:\/\/libre-cueillette.net\/wp-content\/uploads\/a20220302_181908.jpg\" alt=\"\" width=\"1067\" height=\"600\" srcset=\"https:\/\/libre-cueillette.net\/wp-content\/uploads\/a20220302_181908.jpg 1067w, https:\/\/libre-cueillette.net\/wp-content\/uploads\/a20220302_181908-300x169.jpg 300w, https:\/\/libre-cueillette.net\/wp-content\/uploads\/a20220302_181908-1024x576.jpg 1024w, https:\/\/libre-cueillette.net\/wp-content\/uploads\/a20220302_181908-768x432.jpg 768w\" sizes=\"auto, (max-width: 1067px) 100vw, 1067px\" \/><\/a><figcaption id=\"caption-attachment-9074\" class=\"wp-caption-text\"><span style=\"color: #000000;\">Magnifique arc-en-ciel pour clore la s\u00e9ance de jardinage.<\/span><\/figcaption><\/figure>\n<p><span style=\"color: #000000;\">L&rsquo;inauguration de Lilitegia a eu lieu le 15 mars. L&rsquo;article en <a href=\"https:\/\/www.saintjeandeluz.fr\/fr\/inauguration-du-programme-lilitegia-mardi-15-mars\/\" target=\"_blank\" rel=\"noopener\"><strong>lien<\/strong><\/a> a \u00e9t\u00e9 publi\u00e9 sur le site de la ville de Saint Jean de Luz.<\/span><\/p>\n<p>\u00a0<\/p>\n","protected":false},"excerpt":{"rendered":"<p>Le tr\u00e8s bel espace en terrasses de la r\u00e9sidence Lilitegia \u00e0 Saint Jean de Luz commence doucement \u00e0 \u00eatre investi par les r\u00e9sidents-jardiniers, sous l&rsquo;\u00e9gide de Libre Cueillette. Lors de la premi\u00e8re animation, ce sont des habitants du quatri\u00e8me \u00e9tage,<\/p>\n","protected":false},"author":1,"featured_media":0,"comment_status":"open","ping_status":"open","sticky":false,"template":"","format":"standard","meta":{"footnotes":""},"categories":[364],"tags":[],"class_list":["post-9027","post","type-post","status-publish","format-standard","hentry","category-lilitegia"],"_links":{"self":[{"href":"https:\/\/libre-cueillette.net\/index.php\/wp-json\/wp\/v2\/posts\/9027","targetHints":{"allow":["GET"]}}],"collection":[{"href":"https:\/\/libre-cueillette.net\/index.php\/wp-json\/wp\/v2\/posts"}],"about":[{"href":"https:\/\/libre-cueillette.net\/index.php\/wp-json\/wp\/v2\/types\/post"}],"author":[{"embeddable":true,"href":"https:\/\/libre-cueillette.net\/index.php\/wp-json\/wp\/v2\/users\/1"}],"replies":[{"embeddable":true,"href":"https:\/\/libre-cueillette.net\/index.php\/wp-json\/wp\/v2\/comments?post=9027"}],"version-history":[{"count":26,"href":"https:\/\/libre-cueillette.net\/index.php\/wp-json\/wp\/v2\/posts\/9027\/revisions"}],"predecessor-version":[{"id":9197,"href":"https:\/\/libre-cueillette.net\/index.php\/wp-json\/wp\/v2\/posts\/9027\/revisions\/9197"}],"wp:attachment":[{"href":"https:\/\/libre-cueillette.net\/index.php\/wp-json\/wp\/v2\/media?parent=9027"}],"wp:term":[{"taxonomy":"category","embeddable":true,"href":"https:\/\/libre-cueillette.net\/index.php\/wp-json\/wp\/v2\/categories?post=9027"},{"taxonomy":"post_tag","embeddable":true,"href":"https:\/\/libre-cueillette.net\/index.php\/wp-json\/wp\/v2\/tags?post=9027"}],"curies":[{"name":"wp","href":"https:\/\/api.w.org\/{rel}","templated":true}]}}