{"id":9266,"date":"2022-06-05T09:22:18","date_gmt":"2022-06-05T08:22:18","guid":{"rendered":"http:\/\/libre-cueillette.net\/?p=9266"},"modified":"2022-06-08T21:16:48","modified_gmt":"2022-06-08T20:16:48","slug":"13-mois-a-escounde-lagunekin","status":"publish","type":"post","link":"https:\/\/libre-cueillette.net\/index.php\/2022\/06\/05\/13-mois-a-escounde-lagunekin\/","title":{"rendered":"13 mois \u00e0 Escound\u00e9-Lagunekin"},"content":{"rendered":"\n<figure id=\"attachment_9293\" aria-describedby=\"caption-attachment-9293\" style=\"width: 1067px\" class=\"wp-caption aligncenter\"><a href=\"https:\/\/libre-cueillette.net\/wp-content\/uploads\/a20220415_112011.jpg\"><img loading=\"lazy\" decoding=\"async\" class=\"wp-image-9293 size-full\" src=\"https:\/\/libre-cueillette.net\/wp-content\/uploads\/a20220415_112011.jpg\" alt=\"\" width=\"1067\" height=\"600\" srcset=\"https:\/\/libre-cueillette.net\/wp-content\/uploads\/a20220415_112011.jpg 1067w, https:\/\/libre-cueillette.net\/wp-content\/uploads\/a20220415_112011-300x169.jpg 300w, https:\/\/libre-cueillette.net\/wp-content\/uploads\/a20220415_112011-1024x576.jpg 1024w, https:\/\/libre-cueillette.net\/wp-content\/uploads\/a20220415_112011-768x432.jpg 768w\" sizes=\"auto, (max-width: 1067px) 100vw, 1067px\" \/><\/a><figcaption id=\"caption-attachment-9293\" class=\"wp-caption-text\"><span style=\"color: #000000;\">Cueillette des artichauts (15 avril 2022)<\/span><\/figcaption><\/figure>\n<p><span style=\"color: #000000;\">13 mois ont pass\u00e9 depuis le d\u00e9but de la mise en route du jardin partag\u00e9 \u00e0 la r\u00e9sidence Escound\u00e9-Lagunekin de Sutar (Anglet): c&rsquo;est \u00e0 la fois beaucoup et trop peu. Beaucoup, car en une ann\u00e9e, parti d&rsquo;une terre glaise peu engageante, le jardin a bien \u00e9volu\u00e9 et prosp\u00e9r\u00e9, sa teneur croissante en mati\u00e8re organique am\u00e9liorant progressivement la structure du sol et sa fertilit\u00e9. Trop peu, car le groupe de jardiniers qui se composait au d\u00e9part d&rsquo;une dizaine de personnes motiv\u00e9es s&rsquo;est rapidement amenuis\u00e9 pour diverses raisons (contraintes professionnelles, familiales, sant\u00e9&#8230;). <\/span><\/p>\n<figure id=\"attachment_9294\" aria-describedby=\"caption-attachment-9294\" style=\"width: 1067px\" class=\"wp-caption aligncenter\"><a href=\"https:\/\/libre-cueillette.net\/wp-content\/uploads\/a20220429_103128.jpg\"><img loading=\"lazy\" decoding=\"async\" class=\"wp-image-9294 size-full\" src=\"https:\/\/libre-cueillette.net\/wp-content\/uploads\/a20220429_103128.jpg\" alt=\"\" width=\"1067\" height=\"600\" srcset=\"https:\/\/libre-cueillette.net\/wp-content\/uploads\/a20220429_103128.jpg 1067w, https:\/\/libre-cueillette.net\/wp-content\/uploads\/a20220429_103128-300x169.jpg 300w, https:\/\/libre-cueillette.net\/wp-content\/uploads\/a20220429_103128-1024x576.jpg 1024w, https:\/\/libre-cueillette.net\/wp-content\/uploads\/a20220429_103128-768x432.jpg 768w\" sizes=\"auto, (max-width: 1067px) 100vw, 1067px\" \/><\/a><figcaption id=\"caption-attachment-9294\" class=\"wp-caption-text\"><span style=\"color: #000000;\">Gousses de f\u00e8ves pr\u00eates \u00e0 \u00eatre cueillies (29 avril 2022)<\/span><\/figcaption><\/figure>\n<p><span style=\"color: #000000;\">Il commence \u00e0 peine \u00e0 s&rsquo;\u00e9toffer de nouveau, d&rsquo;une part en raison de la bonne allure du jardin qui donne envie \u00e0 quelques voisins de contribuer aux activit\u00e9s, et d&rsquo;autre part surtout gr\u00e2ce au \u00ab\u00a0noyau dur\u00a0\u00bb des jardiniers permanents qui continue d&rsquo;encourager sans cesse \u00e0 la participation des voisins par le r\u00e9seau Whatsapp tr\u00e8s vite mis en place, mais \u00e9galement par l&rsquo;organisation de diverses activit\u00e9s collectives plus ou moins li\u00e9es au jardin, aid\u00e9es ou inspir\u00e9es par Libre Cueillette.<\/span><\/p>\n<figure id=\"attachment_9295\" aria-describedby=\"caption-attachment-9295\" style=\"width: 808px\" class=\"wp-caption aligncenter\"><a href=\"https:\/\/libre-cueillette.net\/wp-content\/uploads\/a20220429_103632.jpg\"><img loading=\"lazy\" decoding=\"async\" class=\"wp-image-9295 size-full\" src=\"https:\/\/libre-cueillette.net\/wp-content\/uploads\/a20220429_103632.jpg\" alt=\"\" width=\"808\" height=\"600\" srcset=\"https:\/\/libre-cueillette.net\/wp-content\/uploads\/a20220429_103632.jpg 808w, https:\/\/libre-cueillette.net\/wp-content\/uploads\/a20220429_103632-300x223.jpg 300w, https:\/\/libre-cueillette.net\/wp-content\/uploads\/a20220429_103632-768x570.jpg 768w\" sizes=\"auto, (max-width: 808px) 100vw, 808px\" \/><\/a><figcaption id=\"caption-attachment-9295\" class=\"wp-caption-text\"><span style=\"color: #000000;\">Pollinisateur \u00e0 l\u2019\u0153uvre au Potager Amalur.<\/span><\/figcaption><\/figure>\n<p><span style=\"color: #000000;\">Mais lorsque s&rsquo;est approch\u00e9e la fin des animations Libre Cueillette &#8211; pr\u00e9vues pour 13 mois, de mai 2021 \u00e0 mai 2022 -, le stress s&rsquo;est empar\u00e9 de Kattalin. Membre stable et tr\u00e8s actif <\/span><span style=\"color: #000000;\">des r\u00e9sidents jardiniers, elle ne se sentait pas pr\u00eate, elle demandait davantage d&rsquo;informations, de rep\u00e8res, sur le calendrier des semis par exemple, mais aussi pour le diagnostic \u00e0 apporter en cas de prolif\u00e9ration de limaces, de pucerons, d&rsquo;o\u00efdium ou du d\u00e9p\u00e9rissement d&rsquo;une plante sans motif apparent. Autre source d&rsquo;inqui\u00e9tude, la sensibilit\u00e9 diff\u00e9rente des membres du groupe \u00e0 l&rsquo;\u00e9gard de la permaculture, la difficult\u00e9 \u00e0 faire accepter la biodiversit\u00e9 au jardin, qu&rsquo;elle soit animale (ex. les limaces) ou v\u00e9g\u00e9tale (les \u00ab\u00a0mauvaises\u00a0\u00bb herbes ou adventices). Il y a encore des h\u00e9sitations sur le bon emploi des composteurs et le choix du moment opportun pour utiliser le compost m\u00fbr en amendement du sol. Le paillage \u00e9galement n&rsquo;est pas encore tout-\u00e0-fait bien pratiqu\u00e9 ni accept\u00e9 par tous les membres. Enfin, le regard des voisins p\u00e8se sur leur travail, certains, bien qu&rsquo;ils n&rsquo;y mettent pas le pied, ne se privant pas de dire que le jardin est trop \u00ab\u00a0d\u00e9sordonn\u00e9\u00a0\u00bb, qu&rsquo;on n&rsquo;y voit qu&rsquo;un fouillis de plantes. Astrid y est sensible, et elle s&rsquo;est mise \u00e0 d\u00e9sherber activement un petit espace o\u00f9 elle souhaitait repiquer ses plants de petits pois sem\u00e9s en pots sur son balcon. <br \/><\/span><\/p>\n<figure id=\"attachment_9296\" aria-describedby=\"caption-attachment-9296\" style=\"width: 1067px\" class=\"wp-caption aligncenter\"><a href=\"https:\/\/libre-cueillette.net\/wp-content\/uploads\/a20220429_104200.jpg\"><img loading=\"lazy\" decoding=\"async\" class=\"wp-image-9296 size-full\" src=\"https:\/\/libre-cueillette.net\/wp-content\/uploads\/a20220429_104200.jpg\" alt=\"\" width=\"1067\" height=\"600\" srcset=\"https:\/\/libre-cueillette.net\/wp-content\/uploads\/a20220429_104200.jpg 1067w, https:\/\/libre-cueillette.net\/wp-content\/uploads\/a20220429_104200-300x169.jpg 300w, https:\/\/libre-cueillette.net\/wp-content\/uploads\/a20220429_104200-1024x576.jpg 1024w, https:\/\/libre-cueillette.net\/wp-content\/uploads\/a20220429_104200-768x432.jpg 768w\" sizes=\"auto, (max-width: 1067px) 100vw, 1067px\" \/><\/a><figcaption id=\"caption-attachment-9296\" class=\"wp-caption-text\"><span style=\"color: #000000;\">Yves offre des plants de tomates qui ont surv\u00e9cu \u00e0 l&rsquo;hiver sur son balcon !<\/span><\/figcaption><\/figure>\n<p><span style=\"color: #000000;\">Jardiner sans chimie, en faisant \u00ab\u00a0simplement\u00a0\u00bb cro\u00eetre la biodiversit\u00e9 du sol, des champignons, des v\u00e9g\u00e9taux et des animaux, est une d\u00e9marche qui demande du temps pour \u00eatre bien comprise et assimil\u00e9e. Elle n\u00e9cessite l&rsquo;apprentissage d&rsquo;un nouveau regard sur le jardin, d&rsquo;une aptitude \u00e0 l&rsquo;observation, de la patience et de la retenue pour r\u00e9sister au premier r\u00e9flexe d&rsquo;intervenir d\u00e8s l&rsquo;apparition d&rsquo;un probl\u00e8me (arracher, tuer, exterminer !!!). Il est plus ais\u00e9 pour les animatrices de Libre Cueillette de monter au cr\u00e9neau (gentiment) pour expliquer tout cela, car elles sont ext\u00e9rieures \u00e0 la r\u00e9sidence. C&rsquo;est moins facile entre voisins car aucun n&rsquo;est investi d&rsquo;une autorit\u00e9 qui primerait sur les avis des autres.<\/span><\/p>\n<figure id=\"attachment_9297\" aria-describedby=\"caption-attachment-9297\" style=\"width: 1067px\" class=\"wp-caption aligncenter\"><a href=\"https:\/\/libre-cueillette.net\/wp-content\/uploads\/a20220429_110515.jpg\"><img loading=\"lazy\" decoding=\"async\" class=\"wp-image-9297 size-full\" src=\"https:\/\/libre-cueillette.net\/wp-content\/uploads\/a20220429_110515.jpg\" alt=\"\" width=\"1067\" height=\"600\" srcset=\"https:\/\/libre-cueillette.net\/wp-content\/uploads\/a20220429_110515.jpg 1067w, https:\/\/libre-cueillette.net\/wp-content\/uploads\/a20220429_110515-300x169.jpg 300w, https:\/\/libre-cueillette.net\/wp-content\/uploads\/a20220429_110515-1024x576.jpg 1024w, https:\/\/libre-cueillette.net\/wp-content\/uploads\/a20220429_110515-768x432.jpg 768w\" sizes=\"auto, (max-width: 1067px) 100vw, 1067px\" \/><\/a><figcaption id=\"caption-attachment-9297\" class=\"wp-caption-text\"><span style=\"color: #000000;\">Jacques, bless\u00e9 lors d&rsquo;une chute, vient quand m\u00eame participer un peu au jardin.<\/span><\/figcaption><\/figure>\n<p><span style=\"color: #000000;\">Tr\u00e8s rapidement, le groupe a pris go\u00fbt \u00e0 la participation aux bourses aux plantes, aux \u00e9changes de semences, de plants et de boutures avec d&rsquo;autres jardiniers passionn\u00e9s. Les surplus n&rsquo;\u00e9taient plus un probl\u00e8me &#8211; o\u00f9 les implanter dans ces deux petites plates-bandes qui leur \u00e9taient imparties ? -, ils devenaient au contraire une monnaie d&rsquo;\u00e9change, une possibilit\u00e9 d&rsquo;enrichir la diversit\u00e9 sans avoir \u00e0 d\u00e9bourser un centime. Parall\u00e8lement, des plantes v\u00e9g\u00e9tant aux balcons ont \u00e9t\u00e9 spontan\u00e9ment offertes au jardin dans l&rsquo;espoir qu&rsquo;elles s&rsquo;y sentent mieux, ainsi que des semis qui, \u00e0 l&rsquo;inverse, avaient si bien r\u00e9ussi sur les balcons qu&rsquo;ils ne disposaient pas de place suffisante pour leur d\u00e9veloppement. Avec beaucoup d&rsquo;amour et d&rsquo;attentions, un grand citronnier presque mort a ainsi pu \u00eatre sauv\u00e9.<\/span><\/p>\n<figure id=\"attachment_9298\" aria-describedby=\"caption-attachment-9298\" style=\"width: 1067px\" class=\"wp-caption aligncenter\"><a href=\"https:\/\/libre-cueillette.net\/wp-content\/uploads\/a20220506_164026.jpg\"><img loading=\"lazy\" decoding=\"async\" class=\"wp-image-9298 size-full\" src=\"https:\/\/libre-cueillette.net\/wp-content\/uploads\/a20220506_164026.jpg\" alt=\"\" width=\"1067\" height=\"600\" srcset=\"https:\/\/libre-cueillette.net\/wp-content\/uploads\/a20220506_164026.jpg 1067w, https:\/\/libre-cueillette.net\/wp-content\/uploads\/a20220506_164026-300x169.jpg 300w, https:\/\/libre-cueillette.net\/wp-content\/uploads\/a20220506_164026-1024x576.jpg 1024w, https:\/\/libre-cueillette.net\/wp-content\/uploads\/a20220506_164026-768x432.jpg 768w\" sizes=\"auto, (max-width: 1067px) 100vw, 1067px\" \/><\/a><figcaption id=\"caption-attachment-9298\" class=\"wp-caption-text\"><span style=\"color: #000000;\">Pollinisateur dans les fraisiers.<\/span><\/figcaption><\/figure>\n<p><span style=\"color: #000000;\">Dans tous les jardins \u00ab\u00a0collaboratifs\u00a0\u00bb d\u00e9marr\u00e9s avec l&rsquo;aide de Libre Cueillette, nous insistons Sonia et moi sur trois choses \u00e0 mettre en place. La premi\u00e8re, c&rsquo;est l&rsquo;\u00e9tiquetage, la signal\u00e9tique. C&rsquo;est utile pour les jardiniers eux-m\u00eames, pour qu&rsquo;ils apprennent \u00e0 reconna\u00eetre chaque plante depuis la germination de la graine jusqu&rsquo;\u00e0 son d\u00e9ploiement \u00e0 la maturit\u00e9. C&rsquo;est aussi indispensable pour rep\u00e9rer o\u00f9 l&rsquo;on a sem\u00e9 et \u00e0 quelle date, afin de pouvoir juger si on peut encore esp\u00e9rer que \u00e7a germe ou mettre autre chose si cela n&rsquo;a pas march\u00e9. Enfin, c&rsquo;est sympa pour les visiteurs, parents, voisins, amis, qui d\u00e9couvrent la diversit\u00e9 des plantations de fleurs, l\u00e9gumes, aromatiques et petits fruits. Le deuxi\u00e8me point, c&rsquo;est la conception d&rsquo;un affichage install\u00e9 \u00e0 l&rsquo;entr\u00e9e du jardin pour expliquer ses objectifs, le mode de collaboration &#8211; partager le temps, le travail, le financement, le plaisir d&rsquo;\u00eatre ensemble, et&#8230; les r\u00e9coltes -, de fa\u00e7on \u00e0 d\u00e9courager &#8211; gentiment &#8211; des cueillettes qui n&rsquo;auraient pas \u00e9t\u00e9 m\u00e9rit\u00e9es par une participation effective aux activit\u00e9s collectives du jardin. Il peut \u00e9galement comporter une invitation \u00e0 y contribuer. <\/span><\/p>\n<figure id=\"attachment_9299\" aria-describedby=\"caption-attachment-9299\" style=\"width: 1067px\" class=\"wp-caption aligncenter\"><a href=\"https:\/\/libre-cueillette.net\/wp-content\/uploads\/a20220506_164449.jpg\"><img loading=\"lazy\" decoding=\"async\" class=\"wp-image-9299 size-full\" src=\"https:\/\/libre-cueillette.net\/wp-content\/uploads\/a20220506_164449.jpg\" alt=\"\" width=\"1067\" height=\"600\" srcset=\"https:\/\/libre-cueillette.net\/wp-content\/uploads\/a20220506_164449.jpg 1067w, https:\/\/libre-cueillette.net\/wp-content\/uploads\/a20220506_164449-300x169.jpg 300w, https:\/\/libre-cueillette.net\/wp-content\/uploads\/a20220506_164449-1024x576.jpg 1024w, https:\/\/libre-cueillette.net\/wp-content\/uploads\/a20220506_164449-768x432.jpg 768w\" sizes=\"auto, (max-width: 1067px) 100vw, 1067px\" \/><\/a><figcaption id=\"caption-attachment-9299\" class=\"wp-caption-text\"><span style=\"color: #000000;\">Calendula, tr\u00e8fle et fraisiers intimement entrem\u00eal\u00e9s.<\/span><\/figcaption><\/figure>\n<p><span style=\"color: #000000;\">Le troisi\u00e8me point, c&rsquo;est la constitution d&rsquo;une association, ou au minimum de la mise en place d&rsquo;une \u00ab\u00a0kutxe\u00a0\u00bb, d&rsquo;une cagnotte o\u00f9 chacun abonde \u00e0 part \u00e9gale : elle permet de proc\u00e9der \u00e0 des achats collectifs de graines, de plants, de petit mat\u00e9riel, de mini-serres, etc. Quand ce sont toujours les m\u00eames qui s&rsquo;investissent financi\u00e8rement, cela peut induire des tensions. C&rsquo;est ainsi qu&rsquo;est n\u00e9e r\u00e9cemment l&rsquo;association \u00ab\u00a0Potager Amalur\u00a0\u00bb dont les trois membres fondateurs esp\u00e8rent \u00eatre bient\u00f4t rejoints par d&rsquo;autres voisins int\u00e9ress\u00e9 par le jardin. Le groupe a imm\u00e9diatement compris l&rsquo;avantage de cette structure qui permet de pr\u00e9senter aux tiers un interlocuteur stable et fiable, apte \u00e0 recevoir des subsides et des subventions, par exemple pour l&rsquo;acquisition d&rsquo;une cabane de jardin, de mat\u00e9riel un peu on\u00e9reux comme une grelinette, une brouette, etc.<\/span><\/p>\n<figure id=\"attachment_9300\" aria-describedby=\"caption-attachment-9300\" style=\"width: 1067px\" class=\"wp-caption aligncenter\"><a href=\"https:\/\/libre-cueillette.net\/wp-content\/uploads\/a20220513_105631.jpg\"><img loading=\"lazy\" decoding=\"async\" class=\"wp-image-9300 size-full\" src=\"https:\/\/libre-cueillette.net\/wp-content\/uploads\/a20220513_105631.jpg\" alt=\"\" width=\"1067\" height=\"600\" srcset=\"https:\/\/libre-cueillette.net\/wp-content\/uploads\/a20220513_105631.jpg 1067w, https:\/\/libre-cueillette.net\/wp-content\/uploads\/a20220513_105631-300x169.jpg 300w, https:\/\/libre-cueillette.net\/wp-content\/uploads\/a20220513_105631-1024x576.jpg 1024w, https:\/\/libre-cueillette.net\/wp-content\/uploads\/a20220513_105631-768x432.jpg 768w\" sizes=\"auto, (max-width: 1067px) 100vw, 1067px\" \/><\/a><figcaption id=\"caption-attachment-9300\" class=\"wp-caption-text\"><span style=\"color: #000000;\">Les plants d&rsquo;artichauts continuent de fleurir (13 mai).<\/span><\/figcaption><\/figure>\n<p><span style=\"color: #000000;\">Un jardin comporte, \u00e9videmment, les plantes que l&rsquo;on y a introduites apr\u00e8s avoir mis temporairement \u00e0 nu le sol. Mais ce dernier contient une quantit\u00e9 d&rsquo;organismes avec lesquels il va falloir composer afin de parvenir, \u00e0 terme (au bout de quatre ans environ), \u00e0 un \u00e9quilibre. Certains y sont naturellement inclus, d&rsquo;autres arrivent en rampant, en marchant, en volant, une partie y r\u00e9side, d&rsquo;autres ne sont que des visiteurs: micro-organismes, graines de plantes sauvages (adventices), champignons, invert\u00e9br\u00e9s (insectes, vers de terre, limaces, escargots), petits mammif\u00e8res, etc. Il ne faut pas oublier l&rsquo;environnement du jardin: le potager Amalur est privil\u00e9gi\u00e9, car il s&rsquo;\u00e9tend non loin d&rsquo;un petit bois qui pousse dans un fond de vallon humide. Ainsi, les insectes pollinisateurs sont \u00e0 port\u00e9e, de m\u00eame que les oiseaux et autres pr\u00e9dateurs (h\u00e9rissons, crapauds) qui sont les auxiliaires naturels &#8211; et gratuits &#8211; des jardiniers. Il suffit de leur r\u00e9server des coins favorables (tas de bois, prairie naturelle, buissons&#8230;) \u00e0 proximit\u00e9. <\/span><\/p>\n<div style=\"width: 352px;\" class=\"wp-video\"><video class=\"wp-video-shortcode\" id=\"video-9266-1\" width=\"352\" height=\"640\" preload=\"metadata\" controls=\"controls\"><source type=\"video\/mp4\" src=\"https:\/\/libre-cueillette.net\/wp-content\/uploads\/VID-20220513-WA0003.mp4?_=1\" \/><a href=\"https:\/\/libre-cueillette.net\/wp-content\/uploads\/VID-20220513-WA0003.mp4\">https:\/\/libre-cueillette.net\/wp-content\/uploads\/VID-20220513-WA0003.mp4<\/a><\/video><\/div>\n<p><span style=\"color: #000000;\">Enfin, la m\u00e9t\u00e9o et le climat entrent pour une part importante dans les param\u00e8tres du jardin. Juin 2021 fut particuli\u00e8rement froid et humide, tandis que ce printemps 2022 est anormalement sec. Il faut apprendre \u00e0 jouer avec tous ces \u00e9l\u00e9ments, faire preuve d&rsquo;observation, mais aussi de souplesse, d&rsquo;imagination: il n&rsquo;y a pas de r\u00e8gle immuable, si ce n&rsquo;est de savoir s&rsquo;adapter en permanence. L&rsquo;information est capitale, de m\u00eame que le croisement des exp\u00e9riences. Ainsi, le r\u00e9seau Whatsapp cr\u00e9\u00e9 au Potager Amalur offre aux jardiniers une plateforme o\u00f9 chacun peut partager ses sources d&rsquo;inspiration ou de r\u00e9flexion puis\u00e9es sur Internet, parmi ses relations, lors des \u00e9changes de bourses aux plantes, dans ses lectures&#8230; Comme on le voit, l&rsquo;objectif de l&rsquo;association Libre Cueillette n&rsquo;est pas de dispenser un savoir immuable sur des techniques de jardinage, mais bien plut\u00f4t d&rsquo;amener un groupe \u00e0 fonctionner harmonieusement dans ses relations internes, lors de ses activit\u00e9s collectives, ainsi qu&rsquo;\u00e0 l&rsquo;\u00e9gard de la nature toute enti\u00e8re qui s&rsquo;invite au jardin. \u00ab\u00a0Faire avec\u00a0\u00bb au lieu de \u00ab\u00a0lutter contre\u00a0\u00bb&#8230;<br \/><\/span><\/p>\n<figure id=\"attachment_9321\" aria-describedby=\"caption-attachment-9321\" style=\"width: 1067px\" class=\"wp-caption aligncenter\"><a href=\"https:\/\/libre-cueillette.net\/wp-content\/uploads\/a20220527_101030.jpg\"><img loading=\"lazy\" decoding=\"async\" class=\"wp-image-9321 size-full\" src=\"https:\/\/libre-cueillette.net\/wp-content\/uploads\/a20220527_101030.jpg\" alt=\"\" width=\"1067\" height=\"600\" srcset=\"https:\/\/libre-cueillette.net\/wp-content\/uploads\/a20220527_101030.jpg 1067w, https:\/\/libre-cueillette.net\/wp-content\/uploads\/a20220527_101030-300x169.jpg 300w, https:\/\/libre-cueillette.net\/wp-content\/uploads\/a20220527_101030-1024x576.jpg 1024w, https:\/\/libre-cueillette.net\/wp-content\/uploads\/a20220527_101030-768x432.jpg 768w\" sizes=\"auto, (max-width: 1067px) 100vw, 1067px\" \/><\/a><figcaption id=\"caption-attachment-9321\" class=\"wp-caption-text\"><span style=\"color: #000000;\">Coccinelle: larve et adulte (Potager Amalur, 27 mai)<\/span><\/figcaption><\/figure>\n<figure id=\"attachment_9322\" aria-describedby=\"caption-attachment-9322\" style=\"width: 600px\" class=\"wp-caption aligncenter\"><a href=\"https:\/\/libre-cueillette.net\/wp-content\/uploads\/a20220527_102038-rotated.jpg\"><img loading=\"lazy\" decoding=\"async\" class=\"wp-image-9322 size-full\" src=\"https:\/\/libre-cueillette.net\/wp-content\/uploads\/a20220527_102038-rotated.jpg\" alt=\"\" width=\"600\" height=\"1067\" srcset=\"https:\/\/libre-cueillette.net\/wp-content\/uploads\/a20220527_102038-rotated.jpg 600w, https:\/\/libre-cueillette.net\/wp-content\/uploads\/a20220527_102038-169x300.jpg 169w, https:\/\/libre-cueillette.net\/wp-content\/uploads\/a20220527_102038-576x1024.jpg 576w\" sizes=\"auto, (max-width: 600px) 100vw, 600px\" \/><\/a><figcaption id=\"caption-attachment-9322\" class=\"wp-caption-text\"><span style=\"color: #000000;\">Tipule: Les larves entretiennent le sol en contribuant \u00e0 son a\u00e9ration, sa fertilisation et en se nourrissant des d\u00e9bris v\u00e9g\u00e9taux qui s\u2019y d\u00e9posent. Les adultes sont une source alimentaire appr\u00e9ci\u00e9e des oiseaux et des batraciens. (Potager Amalur 27 mai)<\/span><\/figcaption><\/figure>\n<figure id=\"attachment_9323\" aria-describedby=\"caption-attachment-9323\" style=\"width: 1067px\" class=\"wp-caption aligncenter\"><a href=\"https:\/\/libre-cueillette.net\/wp-content\/uploads\/a20220527_104134.jpg\"><img loading=\"lazy\" decoding=\"async\" class=\"wp-image-9323 size-full\" src=\"https:\/\/libre-cueillette.net\/wp-content\/uploads\/a20220527_104134.jpg\" alt=\"\" width=\"1067\" height=\"600\" srcset=\"https:\/\/libre-cueillette.net\/wp-content\/uploads\/a20220527_104134.jpg 1067w, https:\/\/libre-cueillette.net\/wp-content\/uploads\/a20220527_104134-300x169.jpg 300w, https:\/\/libre-cueillette.net\/wp-content\/uploads\/a20220527_104134-1024x576.jpg 1024w, https:\/\/libre-cueillette.net\/wp-content\/uploads\/a20220527_104134-768x432.jpg 768w\" sizes=\"auto, (max-width: 1067px) 100vw, 1067px\" \/><\/a><figcaption id=\"caption-attachment-9323\" class=\"wp-caption-text\"><span style=\"color: #000000;\">Poivrier de Chine (Houttuynia cordata)<\/span><\/figcaption><\/figure>\n<figure id=\"attachment_9302\" aria-describedby=\"caption-attachment-9302\" style=\"width: 1255px\" class=\"wp-caption aligncenter\"><a href=\"https:\/\/libre-cueillette.net\/wp-content\/uploads\/awa0034.jpg\"><img loading=\"lazy\" decoding=\"async\" class=\"wp-image-9302 size-full\" src=\"https:\/\/libre-cueillette.net\/wp-content\/uploads\/awa0034.jpg\" alt=\"\" width=\"1255\" height=\"600\" srcset=\"https:\/\/libre-cueillette.net\/wp-content\/uploads\/awa0034.jpg 1255w, https:\/\/libre-cueillette.net\/wp-content\/uploads\/awa0034-300x143.jpg 300w, https:\/\/libre-cueillette.net\/wp-content\/uploads\/awa0034-1024x490.jpg 1024w, https:\/\/libre-cueillette.net\/wp-content\/uploads\/awa0034-768x367.jpg 768w\" sizes=\"auto, (max-width: 1255px) 100vw, 1255px\" \/><\/a><figcaption id=\"caption-attachment-9302\" class=\"wp-caption-text\"><span style=\"color: #000000;\">Purin d&rsquo;ortie &#8211; R\u00e9colte de f\u00e8ves &#8211; Application mesurant la temp\u00e9rature du sol selon sa couverture v\u00e9g\u00e9tale.<\/span><\/figcaption><\/figure>\n<p>\u00a0<\/p>\n<p>\u00a0<\/p>\n","protected":false},"excerpt":{"rendered":"<p>13 mois ont pass\u00e9 depuis le d\u00e9but de la mise en route du jardin partag\u00e9 \u00e0 la r\u00e9sidence Escound\u00e9-Lagunekin de Sutar (Anglet): c&rsquo;est \u00e0 la fois beaucoup et trop peu. Beaucoup, car en une ann\u00e9e, parti d&rsquo;une terre glaise peu<\/p>\n","protected":false},"author":1,"featured_media":0,"comment_status":"open","ping_status":"open","sticky":false,"template":"","format":"standard","meta":{"footnotes":""},"categories":[362],"tags":[365],"class_list":["post-9266","post","type-post","status-publish","format-standard","hentry","category-escounde","tag-365"],"_links":{"self":[{"href":"https:\/\/libre-cueillette.net\/index.php\/wp-json\/wp\/v2\/posts\/9266","targetHints":{"allow":["GET"]}}],"collection":[{"href":"https:\/\/libre-cueillette.net\/index.php\/wp-json\/wp\/v2\/posts"}],"about":[{"href":"https:\/\/libre-cueillette.net\/index.php\/wp-json\/wp\/v2\/types\/post"}],"author":[{"embeddable":true,"href":"https:\/\/libre-cueillette.net\/index.php\/wp-json\/wp\/v2\/users\/1"}],"replies":[{"embeddable":true,"href":"https:\/\/libre-cueillette.net\/index.php\/wp-json\/wp\/v2\/comments?post=9266"}],"version-history":[{"count":22,"href":"https:\/\/libre-cueillette.net\/index.php\/wp-json\/wp\/v2\/posts\/9266\/revisions"}],"predecessor-version":[{"id":9324,"href":"https:\/\/libre-cueillette.net\/index.php\/wp-json\/wp\/v2\/posts\/9266\/revisions\/9324"}],"wp:attachment":[{"href":"https:\/\/libre-cueillette.net\/index.php\/wp-json\/wp\/v2\/media?parent=9266"}],"wp:term":[{"taxonomy":"category","embeddable":true,"href":"https:\/\/libre-cueillette.net\/index.php\/wp-json\/wp\/v2\/categories?post=9266"},{"taxonomy":"post_tag","embeddable":true,"href":"https:\/\/libre-cueillette.net\/index.php\/wp-json\/wp\/v2\/tags?post=9266"}],"curies":[{"name":"wp","href":"https:\/\/api.w.org\/{rel}","templated":true}]}}