{"id":9855,"date":"2023-05-09T14:48:47","date_gmt":"2023-05-09T13:48:47","guid":{"rendered":"https:\/\/libre-cueillette.net\/?p=9855"},"modified":"2023-05-24T19:45:09","modified_gmt":"2023-05-24T18:45:09","slug":"interview-tvpi","status":"publish","type":"post","link":"https:\/\/libre-cueillette.net\/index.php\/2023\/05\/09\/interview-tvpi\/","title":{"rendered":"Interview TVPI"},"content":{"rendered":"\n<figure id=\"attachment_9858\" aria-describedby=\"caption-attachment-9858\" style=\"width: 934px\" class=\"wp-caption aligncenter\"><a href=\"https:\/\/libre-cueillette.net\/wp-content\/uploads\/TVPI_interview_herbes-folles.jpg\"><img loading=\"lazy\" decoding=\"async\" class=\"wp-image-9858 size-full\" src=\"https:\/\/libre-cueillette.net\/wp-content\/uploads\/TVPI_interview_herbes-folles.jpg\" alt=\"\" width=\"934\" height=\"600\" srcset=\"https:\/\/libre-cueillette.net\/wp-content\/uploads\/TVPI_interview_herbes-folles.jpg 934w, https:\/\/libre-cueillette.net\/wp-content\/uploads\/TVPI_interview_herbes-folles-300x193.jpg 300w, https:\/\/libre-cueillette.net\/wp-content\/uploads\/TVPI_interview_herbes-folles-768x493.jpg 768w\" sizes=\"auto, (max-width: 934px) 100vw, 934px\" \/><\/a><figcaption id=\"caption-attachment-9858\" class=\"wp-caption-text\"><span style=\"color: #000000;\">Sonia Ruiz, l&rsquo;animatrice de Libre Cueillette, est interview\u00e9e par \u00c9milie, de TVPI, sur le th\u00e8me des Herbes folles.<\/span><\/figcaption><\/figure>\n<figure id=\"attachment_9859\" aria-describedby=\"caption-attachment-9859\" style=\"width: 924px\" class=\"wp-caption aligncenter\"><a href=\"https:\/\/libre-cueillette.net\/wp-content\/uploads\/TVPI_interview_limaces.jpg\"><img loading=\"lazy\" decoding=\"async\" class=\"wp-image-9859 size-full\" src=\"https:\/\/libre-cueillette.net\/wp-content\/uploads\/TVPI_interview_limaces.jpg\" alt=\"\" width=\"924\" height=\"600\" srcset=\"https:\/\/libre-cueillette.net\/wp-content\/uploads\/TVPI_interview_limaces.jpg 924w, https:\/\/libre-cueillette.net\/wp-content\/uploads\/TVPI_interview_limaces-300x195.jpg 300w, https:\/\/libre-cueillette.net\/wp-content\/uploads\/TVPI_interview_limaces-768x499.jpg 768w\" sizes=\"auto, (max-width: 924px) 100vw, 924px\" \/><\/a><figcaption id=\"caption-attachment-9859\" class=\"wp-caption-text\"><span style=\"color: #000000;\">Deuxi\u00e8me interview, \u00e0 la suite du premier, sur le th\u00e8me des Limaces.<\/span><\/figcaption><\/figure>\n<p><span style=\"color: #000000;\">D\u00e9but avril, Armelle, jardini\u00e8re-botaniste-animatrice au Jardin botanique de Saint Jean de Luz, est contact\u00e9e par \u00c9milie, qui r\u00e9alise des reportages pour la cha\u00eene t\u00e9l\u00e9vis\u00e9e TVPI. Elle lui sugg\u00e8re de s&rsquo;adresser \u00e0 l&rsquo;association Libre Cueillette et nous pr\u00e9vient en suivant. Sonia et moi d\u00e9cidons de concert de proposer le th\u00e8me si d\u00e9cri\u00e9 des \u00ab\u00a0Herbes folles\u00a0\u00bb. Non seulement le sujet est accept\u00e9 par la direction, mais celle-ci demandera d&rsquo;y ajouter un second reportage d\u00e9di\u00e9 aux Limaces ! C&rsquo;est Sonia qui pr\u00e9sentera chacun des deux sujets. Rendez-vous est pris avec \u00c9milie pour le mercredi 12 avril. Malheureusement, il pleut \u00e0 verse ce jour-l\u00e0 et la rencontre est report\u00e9e au lundi suivant \u00e0 9 heures. C&rsquo;est une bonne d\u00e9cision: le temps sera magnifique et la luminosit\u00e9 id\u00e9ale.<br \/><\/span><\/p>\n<figure id=\"attachment_9862\" aria-describedby=\"caption-attachment-9862\" style=\"width: 856px\" class=\"wp-caption aligncenter\"><a href=\"https:\/\/libre-cueillette.net\/wp-content\/uploads\/aIMG_20230417_091934.jpg\"><img loading=\"lazy\" decoding=\"async\" class=\"wp-image-9862 size-full\" src=\"https:\/\/libre-cueillette.net\/wp-content\/uploads\/aIMG_20230417_091934.jpg\" alt=\"\" width=\"856\" height=\"500\" srcset=\"https:\/\/libre-cueillette.net\/wp-content\/uploads\/aIMG_20230417_091934.jpg 856w, https:\/\/libre-cueillette.net\/wp-content\/uploads\/aIMG_20230417_091934-300x175.jpg 300w, https:\/\/libre-cueillette.net\/wp-content\/uploads\/aIMG_20230417_091934-768x449.jpg 768w\" sizes=\"auto, (max-width: 856px) 100vw, 856px\" \/><\/a><figcaption id=\"caption-attachment-9862\" class=\"wp-caption-text\"><span style=\"color: #000000;\">\u00c9change informel avec Sonia pendant qu\u2019\u00c9milie installe son mat\u00e9riel.<\/span><\/figcaption><\/figure>\n<figure id=\"attachment_9863\" aria-describedby=\"caption-attachment-9863\" style=\"width: 1039px\" class=\"wp-caption aligncenter\"><a href=\"https:\/\/libre-cueillette.net\/wp-content\/uploads\/aIMG_20230417_092256.jpg\"><img loading=\"lazy\" decoding=\"async\" class=\"wp-image-9863 size-full\" src=\"https:\/\/libre-cueillette.net\/wp-content\/uploads\/aIMG_20230417_092256.jpg\" alt=\"\" width=\"1039\" height=\"500\" srcset=\"https:\/\/libre-cueillette.net\/wp-content\/uploads\/aIMG_20230417_092256.jpg 1039w, https:\/\/libre-cueillette.net\/wp-content\/uploads\/aIMG_20230417_092256-300x144.jpg 300w, https:\/\/libre-cueillette.net\/wp-content\/uploads\/aIMG_20230417_092256-1024x493.jpg 1024w, https:\/\/libre-cueillette.net\/wp-content\/uploads\/aIMG_20230417_092256-768x370.jpg 768w\" sizes=\"auto, (max-width: 1039px) 100vw, 1039px\" \/><\/a><figcaption id=\"caption-attachment-9863\" class=\"wp-caption-text\"><span style=\"color: #000000;\">Mise au point de la cam\u00e9ra avec la Rhune en arri\u00e8re-plan.<\/span><\/figcaption><\/figure>\n<figure id=\"attachment_9864\" aria-describedby=\"caption-attachment-9864\" style=\"width: 1062px\" class=\"wp-caption aligncenter\"><a href=\"https:\/\/libre-cueillette.net\/wp-content\/uploads\/aIMG_20230417_092833.jpg\"><img loading=\"lazy\" decoding=\"async\" class=\"wp-image-9864 size-full\" src=\"https:\/\/libre-cueillette.net\/wp-content\/uploads\/aIMG_20230417_092833.jpg\" alt=\"\" width=\"1062\" height=\"500\" srcset=\"https:\/\/libre-cueillette.net\/wp-content\/uploads\/aIMG_20230417_092833.jpg 1062w, https:\/\/libre-cueillette.net\/wp-content\/uploads\/aIMG_20230417_092833-300x141.jpg 300w, https:\/\/libre-cueillette.net\/wp-content\/uploads\/aIMG_20230417_092833-1024x482.jpg 1024w, https:\/\/libre-cueillette.net\/wp-content\/uploads\/aIMG_20230417_092833-768x362.jpg 768w\" sizes=\"auto, (max-width: 1062px) 100vw, 1062px\" \/><\/a><figcaption id=\"caption-attachment-9864\" class=\"wp-caption-text\"><span style=\"color: #000000;\">Top chrono, c&rsquo;est parti: silence, on tourne !<\/span><\/figcaption><\/figure>\n<p><span style=\"color: #000000;\">Cela ne se voit pas, mais Sonia est hyper stress\u00e9e ! Toute la nuit pr\u00e9c\u00e9dente, elle a tent\u00e9 d&rsquo;\u00e9crire un script pour mettre en ordre ses id\u00e9es et les \u00e9noncer clairement devant la cam\u00e9ra, mais rien \u00e0 faire, non seulement elle n&rsquo;a rien pu r\u00e9diger, mais en plus elle a super mal dormi&#8230; Heureusement, son exp\u00e9rience d&rsquo;animatrice et toutes les formations qu&rsquo;elle a faites lui permettront d&rsquo;assurer sans probl\u00e8me. \u00c9milie, la jeune cin\u00e9aste, sera m\u00eame \u00e9pat\u00e9e de son aisance, de son \u00e9locution et de la clart\u00e9 de ses explications ! Puisque chacun des reportages ne durera que six minutes, nous n&rsquo;imaginons pas que les prises de vue n\u00e9cessiteront en r\u00e9alit\u00e9 la matin\u00e9e enti\u00e8re ! \u00c9milie est tellement enthousiasm\u00e9e par le lieu (le jardin install\u00e9 au sommet de deux immeubles contigus de Lilitegia, sur leur toit en terrasse), ainsi que par les deux sujets (herbes folles et limaces), qu&rsquo;elle souhaite prendre tout son temps pour bien les mettre en valeur.<\/span><\/p>\n<figure id=\"attachment_9865\" aria-describedby=\"caption-attachment-9865\" style=\"width: 918px\" class=\"wp-caption aligncenter\"><a href=\"https:\/\/libre-cueillette.net\/wp-content\/uploads\/aIMG_20230417_093204.jpg\"><img loading=\"lazy\" decoding=\"async\" class=\"wp-image-9865 size-full\" src=\"https:\/\/libre-cueillette.net\/wp-content\/uploads\/aIMG_20230417_093204.jpg\" alt=\"\" width=\"918\" height=\"500\" srcset=\"https:\/\/libre-cueillette.net\/wp-content\/uploads\/aIMG_20230417_093204.jpg 918w, https:\/\/libre-cueillette.net\/wp-content\/uploads\/aIMG_20230417_093204-300x163.jpg 300w, https:\/\/libre-cueillette.net\/wp-content\/uploads\/aIMG_20230417_093204-768x418.jpg 768w\" sizes=\"auto, (max-width: 918px) 100vw, 918px\" \/><\/a><figcaption id=\"caption-attachment-9865\" class=\"wp-caption-text\"><span style=\"color: #000000;\">Premier sujet, les Herbes folles: Sonia explique leur r\u00f4le, qui est multiple.<\/span><\/figcaption><\/figure>\n<figure id=\"attachment_9866\" aria-describedby=\"caption-attachment-9866\" style=\"width: 1013px\" class=\"wp-caption aligncenter\"><a href=\"https:\/\/libre-cueillette.net\/wp-content\/uploads\/aIMG_20230417_094023.jpg\"><img loading=\"lazy\" decoding=\"async\" class=\"wp-image-9866 size-full\" src=\"https:\/\/libre-cueillette.net\/wp-content\/uploads\/aIMG_20230417_094023.jpg\" alt=\"\" width=\"1013\" height=\"500\" srcset=\"https:\/\/libre-cueillette.net\/wp-content\/uploads\/aIMG_20230417_094023.jpg 1013w, https:\/\/libre-cueillette.net\/wp-content\/uploads\/aIMG_20230417_094023-300x148.jpg 300w, https:\/\/libre-cueillette.net\/wp-content\/uploads\/aIMG_20230417_094023-768x379.jpg 768w\" sizes=\"auto, (max-width: 1013px) 100vw, 1013px\" \/><\/a><figcaption id=\"caption-attachment-9866\" class=\"wp-caption-text\"><span style=\"color: #000000;\">Changement d&rsquo;angle de vue pour ne pas lasser le spectateur.<br \/><\/span><\/figcaption><\/figure>\n<figure id=\"attachment_9867\" aria-describedby=\"caption-attachment-9867\" style=\"width: 917px\" class=\"wp-caption aligncenter\"><a href=\"https:\/\/libre-cueillette.net\/wp-content\/uploads\/aIMG_20230417_094453.jpg\"><img loading=\"lazy\" decoding=\"async\" class=\"wp-image-9867 size-full\" src=\"https:\/\/libre-cueillette.net\/wp-content\/uploads\/aIMG_20230417_094453.jpg\" alt=\"\" width=\"917\" height=\"500\" srcset=\"https:\/\/libre-cueillette.net\/wp-content\/uploads\/aIMG_20230417_094453.jpg 917w, https:\/\/libre-cueillette.net\/wp-content\/uploads\/aIMG_20230417_094453-300x164.jpg 300w, https:\/\/libre-cueillette.net\/wp-content\/uploads\/aIMG_20230417_094453-768x419.jpg 768w\" sizes=\"auto, (max-width: 917px) 100vw, 917px\" \/><\/a><figcaption id=\"caption-attachment-9867\" class=\"wp-caption-text\"><span style=\"color: #000000;\">Passage \u00e0 un exemple concret, le tr\u00e8fle, sous le regard d&rsquo;une repr\u00e9sentante de l&rsquo;Office 64 venue assister au reportage.<br \/><\/span><\/figcaption><\/figure>\n<p><span style=\"color: #000000;\">Comme au cin\u00e9ma, la premi\u00e8re prise n&rsquo;est pas tout \u00e0 fait au point: \u00c9milie demandera \u00e0 Sonia de refaire son introduction plusieurs fois jusqu&rsquo;\u00e0 ce qu&rsquo;elle pr\u00e9sente correctement le lieu et le sujet. En effet, il ne s&rsquo;agit pas d&rsquo;un dialogue o\u00f9 Sonia r\u00e9pondrait aux questions pos\u00e9es par \u00c9milie, pr\u00e9sente \u00e0 ses c\u00f4t\u00e9s devant la cam\u00e9ra, mais d&rsquo;un expos\u00e9 o\u00f9 Sonia assume seule les deux r\u00f4les, tandis qu\u2019\u00c9milie demeure cach\u00e9e et muette, hors champ de la cam\u00e9ra.<\/span><\/p>\n<figure id=\"attachment_9871\" aria-describedby=\"caption-attachment-9871\" style=\"width: 986px\" class=\"wp-caption aligncenter\"><a href=\"https:\/\/libre-cueillette.net\/wp-content\/uploads\/aIMG_20230417_094809.jpg\"><img loading=\"lazy\" decoding=\"async\" class=\"wp-image-9871 size-full\" src=\"https:\/\/libre-cueillette.net\/wp-content\/uploads\/aIMG_20230417_094809.jpg\" alt=\"\" width=\"986\" height=\"400\" srcset=\"https:\/\/libre-cueillette.net\/wp-content\/uploads\/aIMG_20230417_094809.jpg 986w, https:\/\/libre-cueillette.net\/wp-content\/uploads\/aIMG_20230417_094809-300x122.jpg 300w, https:\/\/libre-cueillette.net\/wp-content\/uploads\/aIMG_20230417_094809-768x312.jpg 768w\" sizes=\"auto, (max-width: 986px) 100vw, 986px\" \/><\/a><figcaption id=\"caption-attachment-9871\" class=\"wp-caption-text\"><span style=\"color: #000000;\">Sonia montre les nodosit\u00e9s sur les racines du tr\u00e8fle.<\/span><\/figcaption><\/figure>\n<figure id=\"attachment_9872\" aria-describedby=\"caption-attachment-9872\" style=\"width: 967px\" class=\"wp-caption aligncenter\"><a href=\"https:\/\/libre-cueillette.net\/wp-content\/uploads\/aIMG_20230417_094831.jpg\"><img loading=\"lazy\" decoding=\"async\" class=\"wp-image-9872 size-full\" src=\"https:\/\/libre-cueillette.net\/wp-content\/uploads\/aIMG_20230417_094831.jpg\" alt=\"\" width=\"967\" height=\"400\" srcset=\"https:\/\/libre-cueillette.net\/wp-content\/uploads\/aIMG_20230417_094831.jpg 967w, https:\/\/libre-cueillette.net\/wp-content\/uploads\/aIMG_20230417_094831-300x124.jpg 300w, https:\/\/libre-cueillette.net\/wp-content\/uploads\/aIMG_20230417_094831-768x318.jpg 768w\" sizes=\"auto, (max-width: 967px) 100vw, 967px\" \/><\/a><figcaption id=\"caption-attachment-9872\" class=\"wp-caption-text\"><span style=\"color: #000000;\">\u00c9milie zoome sur la fleur de tr\u00e8fle.<\/span><\/figcaption><\/figure>\n<figure id=\"attachment_9873\" aria-describedby=\"caption-attachment-9873\" style=\"width: 1038px\" class=\"wp-caption aligncenter\"><a href=\"https:\/\/libre-cueillette.net\/wp-content\/uploads\/aIMG_20230417_094916.jpg\"><img loading=\"lazy\" decoding=\"async\" class=\"wp-image-9873 size-full\" src=\"https:\/\/libre-cueillette.net\/wp-content\/uploads\/aIMG_20230417_094916.jpg\" alt=\"\" width=\"1038\" height=\"500\" srcset=\"https:\/\/libre-cueillette.net\/wp-content\/uploads\/aIMG_20230417_094916.jpg 1038w, https:\/\/libre-cueillette.net\/wp-content\/uploads\/aIMG_20230417_094916-300x145.jpg 300w, https:\/\/libre-cueillette.net\/wp-content\/uploads\/aIMG_20230417_094916-1024x493.jpg 1024w, https:\/\/libre-cueillette.net\/wp-content\/uploads\/aIMG_20230417_094916-768x370.jpg 768w\" sizes=\"auto, (max-width: 1038px) 100vw, 1038px\" \/><\/a><figcaption id=\"caption-attachment-9873\" class=\"wp-caption-text\"><span style=\"color: #000000;\">\u00c9milie pr\u00e9voit \u00e0 l&rsquo;avance les incrustations qu&rsquo;elle va ins\u00e9rer dans son reportage.<\/span><\/figcaption><\/figure>\n<p><span style=\"color: #000000;\">Contrairement aux petites vid\u00e9os amateurs que l&rsquo;on peut trouver sur la Toile, \u00c9milie construit son petit documentaire en variant les angles de vue, mais \u00e9galement en pr\u00e9voyant d&rsquo;ins\u00e9rer des incrustations pour illustrer le discours de Sonia et mettre un peu de dynamisme dans le traitement du sujet. Ainsi, par exemple, elle prend son appareil photo \u00e0 la main pour effectuer des macros sur les nodosit\u00e9s (ou nodules) pr\u00e9sentes sur les racines de tr\u00e8fle. En effet, sous l&rsquo;action de certaines bact\u00e9ries, des poils absorbants des racines se modifient et prennent la forme de petites boules qui permettent \u00e0 la plante de capter directement l&rsquo;azote de l&rsquo;air et synth\u00e9tiser naturellement des substances fertilisantes. Cette symbiose entre les plantes et les bact\u00e9ries se produit sur toutes les Fabac\u00e9es (que l&rsquo;on appelait autrefois les L\u00e9gumineuses) comme la f\u00e8ve &#8211; qui a donn\u00e9 son nom \u00e0 cette famille de plantes -, mais aussi le pois, le haricot, le soja, l&rsquo;arachide, les lentilles et beaucoup de plantes sauvages, herbes, arbustes ou arbres qui produisent des gousses o\u00f9 se trouvent les graines.<\/span><\/p>\n<figure id=\"attachment_9876\" aria-describedby=\"caption-attachment-9876\" style=\"width: 1115px\" class=\"wp-caption aligncenter\"><a href=\"https:\/\/libre-cueillette.net\/wp-content\/uploads\/aIMG_20230417_100411.jpg\"><img loading=\"lazy\" decoding=\"async\" class=\"wp-image-9876 size-full\" src=\"https:\/\/libre-cueillette.net\/wp-content\/uploads\/aIMG_20230417_100411.jpg\" alt=\"\" width=\"1115\" height=\"500\" srcset=\"https:\/\/libre-cueillette.net\/wp-content\/uploads\/aIMG_20230417_100411.jpg 1115w, https:\/\/libre-cueillette.net\/wp-content\/uploads\/aIMG_20230417_100411-300x135.jpg 300w, https:\/\/libre-cueillette.net\/wp-content\/uploads\/aIMG_20230417_100411-1024x459.jpg 1024w, https:\/\/libre-cueillette.net\/wp-content\/uploads\/aIMG_20230417_100411-768x344.jpg 768w\" sizes=\"auto, (max-width: 1115px) 100vw, 1115px\" \/><\/a><figcaption id=\"caption-attachment-9876\" class=\"wp-caption-text\"><span style=\"color: #000000;\">Sonia montre la grelinette qui permet un d\u00e9sherbage facile sans retourner la terre.<\/span><\/figcaption><\/figure>\n<figure id=\"attachment_9875\" aria-describedby=\"caption-attachment-9875\" style=\"width: 1005px\" class=\"wp-caption aligncenter\"><a href=\"https:\/\/libre-cueillette.net\/wp-content\/uploads\/aIMG_20230417_095603.jpg\"><img loading=\"lazy\" decoding=\"async\" class=\"wp-image-9875 size-full\" src=\"https:\/\/libre-cueillette.net\/wp-content\/uploads\/aIMG_20230417_095603.jpg\" alt=\"\" width=\"1005\" height=\"400\" srcset=\"https:\/\/libre-cueillette.net\/wp-content\/uploads\/aIMG_20230417_095603.jpg 1005w, https:\/\/libre-cueillette.net\/wp-content\/uploads\/aIMG_20230417_095603-300x119.jpg 300w, https:\/\/libre-cueillette.net\/wp-content\/uploads\/aIMG_20230417_095603-768x306.jpg 768w\" sizes=\"auto, (max-width: 1005px) 100vw, 1005px\" \/><\/a><figcaption id=\"caption-attachment-9875\" class=\"wp-caption-text\"><span style=\"color: #000000;\">La plate-bande cultiv\u00e9e est prot\u00e9g\u00e9e et nourrie par le parterre de tr\u00e8fle sauvage conserv\u00e9 de part et d&rsquo;autre.<\/span><\/figcaption><\/figure>\n<figure id=\"attachment_9874\" aria-describedby=\"caption-attachment-9874\" style=\"width: 924px\" class=\"wp-caption aligncenter\"><a href=\"https:\/\/libre-cueillette.net\/wp-content\/uploads\/aIMG_20230417_095051.jpg\"><img loading=\"lazy\" decoding=\"async\" class=\"wp-image-9874 size-full\" src=\"https:\/\/libre-cueillette.net\/wp-content\/uploads\/aIMG_20230417_095051.jpg\" alt=\"\" width=\"924\" height=\"600\" srcset=\"https:\/\/libre-cueillette.net\/wp-content\/uploads\/aIMG_20230417_095051.jpg 924w, https:\/\/libre-cueillette.net\/wp-content\/uploads\/aIMG_20230417_095051-300x195.jpg 300w, https:\/\/libre-cueillette.net\/wp-content\/uploads\/aIMG_20230417_095051-768x499.jpg 768w\" sizes=\"auto, (max-width: 924px) 100vw, 924px\" \/><\/a><figcaption id=\"caption-attachment-9874\" class=\"wp-caption-text\"><span style=\"color: #000000;\">Zoom sur le tr\u00e8fle blanc et le tr\u00e8fle incarnat, des plantes sauvages qui nourrissent naturellement le sol \u00e9puis\u00e9 par les cultures pr\u00e9c\u00e9dentes de courges.<\/span><\/figcaption><\/figure>\n<p><span style=\"color: #000000;\">Outre un amendement naturel du sol, le massif de tr\u00e8fle procure au ras du sol un micro-climat chaud et humide, de m\u00eame qu&rsquo;une protection contre les bourrasques de vent. Ainsi, une clairi\u00e8re y a \u00e9t\u00e9 ouverte en d\u00e9sherbant \u00e0 la grelinette juste l&rsquo;espace n\u00e9cessaire \u00e0 deux rangs de plants de tomates et de courges. Pour plus de s\u00e9curit\u00e9, ils ont \u00e9t\u00e9 recouverts d&rsquo;un tunnel translucide afin d&rsquo;\u00e9viter un dess\u00e8chement et des \u00e9carts de temp\u00e9rature excessifs comme il peut s&rsquo;en produire au printemps. Juste pour le reportage, Sonia montre rapidement l&rsquo;usage de la grelinette dans un angle du massif.<\/span><\/p>\n<figure id=\"attachment_9880\" aria-describedby=\"caption-attachment-9880\" style=\"width: 977px\" class=\"wp-caption aligncenter\"><a href=\"https:\/\/libre-cueillette.net\/wp-content\/uploads\/aIMG_20230417_100846.jpg\"><img loading=\"lazy\" decoding=\"async\" class=\"wp-image-9880 size-full\" src=\"https:\/\/libre-cueillette.net\/wp-content\/uploads\/aIMG_20230417_100846.jpg\" alt=\"\" width=\"977\" height=\"500\" srcset=\"https:\/\/libre-cueillette.net\/wp-content\/uploads\/aIMG_20230417_100846.jpg 977w, https:\/\/libre-cueillette.net\/wp-content\/uploads\/aIMG_20230417_100846-300x154.jpg 300w, https:\/\/libre-cueillette.net\/wp-content\/uploads\/aIMG_20230417_100846-768x393.jpg 768w\" sizes=\"auto, (max-width: 977px) 100vw, 977px\" \/><\/a><figcaption id=\"caption-attachment-9880\" class=\"wp-caption-text\"><span style=\"color: #000000;\">Deuxi\u00e8me reportage, les Limaces !<\/span><\/figcaption><\/figure>\n<figure id=\"attachment_9881\" aria-describedby=\"caption-attachment-9881\" style=\"width: 994px\" class=\"wp-caption aligncenter\"><a href=\"https:\/\/libre-cueillette.net\/wp-content\/uploads\/aIMG_20230417_100950.jpg\"><img loading=\"lazy\" decoding=\"async\" class=\"wp-image-9881 size-full\" src=\"https:\/\/libre-cueillette.net\/wp-content\/uploads\/aIMG_20230417_100950.jpg\" alt=\"\" width=\"994\" height=\"500\" srcset=\"https:\/\/libre-cueillette.net\/wp-content\/uploads\/aIMG_20230417_100950.jpg 994w, https:\/\/libre-cueillette.net\/wp-content\/uploads\/aIMG_20230417_100950-300x151.jpg 300w, https:\/\/libre-cueillette.net\/wp-content\/uploads\/aIMG_20230417_100950-768x386.jpg 768w\" sizes=\"auto, (max-width: 994px) 100vw, 994px\" \/><\/a><figcaption id=\"caption-attachment-9881\" class=\"wp-caption-text\"><span style=\"color: #000000;\">Sonia encha\u00eene sans probl\u00e8me sur le second sujet.<\/span><\/figcaption><\/figure>\n<figure id=\"attachment_9882\" aria-describedby=\"caption-attachment-9882\" style=\"width: 1135px\" class=\"wp-caption aligncenter\"><a href=\"https:\/\/libre-cueillette.net\/wp-content\/uploads\/aIMG_20230417_101647.jpg\"><img loading=\"lazy\" decoding=\"async\" class=\"wp-image-9882 size-full\" src=\"https:\/\/libre-cueillette.net\/wp-content\/uploads\/aIMG_20230417_101647.jpg\" alt=\"\" width=\"1135\" height=\"400\" srcset=\"https:\/\/libre-cueillette.net\/wp-content\/uploads\/aIMG_20230417_101647.jpg 1135w, https:\/\/libre-cueillette.net\/wp-content\/uploads\/aIMG_20230417_101647-300x106.jpg 300w, https:\/\/libre-cueillette.net\/wp-content\/uploads\/aIMG_20230417_101647-1024x361.jpg 1024w, https:\/\/libre-cueillette.net\/wp-content\/uploads\/aIMG_20230417_101647-768x271.jpg 768w\" sizes=\"auto, (max-width: 1135px) 100vw, 1135px\" \/><\/a><figcaption id=\"caption-attachment-9882\" class=\"wp-caption-text\"><span style=\"color: #000000;\">Encore un changement d&rsquo;angle de vue.<\/span><\/figcaption><\/figure>\n<p><span style=\"color: #000000;\">En montrant les herbes qui poussent en spontan\u00e9 et le massif de fraisiers, Sonia a signal\u00e9 \u00e0 \u00c9milie la pr\u00e9sence de petites limaces, une transition fort \u00e0 propos puisque le second reportage se fait \u00e0 la suite du pr\u00e9c\u00e9dent. Il y a \u00e9galement des insectes, butineurs ou suceurs de s\u00e8ve, ainsi que des oiseaux qui surveillent les op\u00e9rations et s&rsquo;int\u00e9ressent de pr\u00e8s aux graines des herbes folles qu&rsquo;ils viennent collecter en jouant aux \u00e9quilibristes sur les tiges fr\u00eales.<br \/><\/span><\/p>\n<figure id=\"attachment_9884\" aria-describedby=\"caption-attachment-9884\" style=\"width: 1098px\" class=\"wp-caption aligncenter\"><a href=\"https:\/\/libre-cueillette.net\/wp-content\/uploads\/aIMG_20230417_102006.jpg\"><img loading=\"lazy\" decoding=\"async\" class=\"wp-image-9884 size-full\" src=\"https:\/\/libre-cueillette.net\/wp-content\/uploads\/aIMG_20230417_102006.jpg\" alt=\"\" width=\"1098\" height=\"500\" srcset=\"https:\/\/libre-cueillette.net\/wp-content\/uploads\/aIMG_20230417_102006.jpg 1098w, https:\/\/libre-cueillette.net\/wp-content\/uploads\/aIMG_20230417_102006-300x137.jpg 300w, https:\/\/libre-cueillette.net\/wp-content\/uploads\/aIMG_20230417_102006-1024x466.jpg 1024w, https:\/\/libre-cueillette.net\/wp-content\/uploads\/aIMG_20230417_102006-768x350.jpg 768w\" sizes=\"auto, (max-width: 1098px) 100vw, 1098px\" \/><\/a><figcaption id=\"caption-attachment-9884\" class=\"wp-caption-text\"><span style=\"color: #000000;\">Sonia montre une limace \u00e0 \u00c9milie qui la photographie.<\/span><\/figcaption><\/figure>\n<figure id=\"attachment_9885\" aria-describedby=\"caption-attachment-9885\" style=\"width: 941px\" class=\"wp-caption aligncenter\"><a href=\"https:\/\/libre-cueillette.net\/wp-content\/uploads\/aIMG_20230417_102409.jpg\"><img loading=\"lazy\" decoding=\"async\" class=\"wp-image-9885 size-full\" src=\"https:\/\/libre-cueillette.net\/wp-content\/uploads\/aIMG_20230417_102409.jpg\" alt=\"\" width=\"941\" height=\"400\" srcset=\"https:\/\/libre-cueillette.net\/wp-content\/uploads\/aIMG_20230417_102409.jpg 941w, https:\/\/libre-cueillette.net\/wp-content\/uploads\/aIMG_20230417_102409-300x128.jpg 300w, https:\/\/libre-cueillette.net\/wp-content\/uploads\/aIMG_20230417_102409-768x326.jpg 768w\" sizes=\"auto, (max-width: 941px) 100vw, 941px\" \/><\/a><figcaption id=\"caption-attachment-9885\" class=\"wp-caption-text\"><span style=\"color: #000000;\">Les quelques fraisiers implant\u00e9s se sont multipli\u00e9s de fa\u00e7on extraordinaire.<\/span><\/figcaption><\/figure>\n<figure id=\"attachment_9886\" aria-describedby=\"caption-attachment-9886\" style=\"width: 1058px\" class=\"wp-caption aligncenter\"><a href=\"https:\/\/libre-cueillette.net\/wp-content\/uploads\/aIMG_20230417_102718.jpg\"><img loading=\"lazy\" decoding=\"async\" class=\"wp-image-9886 size-full\" src=\"https:\/\/libre-cueillette.net\/wp-content\/uploads\/aIMG_20230417_102718.jpg\" alt=\"\" width=\"1058\" height=\"500\" srcset=\"https:\/\/libre-cueillette.net\/wp-content\/uploads\/aIMG_20230417_102718.jpg 1058w, https:\/\/libre-cueillette.net\/wp-content\/uploads\/aIMG_20230417_102718-300x142.jpg 300w, https:\/\/libre-cueillette.net\/wp-content\/uploads\/aIMG_20230417_102718-1024x484.jpg 1024w, https:\/\/libre-cueillette.net\/wp-content\/uploads\/aIMG_20230417_102718-768x363.jpg 768w\" sizes=\"auto, (max-width: 1058px) 100vw, 1058px\" \/><\/a><figcaption id=\"caption-attachment-9886\" class=\"wp-caption-text\"><span style=\"color: #000000;\">M\u00ealer intimement le sauvage et le cultiv\u00e9 dans le jardin.<\/span><\/figcaption><\/figure>\n<figure id=\"attachment_9895\" aria-describedby=\"caption-attachment-9895\" style=\"width: 833px\" class=\"wp-caption aligncenter\"><a href=\"https:\/\/libre-cueillette.net\/wp-content\/uploads\/aIMG_20230417_111032_sauge-sclaree.jpg\"><img loading=\"lazy\" decoding=\"async\" class=\"wp-image-9895 size-full\" src=\"https:\/\/libre-cueillette.net\/wp-content\/uploads\/aIMG_20230417_111032_sauge-sclaree.jpg\" alt=\"\" width=\"833\" height=\"600\" srcset=\"https:\/\/libre-cueillette.net\/wp-content\/uploads\/aIMG_20230417_111032_sauge-sclaree.jpg 833w, https:\/\/libre-cueillette.net\/wp-content\/uploads\/aIMG_20230417_111032_sauge-sclaree-300x216.jpg 300w, https:\/\/libre-cueillette.net\/wp-content\/uploads\/aIMG_20230417_111032_sauge-sclaree-768x553.jpg 768w\" sizes=\"auto, (max-width: 833px) 100vw, 833px\" \/><\/a><figcaption id=\"caption-attachment-9895\" class=\"wp-caption-text\"><span style=\"color: #000000;\">Sauge sclar\u00e9e aux boutons pr\u00e8s d&rsquo;\u00e9clore.<\/span><\/figcaption><\/figure>\n<figure id=\"attachment_9896\" aria-describedby=\"caption-attachment-9896\" style=\"width: 923px\" class=\"wp-caption aligncenter\"><a href=\"https:\/\/libre-cueillette.net\/wp-content\/uploads\/aIMG_20230417_113542_syrphe-nymphe.jpg\"><img loading=\"lazy\" decoding=\"async\" class=\"wp-image-9896 size-full\" src=\"https:\/\/libre-cueillette.net\/wp-content\/uploads\/aIMG_20230417_113542_syrphe-nymphe.jpg\" alt=\"\" width=\"923\" height=\"520\" srcset=\"https:\/\/libre-cueillette.net\/wp-content\/uploads\/aIMG_20230417_113542_syrphe-nymphe.jpg 923w, https:\/\/libre-cueillette.net\/wp-content\/uploads\/aIMG_20230417_113542_syrphe-nymphe-300x169.jpg 300w, https:\/\/libre-cueillette.net\/wp-content\/uploads\/aIMG_20230417_113542_syrphe-nymphe-768x433.jpg 768w\" sizes=\"auto, (max-width: 923px) 100vw, 923px\" \/><\/a><figcaption id=\"caption-attachment-9896\" class=\"wp-caption-text\"><span style=\"color: #000000;\">Nymphe de syrphe (un auxiliaire du jardinier)<\/span><\/figcaption><\/figure>\n<figure id=\"attachment_9897\" aria-describedby=\"caption-attachment-9897\" style=\"width: 1068px\" class=\"wp-caption aligncenter\"><a href=\"https:\/\/libre-cueillette.net\/wp-content\/uploads\/aIMG_20230417_113856.jpg\"><img loading=\"lazy\" decoding=\"async\" class=\"wp-image-9897 size-full\" src=\"https:\/\/libre-cueillette.net\/wp-content\/uploads\/aIMG_20230417_113856.jpg\" alt=\"\" width=\"1068\" height=\"600\" srcset=\"https:\/\/libre-cueillette.net\/wp-content\/uploads\/aIMG_20230417_113856.jpg 1068w, https:\/\/libre-cueillette.net\/wp-content\/uploads\/aIMG_20230417_113856-300x169.jpg 300w, https:\/\/libre-cueillette.net\/wp-content\/uploads\/aIMG_20230417_113856-1024x575.jpg 1024w, https:\/\/libre-cueillette.net\/wp-content\/uploads\/aIMG_20230417_113856-768x431.jpg 768w\" sizes=\"auto, (max-width: 1068px) 100vw, 1068px\" \/><\/a><figcaption id=\"caption-attachment-9897\" class=\"wp-caption-text\"><span style=\"color: #000000;\">Des toutes petites fleurs originales<\/span><\/figcaption><\/figure>\n<p>\u00a0<\/p>\n<p>\u00a0<\/p>\n<p>\u00a0<\/p>\n<p>\u00a0<\/p>\n","protected":false},"excerpt":{"rendered":"<p>D\u00e9but avril, Armelle, jardini\u00e8re-botaniste-animatrice au Jardin botanique de Saint Jean de Luz, est contact\u00e9e par \u00c9milie, qui r\u00e9alise des reportages pour la cha\u00eene t\u00e9l\u00e9vis\u00e9e TVPI. Elle lui sugg\u00e8re de s&rsquo;adresser \u00e0 l&rsquo;association Libre Cueillette et nous pr\u00e9vient en suivant. Sonia<\/p>\n","protected":false},"author":1,"featured_media":0,"comment_status":"open","ping_status":"open","sticky":false,"template":"","format":"standard","meta":{"footnotes":""},"categories":[364],"tags":[366],"class_list":["post-9855","post","type-post","status-publish","format-standard","hentry","category-lilitegia","tag-366"],"_links":{"self":[{"href":"https:\/\/libre-cueillette.net\/index.php\/wp-json\/wp\/v2\/posts\/9855","targetHints":{"allow":["GET"]}}],"collection":[{"href":"https:\/\/libre-cueillette.net\/index.php\/wp-json\/wp\/v2\/posts"}],"about":[{"href":"https:\/\/libre-cueillette.net\/index.php\/wp-json\/wp\/v2\/types\/post"}],"author":[{"embeddable":true,"href":"https:\/\/libre-cueillette.net\/index.php\/wp-json\/wp\/v2\/users\/1"}],"replies":[{"embeddable":true,"href":"https:\/\/libre-cueillette.net\/index.php\/wp-json\/wp\/v2\/comments?post=9855"}],"version-history":[{"count":11,"href":"https:\/\/libre-cueillette.net\/index.php\/wp-json\/wp\/v2\/posts\/9855\/revisions"}],"predecessor-version":[{"id":9990,"href":"https:\/\/libre-cueillette.net\/index.php\/wp-json\/wp\/v2\/posts\/9855\/revisions\/9990"}],"wp:attachment":[{"href":"https:\/\/libre-cueillette.net\/index.php\/wp-json\/wp\/v2\/media?parent=9855"}],"wp:term":[{"taxonomy":"category","embeddable":true,"href":"https:\/\/libre-cueillette.net\/index.php\/wp-json\/wp\/v2\/categories?post=9855"},{"taxonomy":"post_tag","embeddable":true,"href":"https:\/\/libre-cueillette.net\/index.php\/wp-json\/wp\/v2\/tags?post=9855"}],"curies":[{"name":"wp","href":"https:\/\/api.w.org\/{rel}","templated":true}]}}