{"id":9999,"date":"2023-06-10T07:40:56","date_gmt":"2023-06-10T06:40:56","guid":{"rendered":"https:\/\/libre-cueillette.net\/?p=9999"},"modified":"2023-06-16T18:31:10","modified_gmt":"2023-06-16T17:31:10","slug":"experience-au-jardin","status":"publish","type":"post","link":"https:\/\/libre-cueillette.net\/index.php\/2023\/06\/10\/experience-au-jardin\/","title":{"rendered":"Exp\u00e9rience au jardin"},"content":{"rendered":"\n<figure id=\"attachment_10053\" aria-describedby=\"caption-attachment-10053\" style=\"width: 1062px\" class=\"wp-caption aligncenter\"><a href=\"https:\/\/libre-cueillette.net\/wp-content\/uploads\/a_IMG_1597.jpg\"><img loading=\"lazy\" decoding=\"async\" class=\"wp-image-10053 size-full\" src=\"https:\/\/libre-cueillette.net\/wp-content\/uploads\/a_IMG_1597.jpg\" alt=\"\" width=\"1062\" height=\"600\" srcset=\"https:\/\/libre-cueillette.net\/wp-content\/uploads\/a_IMG_1597.jpg 1062w, https:\/\/libre-cueillette.net\/wp-content\/uploads\/a_IMG_1597-300x169.jpg 300w, https:\/\/libre-cueillette.net\/wp-content\/uploads\/a_IMG_1597-1024x579.jpg 1024w, https:\/\/libre-cueillette.net\/wp-content\/uploads\/a_IMG_1597-768x434.jpg 768w\" sizes=\"auto, (max-width: 1062px) 100vw, 1062px\" \/><\/a><figcaption id=\"caption-attachment-10053\" class=\"wp-caption-text\"><span style=\"color: #000000;\">Petite faune du jardin: Fauvette \u00e0 t\u00eate noire au bas de la mangeoire fix\u00e9e au palmier et nich\u00e9e de Merle noir dans la haie de thuyas (mars 2023)<br \/><\/span><\/figcaption><\/figure>\n<h2><span style=\"color: #000000;\">Le choc<\/span><\/h2>\n<p><span style=\"color: #000000;\">Depuis une semaine, je suis sous le choc. Sous couvert d&rsquo;un arr\u00eat\u00e9 pr\u00e9fectoral du 21 novembre 2022 s&rsquo;appuyant sur l&rsquo;article 134-6 du Code forestier promulgu\u00e9 en 2012, la ville d&rsquo;Anglet vient de distribuer le 9 juin 2023 \u00e0 ses administr\u00e9s un courrier accompagn\u00e9 d&rsquo;une brochure d\u00e9taill\u00e9e faisant \u00e9tat de l&rsquo;obligation l\u00e9gale de \u00ab\u00a0d\u00e9broussaillement\u00a0\u00bb impos\u00e9e \u00e0 la commune. En voici le motif : \u00ab\u00a0<em>Le feu de for\u00eat est un risque majeur identifi\u00e9 pour la ville d&rsquo;Anglet compte tenu des nombreux boisements et for\u00eats pr\u00e9sents sur le territoire<\/em>\u00ab\u00a0. Cette mesure fait suite \u00e0 l&rsquo;unique incendie qui s&rsquo;est produit le 30 juillet 2020 dans la pin\u00e8de situ\u00e9e sur les dunes de Chiberta, \u00e0 l&rsquo;extr\u00e9mit\u00e9 nord de la ville, dans l&rsquo;angle form\u00e9 par les plages et l&rsquo;Adour \u00e0 son embouchure. Il a eu pour cause un geste criminel dont la port\u00e9e a \u00e9t\u00e9 aggrav\u00e9e par une forte s\u00e9cheresse estivale et un vent du sud soufflant en temp\u00eate. <br \/><\/span><\/p>\n<p style=\"text-align: center;\"><a href=\"https:\/\/libre-cueillette.net\/wp-content\/uploads\/anglet_debroussailler.jpeg\"><img loading=\"lazy\" decoding=\"async\" class=\"aligncenter size-full wp-image-10051\" src=\"https:\/\/libre-cueillette.net\/wp-content\/uploads\/anglet_debroussailler.jpeg\" alt=\"\" width=\"279\" height=\"400\" srcset=\"https:\/\/libre-cueillette.net\/wp-content\/uploads\/anglet_debroussailler.jpeg 279w, https:\/\/libre-cueillette.net\/wp-content\/uploads\/anglet_debroussailler-209x300.jpeg 209w\" sizes=\"auto, (max-width: 279px) 100vw, 279px\" \/><\/a><\/p>\n<h2><span style=\"color: #000000;\">Contradictions<\/span><\/h2>\n<p><span style=\"color: #000000;\">Pourtant, il est d\u00e9sormais de notori\u00e9t\u00e9 publique que les effets d\u00e9l\u00e9t\u00e8res du changement climatique, notamment la canicule et la s\u00e9cheresse, mais \u00e9galement les pr\u00e9cipitations tr\u00e8s brutales et tr\u00e8s abondantes, n\u00e9cessitent une adaptation des villes qui passe par leur v\u00e9g\u00e9talisation. Je m&rsquo;attends \u00e0 recevoir un nouveau courrier de la mairie pr\u00e9conisant les mesures \u00e0 prendre pour se pr\u00e9munir des fortes chaleurs. L&rsquo;an pass\u00e9, elles consistaient &#8211; pour les personnes \u00e0 risque (retrait\u00e9s, malades, femmes enceintes, jeunes enfants&#8230;) &#8211; \u00e0 rester claquemur\u00e9 chez soi en journ\u00e9e, volets ferm\u00e9s, s&rsquo;humecter et boire en abondance. Mais en l&rsquo;absence d&rsquo;une isolation suffisante et d&rsquo;un syst\u00e8me de climatisation, la temp\u00e9rature montera quand m\u00eame dans bien des b\u00e2timents, d&rsquo;autant qu&rsquo;il n&rsquo;est pas toujours possible de cr\u00e9er un courant d&rsquo;air entre deux fa\u00e7ades oppos\u00e9es pour \u00e9vacuer la chaleur. <\/span><\/p>\n<figure id=\"attachment_10054\" aria-describedby=\"caption-attachment-10054\" style=\"width: 800px\" class=\"wp-caption aligncenter\"><a href=\"https:\/\/libre-cueillette.net\/wp-content\/uploads\/aIMG_20230607_094931.jpg\"><img loading=\"lazy\" decoding=\"async\" class=\"wp-image-10054 size-full\" src=\"https:\/\/libre-cueillette.net\/wp-content\/uploads\/aIMG_20230607_094931.jpg\" alt=\"\" width=\"800\" height=\"600\" srcset=\"https:\/\/libre-cueillette.net\/wp-content\/uploads\/aIMG_20230607_094931.jpg 800w, https:\/\/libre-cueillette.net\/wp-content\/uploads\/aIMG_20230607_094931-300x225.jpg 300w, https:\/\/libre-cueillette.net\/wp-content\/uploads\/aIMG_20230607_094931-768x576.jpg 768w\" sizes=\"auto, (max-width: 800px) 100vw, 800px\" \/><\/a><figcaption id=\"caption-attachment-10054\" class=\"wp-caption-text\"><span style=\"color: #000000;\">Une ambiance de for\u00eat vierge pour ombrager la fa\u00e7ade sud (palmier, noisetier, foug\u00e8re, acanthe, lierre) (juin 2023)<br \/><\/span><\/figcaption><\/figure>\n<p><span style=\"color: #000000;\">Une lecture attentive de la brochure jointe au courrier r\u00e9v\u00e8le que l&rsquo;injonction d\u00e9passe de loin la simple notion de d\u00e9broussaillement et qu&rsquo;elle consiste en une \u00e9viction quasi totale de tout arbre ou arbuste dans tous les lotissements compos\u00e9s de petites parcelles, ou plus g\u00e9n\u00e9ralement tout b\u00e2timent ne disposant que d&rsquo;un espace tr\u00e8s restreint sur le pourtour. Or si on supprime les arbres proches des b\u00e2timents, qu&rsquo;on \u00e9lague les rescap\u00e9s pour r\u00e9duire leur taille et leur envergure, si on supprime les buissons, si on taille les haies en les maintenant basses et \u00e9troites, si on tond les pelouses \u00e0 ras du sol, ou enfin, de fa\u00e7on plus radicale, si on exclut toute v\u00e9g\u00e9tation autour des b\u00e2timents qui ne demeurent plus cern\u00e9s que par des parkings, des terrasses, des cl\u00f4tures min\u00e9rales ou en plastique, la climatisation naturelle devient impossible.<\/span><\/p>\n<figure id=\"attachment_10055\" aria-describedby=\"caption-attachment-10055\" style=\"width: 1000px\" class=\"wp-caption aligncenter\"><a href=\"https:\/\/libre-cueillette.net\/wp-content\/uploads\/aIMG_20230401_164545.jpg\"><img loading=\"lazy\" decoding=\"async\" class=\"wp-image-10055 size-full\" src=\"https:\/\/libre-cueillette.net\/wp-content\/uploads\/aIMG_20230401_164545.jpg\" alt=\"\" width=\"1000\" height=\"600\" srcset=\"https:\/\/libre-cueillette.net\/wp-content\/uploads\/aIMG_20230401_164545.jpg 1000w, https:\/\/libre-cueillette.net\/wp-content\/uploads\/aIMG_20230401_164545-300x180.jpg 300w, https:\/\/libre-cueillette.net\/wp-content\/uploads\/aIMG_20230401_164545-768x461.jpg 768w\" sizes=\"auto, (max-width: 1000px) 100vw, 1000px\" \/><\/a><figcaption id=\"caption-attachment-10055\" class=\"wp-caption-text\"><span style=\"color: #000000;\">Des arbres fruitiers dans tout le jardin: Prunier \u00e0 mirabelles sem\u00e9 \u00ab\u00a0tout seul\u00a0\u00bb \u00e0 l&rsquo;angle de la maison, butin\u00e9 par les abeilles &#8211; Citronnier croulant sous le poids des fruits &#8211; Araign\u00e9e crabe (Thomise variable) m\u00e2le dans une fleur de l&rsquo;oranger plant\u00e9 \u00e0 c\u00f4t\u00e9 du citronnier. (avril 2023)<\/span><\/figcaption><\/figure>\n<h2><span style=\"color: #000000;\">Exp\u00e9rimentation<\/span><\/h2>\n<p><span style=\"color: #000000;\">Depuis plusieurs ann\u00e9es, j&rsquo;exp\u00e9rimente dans le petit jardin qui entoure ma maison. J&rsquo;observe l&rsquo;\u00e9volution de sa v\u00e9g\u00e9tation et la fa\u00e7on dont celle-ci r\u00e9agit \u00e0 l&rsquo;absence de tonte ou de taille syst\u00e9matique. J&rsquo;effectue un traitement diff\u00e9renci\u00e9 selon les espaces. Ce qui \u00e9tait pelouse devient prairie, clairi\u00e8re, et pour y conserver une v\u00e9g\u00e9tation herbac\u00e9e, j&rsquo;en extirpe r\u00e9guli\u00e8rement \u00e0 la main tout jeune arbre ou arbuste qui s&rsquo;y s\u00e8me naturellement, soit par chute des graines des ligneux alentour, soit par leur apport par des animaux, le vent, le ruissellement ou tout autre moyen. Les herbes effectuent tout leur cycle, germent, croissent, fleurissent et produisent leurs graines avant de faner et se d\u00e9composer sur le sol. Chaque esp\u00e8ce le fait \u00e0 son rythme, puis laisse la place \u00e0 d&rsquo;autres qui prennent la suite, le jardin changeant de physionomie au fur et \u00e0 mesure des saisons qui se succ\u00e8dent. <\/span><\/p>\n<p><span style=\"color: #000000;\">En ce qui concerne les haies, je les laisse cro\u00eetre et s&rsquo;enrichir d&rsquo;esp\u00e8ces sauvages, ne taillant que ce qui pourrait g\u00eaner mes voisins ou occulterait le soleil sur la fa\u00e7ade sud de la maison lors de sa course la plus basse au solstice d&rsquo;hiver. Enfin, je me suis prise de passion pour les arbres et arbustes fruitiers qui n\u00e9cessitent nettement moins de soins qu&rsquo;un potager et s&rsquo;accommodent d&rsquo;un environnement semi-sauvage. Je ne cesse donc d&rsquo;en introduire de nouveaux et de laisser pousser ceux qui s&rsquo;implantent \u00ab\u00a0tout seuls\u00a0\u00bb dans la mesure o\u00f9 ils n&#8217;empi\u00e8tent pas sur l&rsquo;espace enherb\u00e9. Mon objectif est \u00e9galement d&rsquo;offrir, \u00e0 mon \u00e9chelle minuscule, le g\u00eete et le couvert \u00e0 la petite faune. En effet, en accroissant la diversit\u00e9 v\u00e9g\u00e9tale, j&rsquo;accrois du m\u00eame coup la diversit\u00e9 animale. Ann\u00e9e apr\u00e8s ann\u00e9e, les deux s&rsquo;enrichissent mutuellement et je ne cesse de m&rsquo;\u00e9merveiller de d\u00e9couvrir de nouveaux arrivants.<\/span><\/p>\n<figure id=\"attachment_10057\" aria-describedby=\"caption-attachment-10057\" style=\"width: 923px\" class=\"wp-caption aligncenter\"><a href=\"https:\/\/libre-cueillette.net\/wp-content\/uploads\/a_IMG_20230501_152410.jpg\"><img loading=\"lazy\" decoding=\"async\" class=\"wp-image-10057 size-full\" src=\"https:\/\/libre-cueillette.net\/wp-content\/uploads\/a_IMG_20230501_152410.jpg\" alt=\"\" width=\"923\" height=\"591\" srcset=\"https:\/\/libre-cueillette.net\/wp-content\/uploads\/a_IMG_20230501_152410.jpg 923w, https:\/\/libre-cueillette.net\/wp-content\/uploads\/a_IMG_20230501_152410-300x192.jpg 300w, https:\/\/libre-cueillette.net\/wp-content\/uploads\/a_IMG_20230501_152410-768x492.jpg 768w\" sizes=\"auto, (max-width: 923px) 100vw, 923px\" \/><\/a><figcaption id=\"caption-attachment-10057\" class=\"wp-caption-text\"><span style=\"color: #000000;\">Clathre rouge : ce champignon \u00e0 odeur de charogne attire une mouche &#8211; Ail triqu\u00e8tre &#8211; Syrphe ceintur\u00e9 sur une fleur d&rsquo;oranger &#8211; Myrtilles (fruits et fleurs) &#8211; Xylocope (abeille charpenti\u00e8re) ? &#8211; Punaise entre des fleurs d&rsquo;oranger (Avril-mai 2023)<br \/><\/span><\/figcaption><\/figure>\n<h2><span style=\"color: #000000;\">8 strates<\/span><\/h2>\n<p><span style=\"color: #000000;\">En 1983, le Conseil de l&rsquo;Europe a lanc\u00e9 un programme d&rsquo;\u00e9laboration d&rsquo;un standard europ\u00e9en de description hi\u00e9rarchis\u00e9e des milieux : CORINE Biotopes. Selon ces crit\u00e8res, je pourrais potentiellement voir se d\u00e9velopper dans le jardin une combinaison de deux biotopes: la \u00ab\u00a0<em>Ch\u00eanaie-Fr\u00eanaie Pyr\u00e9n\u00e9o-Cantabrique<\/em>\u00a0\u00bb d&rsquo;une part, et la v\u00e9g\u00e9tation composant les\u00a0\u00bb<em>Grandes For\u00eats Fluviales M\u00e9dio-europ\u00e9ennes<\/em>\u00a0\u00bb d&rsquo;autre part, puisque la maison se situe dans le bassin de l&rsquo;Adour, \u00e0 quelques kilom\u00e8tres de son embouchure. Ces for\u00eats fluviales, dont il ne reste que des lambeaux dispers\u00e9s autour du Rhin, du Danube et de l&rsquo;Elbe, ne comptent pas moins de huit strates compos\u00e9es d&rsquo;une cinquantaine d&rsquo;essences d&rsquo;arbres et d&rsquo;arbustes, auxquelles s&rsquo;ajoutent les lianes, les buissons, les herbes, les foug\u00e8res, les mousses, les lichens&#8230; \u00ab\u00a0<i>Structurellement, en ce qui concerne la flore et la faune, ces \u00e9cosyst\u00e8mes sont les plus diversifi\u00e9s de tous les \u00e9cosyst\u00e8mes europ\u00e9ens et ils approchent le plus, de ce point de vue, les communaut\u00e9s tropicales et les for\u00eats temp\u00e9r\u00e9es chaudes du Pl\u00e9istoc\u00e8ne.\u00a0\u00bb<\/i><\/span><\/p>\n<figure id=\"attachment_10067\" aria-describedby=\"caption-attachment-10067\" style=\"width: 1067px\" class=\"wp-caption aligncenter\"><a href=\"https:\/\/libre-cueillette.net\/wp-content\/uploads\/a20220323_150142.jpg\"><img loading=\"lazy\" decoding=\"async\" class=\"wp-image-10067 size-full\" src=\"https:\/\/libre-cueillette.net\/wp-content\/uploads\/a20220323_150142.jpg\" alt=\"\" width=\"1067\" height=\"600\" srcset=\"https:\/\/libre-cueillette.net\/wp-content\/uploads\/a20220323_150142.jpg 1067w, https:\/\/libre-cueillette.net\/wp-content\/uploads\/a20220323_150142-300x169.jpg 300w, https:\/\/libre-cueillette.net\/wp-content\/uploads\/a20220323_150142-1024x576.jpg 1024w, https:\/\/libre-cueillette.net\/wp-content\/uploads\/a20220323_150142-768x432.jpg 768w\" sizes=\"auto, (max-width: 1067px) 100vw, 1067px\" \/><\/a><figcaption id=\"caption-attachment-10067\" class=\"wp-caption-text\"><span style=\"color: #000000;\">Dans le jardin, une v\u00e9g\u00e9tation typique de bord de ruisseau forestier: Pr\u00eale, fraisier des bois, arum &#8211; Carabe splendide, col\u00e9opt\u00e8re des environs pyr\u00e9n\u00e9ens vivant dans les for\u00eats humides et se nourrissant d&rsquo;escargots, limaces, chenilles&#8230;<\/span><\/figcaption><\/figure>\n<h2><span style=\"color: #000000;\">Identifier et nommer<\/span><\/h2>\n<p><span style=\"color: #000000;\">Ainsi, depuis plusieurs ann\u00e9es, je tente de faire la connaissance avec mon environnement v\u00e9g\u00e9tal (et un peu animal, mais c&rsquo;est plus difficile) dont la composition s&rsquo;enrichit et la r\u00e9partition \u00e9volue au cours du temps. En effet, toutes ces plantes interagissent et leur croissance n&rsquo;est pas homog\u00e8ne. Certains v\u00e9g\u00e9taux souffrent d&rsquo;un voisinage par trop envahissant, d&rsquo;une ombre ou d&rsquo;\u00e9manations biochimiques qui deviennent \u00e0 la longue d\u00e9l\u00e9t\u00e8res. A l&rsquo;inverse, d&rsquo;autres appr\u00e9cient l&rsquo;ombre qui les prot\u00e8ge de l&rsquo;insolation, de m\u00eame qu&rsquo;un voisinage rapproch\u00e9 peut offrir un rempart contre les bourrasques. En parcourant le jardin, je d\u00e9couvre l&rsquo;existence de plusieurs micro-climats selon l&rsquo;orientation, la qualit\u00e9 du sol, la pente, le degr\u00e9 d&rsquo;ensoleillement et d&rsquo;humidit\u00e9, la composition et l&rsquo;implantation des v\u00e9g\u00e9taux&#8230; <\/span><\/p>\n<figure id=\"attachment_10073\" aria-describedby=\"caption-attachment-10073\" style=\"width: 1038px\" class=\"wp-caption aligncenter\"><a href=\"https:\/\/libre-cueillette.net\/wp-content\/uploads\/a-IMG_20220604_5.jpg\"><img loading=\"lazy\" decoding=\"async\" class=\"wp-image-10073 size-full\" src=\"https:\/\/libre-cueillette.net\/wp-content\/uploads\/a-IMG_20220604_5.jpg\" alt=\"\" width=\"1038\" height=\"600\" srcset=\"https:\/\/libre-cueillette.net\/wp-content\/uploads\/a-IMG_20220604_5.jpg 1038w, https:\/\/libre-cueillette.net\/wp-content\/uploads\/a-IMG_20220604_5-300x173.jpg 300w, https:\/\/libre-cueillette.net\/wp-content\/uploads\/a-IMG_20220604_5-1024x592.jpg 1024w, https:\/\/libre-cueillette.net\/wp-content\/uploads\/a-IMG_20220604_5-768x444.jpg 768w\" sizes=\"auto, (max-width: 1038px) 100vw, 1038px\" \/><\/a><figcaption id=\"caption-attachment-10073\" class=\"wp-caption-text\"><span style=\"color: #000000;\">Mirabelles bient\u00f4t m\u00fbres &#8211; \u00c9cureuil \u00e0 la mangeoire \u00e0 oiseaux &#8211; M\u00e9sange bleue et sittelle torchepot<\/span><\/figcaption><\/figure>\n<p><span style=\"color: #000000;\">Par le simple fait d&rsquo;une moindre pression de tonte et de taille, tout un monde s&rsquo;\u00e9veille et surgit de terre, c&rsquo;est extraordinaire ! J&rsquo;y ajoute mon grain de sel, introduisant par ci, par l\u00e0, de nouveaux plants qui influent \u00e0 leur tour sur l&rsquo;\u00e9quilibre du jardin, toujours instable, jamais d\u00e9finitif. Face \u00e0 une telle exub\u00e9rance, je suis parfois contrainte de r\u00e9duire la pression de v\u00e9g\u00e9taux par trop dynamiques, comme les ronces (dont j&rsquo;adore les m\u00fbres et qui offrent le g\u00eete et le couvert \u00e0 beaucoup d&rsquo;animaux) ou le ch\u00e8vrefeuille qui se prend parfois pour un figuier \u00e9trangleur des for\u00eats \u00e9quatoriales, ou encore le laurier sauce qui, si on le laissait libre de se r\u00e9pandre, reconstituerait vite fait au Pays basque la laurac\u00e9e originelle du pourtour m\u00e9diterran\u00e9en.<\/span><\/p>\n<figure id=\"attachment_10076\" aria-describedby=\"caption-attachment-10076\" style=\"width: 977px\" class=\"wp-caption aligncenter\"><a href=\"https:\/\/libre-cueillette.net\/wp-content\/uploads\/a_IMG_1500.jpg\"><img loading=\"lazy\" decoding=\"async\" class=\"wp-image-10076 size-full\" src=\"https:\/\/libre-cueillette.net\/wp-content\/uploads\/a_IMG_1500.jpg\" alt=\"\" width=\"977\" height=\"600\" srcset=\"https:\/\/libre-cueillette.net\/wp-content\/uploads\/a_IMG_1500.jpg 977w, https:\/\/libre-cueillette.net\/wp-content\/uploads\/a_IMG_1500-300x184.jpg 300w, https:\/\/libre-cueillette.net\/wp-content\/uploads\/a_IMG_1500-768x472.jpg 768w\" sizes=\"auto, (max-width: 977px) 100vw, 977px\" \/><\/a><figcaption id=\"caption-attachment-10076\" class=\"wp-caption-text\"><span style=\"color: #000000;\">Le pic vert est un oiseau des lisi\u00e8res bois\u00e9es, ici perch\u00e9 sur le ch\u00eane au fond du jardin. Le chardonneret \u00e9l\u00e9gant niche dans des arbres ou des arbustes \u00e9lev\u00e9s \u00e0 proximit\u00e9 de strates herbac\u00e9es denses o\u00f9 il mange une grand vari\u00e9t\u00e9 de graines (photographi\u00e9 devant la mangeoire).<\/span><\/figcaption><\/figure>\n<p><span style=\"color: #000000;\">Pour des n\u00e9ophytes comme moi, l&rsquo;identification devient de plus en plus ais\u00e9e gr\u00e2ce \u00e0 Internet et, depuis peu, par le biais d&rsquo;applications sur les t\u00e9l\u00e9phones portables. Mais notre petit coin de Pays basque offre la difficult\u00e9 suppl\u00e9mentaire d&rsquo;un climat propice \u00e0 la vie de plantes \u00e9manant du monde entier, dont certaines ont une propension \u00e0 la colonisation active et s&rsquo;introduisent dans mon jardin sans vraiment y avoir \u00e9t\u00e9 invit\u00e9es. Il faut donc ajouter aux listes des deux biotopes pr\u00e9cit\u00e9s des v\u00e9g\u00e9taux import\u00e9s \u00e0 diverses \u00e9poques au gr\u00e9 des modes successives et qui se sont \u00e9chapp\u00e9s des espaces verts municipaux ou des jardins des particuliers.<\/span><\/p>\n<figure id=\"attachment_10075\" aria-describedby=\"caption-attachment-10075\" style=\"width: 1000px\" class=\"wp-caption aligncenter\"><a href=\"https:\/\/libre-cueillette.net\/wp-content\/uploads\/a_IMG_1360.jpg\"><img loading=\"lazy\" decoding=\"async\" class=\"wp-image-10075 size-full\" src=\"https:\/\/libre-cueillette.net\/wp-content\/uploads\/a_IMG_1360.jpg\" alt=\"\" width=\"1000\" height=\"540\" srcset=\"https:\/\/libre-cueillette.net\/wp-content\/uploads\/a_IMG_1360.jpg 1000w, https:\/\/libre-cueillette.net\/wp-content\/uploads\/a_IMG_1360-300x162.jpg 300w, https:\/\/libre-cueillette.net\/wp-content\/uploads\/a_IMG_1360-768x415.jpg 768w\" sizes=\"auto, (max-width: 1000px) 100vw, 1000px\" \/><\/a><figcaption id=\"caption-attachment-10075\" class=\"wp-caption-text\"><span style=\"color: #000000;\">L&rsquo;accenteur mouchet affectionne les buissons denses et les fourr\u00e9s, insectivore l&rsquo;\u00e9t\u00e9 et granivore l&rsquo;hiver. La m\u00e9sange bleue vit dans les for\u00eats de ch\u00eanes et tout paysage arbor\u00e9, insectivore l&rsquo;\u00e9t\u00e9 et granivore l&rsquo;hiver.<\/span><\/figcaption><\/figure>\n<p><span style=\"color: #000000;\">Enfin, un troisi\u00e8me facteur vient perturber la donne. Il s&rsquo;agit du changement climatique. Alors que bien des plantes mouraient autrefois en raison de temp\u00e9ratures hivernales trop basses ou d&rsquo;une pluviosit\u00e9 trop abondante r\u00e9partie sur toute l&rsquo;ann\u00e9e, ce n&rsquo;est plus gu\u00e8re le cas aujourd&rsquo;hui. Elles doivent d\u00e9sormais s&rsquo;adapter \u00e0 des hivers tr\u00e8s doux, des pluies peut-\u00eatre identiques en volume, mais dont le r\u00e9gime se rapproche de caract\u00e9ristiques m\u00e9diterran\u00e9ennes, violentes, ponctuelles et abondantes, encadr\u00e9es par de longues p\u00e9riodes de s\u00e9cheresse et des canicules autrefois inconnues de notre r\u00e9gion th\u00e9oriquement temp\u00e9r\u00e9e par le voisinage de l&rsquo;oc\u00e9an. Enfin, des temp\u00eates plus fortes et plus fr\u00e9quentes s&rsquo;abattent sur les c\u00f4tes europ\u00e9ennes et viennent mettre en p\u00e9ril les arbres fragilis\u00e9s par ces nouvelles conditions. Si bien des v\u00e9g\u00e9taux souffrent, tout un petit monde de micro-organismes, champignons et insectes se trouve favoris\u00e9 au contraire par ces \u00e9volutions et se multiplie \u00e0 qui mieux mieux, de nouvelles pathologies apparaissent sans laisser le temps aux v\u00e9g\u00e9taux de s&rsquo;y adapter. Il faut donc accompagner l&rsquo;\u00e9volution de nos paysages et r\u00e9fl\u00e9chir \u00e0 l&rsquo;implantation d&rsquo;esp\u00e8ces mieux arm\u00e9es pour r\u00e9sister \u00e0 ces nouvelles contraintes.<\/span><\/p>\n<figure id=\"attachment_10082\" aria-describedby=\"caption-attachment-10082\" style=\"width: 900px\" class=\"wp-caption aligncenter\"><a href=\"https:\/\/libre-cueillette.net\/wp-content\/uploads\/aIMG_7856-1.jpg\"><img loading=\"lazy\" decoding=\"async\" class=\"wp-image-10082 size-full\" src=\"https:\/\/libre-cueillette.net\/wp-content\/uploads\/aIMG_7856-1.jpg\" alt=\"\" width=\"900\" height=\"600\" srcset=\"https:\/\/libre-cueillette.net\/wp-content\/uploads\/aIMG_7856-1.jpg 900w, https:\/\/libre-cueillette.net\/wp-content\/uploads\/aIMG_7856-1-300x200.jpg 300w, https:\/\/libre-cueillette.net\/wp-content\/uploads\/aIMG_7856-1-768x512.jpg 768w\" sizes=\"auto, (max-width: 900px) 100vw, 900px\" \/><\/a><figcaption id=\"caption-attachment-10082\" class=\"wp-caption-text\"><span style=\"color: #000000;\">Le fragon petit-houx, fleur et fruit, plante des bois clairs, des haies, des friches : il s&rsquo;est sem\u00e9 dans la zone humide et ombrag\u00e9e du jardin, pr\u00e8s des noisetiers et du houx apparus aussi spontan\u00e9ment.<\/span><\/figcaption><\/figure>\n<h2><span style=\"color: #000000;\">La goutte d&rsquo;eau du colibri<\/span><\/h2>\n<p><span style=\"color: #000000;\">J&rsquo;aime bien l&rsquo;histoire du minuscule colibri qui, alors qu&rsquo;un immense incendie embrasait la for\u00eat, s&rsquo;\u00e9vertuait \u00e0 l&rsquo;\u00e9teindre en faisant mille aller-retour pour y d\u00e9verser \u00e0 chaque passage la petite goutte qu&rsquo;il portait dans son bec. Si chacun de nous, et chaque ville, se mettait \u00e0 densifier au contraire au maximum la v\u00e9g\u00e9tation autour des habitations et des b\u00e2timents, il y aurait davantage d&rsquo;ombre, davantage d&rsquo;humidit\u00e9, les \u00eelots de chaleur urbains dispara\u00eetraient, les gens auraient plaisir \u00e0 se d\u00e9placer \u00e0 pied ou \u00e0 v\u00e9lo, ils utiliseraient moins leur voiture sur les courtes distances. Mieux encore, le retour \u00e0 une couverture arbor\u00e9e dense sur les montagnes et \u00e0 un paysage de bocage dans les campagnes europ\u00e9ennes pourrait r\u00e9guler l&rsquo;apparition des nuages g\u00e9n\u00e9rateurs de pluie&#8230;<\/span><\/p>\n<figure id=\"attachment_10081\" aria-describedby=\"caption-attachment-10081\" style=\"width: 1000px\" class=\"wp-caption aligncenter\"><a href=\"https:\/\/libre-cueillette.net\/wp-content\/uploads\/aIMG_7887-1.jpg\"><img loading=\"lazy\" decoding=\"async\" class=\"wp-image-10081 size-full\" src=\"https:\/\/libre-cueillette.net\/wp-content\/uploads\/aIMG_7887-1.jpg\" alt=\"\" width=\"1000\" height=\"631\" srcset=\"https:\/\/libre-cueillette.net\/wp-content\/uploads\/aIMG_7887-1.jpg 1000w, https:\/\/libre-cueillette.net\/wp-content\/uploads\/aIMG_7887-1-300x189.jpg 300w, https:\/\/libre-cueillette.net\/wp-content\/uploads\/aIMG_7887-1-768x485.jpg 768w\" sizes=\"auto, (max-width: 1000px) 100vw, 1000px\" \/><\/a><figcaption id=\"caption-attachment-10081\" class=\"wp-caption-text\"><span style=\"color: #000000;\">Millepertuis andros\u00e8me, plante de sous-bois et lisi\u00e8re ombrag\u00e9e, dans les aulnaies, les bords ombrag\u00e9s des cours d&rsquo;eau. Dans le jardin, elle pousse non loin d&rsquo;un aulne, sem\u00e9 tout seul, parmi la pr\u00eale et les foug\u00e8res de zone humide.<\/span><\/figcaption><\/figure>\n<div>\n<h2><span style=\"color: #000000;\">Liste provisoire des plantes du jardin (100 esp\u00e8ces v\u00e9g\u00e9tales)<br \/><\/span><\/h2>\n<p><span style=\"color: #000000;\"><strong>Arbres et arbustes (37 esp\u00e8ces) :<\/strong> 2 grands ch\u00eanes p\u00e9doncul\u00e9s, 1 aulne, \u00e9rable sycomore, fr\u00eane \u00e0 feuilles \u00e9troites (m\u00e9diterran\u00e9en), laurier sauce (m\u00e9diterran\u00e9en), noisetier, houx, 1 aub\u00e9pine, 2 tro\u00e8nes, 1 viorne obier, 2 tro\u00e8nes, 1 buis, 2 lilas, 5 pruniers (dont 3 spontan\u00e9s, mirabelliers), 7 figuiers (m\u00e9diterran\u00e9en), 2 arbousiers (M\u00e9diterran\u00e9e et Am\u00e9rique du Nord-Ouest), 1 m\u00fbrier noir (spontan\u00e9, Asie occidentale), thuya (Canada ?), 1 Pittosporum tobira (Japon), 1 mimosa (Australie), palmiers chanvre (Trachycarpus fortunei, Chine), alth\u00e9a (Chine, Ta\u00efwan), 1 forsythia (Chine, Japon, Cor\u00e9e, Mandchourie), Ab\u00e9lia (Chine), 1 cam\u00e9lia nain (Extr\u00eame-Orient), Lagerstroemia indica (Chine), 1 cor\u00eate du Japon, 1 Weig\u00e9lia (Chine, Japon, Cor\u00e9e), 3 spir\u00e9es van Houtte (Chine, Mongolie), 1 p\u00eacher (Chine), 1 citronnier (Cachemire), 1 oranger (Chine), 1 mandarinier (Chine), 1 kumquat (Asie), cognassiers du Japon, avocatiers (Am\u00e9rique tropicale), albizia (de l&rsquo;Iran \u00e0 la Chine)&#8230;<br \/><\/span><\/p>\n<figure id=\"attachment_10121\" aria-describedby=\"caption-attachment-10121\" style=\"width: 800px\" class=\"wp-caption aligncenter\"><a href=\"https:\/\/libre-cueillette.net\/wp-content\/uploads\/a_2018_DSC04132.jpg\"><img loading=\"lazy\" decoding=\"async\" class=\"wp-image-10121 size-full\" src=\"https:\/\/libre-cueillette.net\/wp-content\/uploads\/a_2018_DSC04132.jpg\" alt=\"\" width=\"800\" height=\"600\" srcset=\"https:\/\/libre-cueillette.net\/wp-content\/uploads\/a_2018_DSC04132.jpg 800w, https:\/\/libre-cueillette.net\/wp-content\/uploads\/a_2018_DSC04132-300x225.jpg 300w, https:\/\/libre-cueillette.net\/wp-content\/uploads\/a_2018_DSC04132-768x576.jpg 768w\" sizes=\"auto, (max-width: 800px) 100vw, 800px\" \/><\/a><figcaption id=\"caption-attachment-10121\" class=\"wp-caption-text\"><span style=\"color: #000000;\">Arbousier, lychnis fleur de coucou, violette<\/span><\/figcaption><\/figure>\n<p><span style=\"color: #000000;\"><strong>Petits ligneux (16 esp\u00e8ces) :<\/strong> fragon petit-houx, millepertuis andros\u00e8me, framboisiers, groseillier, myrtillier, romarin, lavande, 2 verveines citronn\u00e9es, 1 sauge, rosiers, azal\u00e9es (Japon, Cor\u00e9e), hortensias (Chine, Japon), 1 physalis (P\u00e9rou), escallonia (Am\u00e9rique du Sud), coton\u00e9aster (Chine), yucca (Am\u00e9rique centrale et du Sud)&#8230;<br \/><\/span><\/p>\n<p><span style=\"color: #000000;\"><strong>Lianes (12 esp\u00e8ces) :<\/strong> lierre, ch\u00e8vrefeuille, cl\u00e9matite des haies, ronce, gaillet gratteron, liseron, tamier commun, 1 vigne, 1 jasmin (plante tropicale Inde et Chine), passiflore (Am\u00e9rique du Sud), 1 glycine (Chine, Japon, Cor\u00e9e et Etats-Unis centre et sud), 1 kiwi hermaphrodite (Chine)&#8230;<br \/><\/span><\/p>\n<figure id=\"attachment_10122\" aria-describedby=\"caption-attachment-10122\" style=\"width: 800px\" class=\"wp-caption aligncenter\"><a href=\"https:\/\/libre-cueillette.net\/wp-content\/uploads\/a_2018_DSC04104.jpg\"><img loading=\"lazy\" decoding=\"async\" class=\"wp-image-10122 size-full\" src=\"https:\/\/libre-cueillette.net\/wp-content\/uploads\/a_2018_DSC04104.jpg\" alt=\"\" width=\"800\" height=\"600\" srcset=\"https:\/\/libre-cueillette.net\/wp-content\/uploads\/a_2018_DSC04104.jpg 800w, https:\/\/libre-cueillette.net\/wp-content\/uploads\/a_2018_DSC04104-300x225.jpg 300w, https:\/\/libre-cueillette.net\/wp-content\/uploads\/a_2018_DSC04104-768x576.jpg 768w\" sizes=\"auto, (max-width: 800px) 100vw, 800px\" \/><\/a><figcaption id=\"caption-attachment-10122\" class=\"wp-caption-text\"><span style=\"color: #000000;\">Bugle rampante &#8211; Consoude tub\u00e9reuse<\/span><\/figcaption><\/figure>\n<p><span style=\"color: #000000;\"><strong>Herbac\u00e9es (33 esp\u00e8ces reconnues, mais il y en a bien plus \u00e0 identifier) :<\/strong> Consoude tub\u00e9reuse (sauvage, \u00e0 fleurs jaunes), Consoude officinale (\u00e0 fleurs violettes), 1 bourrache, pr\u00eale, fraisier des bois, fraisier des Indes (Potentilla indica), primev\u00e8re, violette, ficaire, arum d&rsquo;Italie, pissenlit, bouton d&rsquo;or, marguerite, lychnis fleur de coucou, jacinthe des bois, centranthe rouge, tr\u00e8fle blanc, tr\u00e8fle pourpre, luzerne, oseille commune (rumex acetosa), plantain lanc\u00e9ol\u00e9, avoine, mousse, foug\u00e8res (scolopendre, asplenium, Polystic \u00e0 soies ou Dryopt\u00e9ris), iris, v\u00e9ronique, bugle rampante, acanthe, sureau hi\u00e8ble, crocosmia (Afrique du Sud), souchet rond (gramin\u00e9e, Inde)&#8230;<br \/><\/span><\/p>\n<figure id=\"attachment_10123\" aria-describedby=\"caption-attachment-10123\" style=\"width: 483px\" class=\"wp-caption aligncenter\"><a href=\"https:\/\/libre-cueillette.net\/wp-content\/uploads\/a_2018_DSC04115.jpg\"><img loading=\"lazy\" decoding=\"async\" class=\"wp-image-10123 size-full\" src=\"https:\/\/libre-cueillette.net\/wp-content\/uploads\/a_2018_DSC04115.jpg\" alt=\"\" width=\"483\" height=\"300\" srcset=\"https:\/\/libre-cueillette.net\/wp-content\/uploads\/a_2018_DSC04115.jpg 483w, https:\/\/libre-cueillette.net\/wp-content\/uploads\/a_2018_DSC04115-300x186.jpg 300w\" sizes=\"auto, (max-width: 483px) 100vw, 483px\" \/><\/a><figcaption id=\"caption-attachment-10123\" class=\"wp-caption-text\"><span style=\"color: #000000;\">Luzerne<\/span><\/figcaption><\/figure>\n<\/div>\n<p><span style=\"color: #000000;\">Commentaire de \u00c9liane R.<\/span><\/p>\n<p><em><span style=\"color: #000000;\">Quand je suis parmi vous, arbres de ces grands bois,<\/span><\/em><br \/><em><span style=\"color: #000000;\">Dans tout ce qui m\u2019entoure et me cache \u00e0 la fois,<\/span><\/em><br \/><em><span style=\"color: #000000;\">Dans votre solitude o\u00f9 je rentre en moi-m\u00eame,<\/span><\/em><br \/><em><span style=\"color: #000000;\">Je sens quelqu\u2019un de grand qui m\u2019\u00e9coute et qui m\u2019aime !<\/span><\/em><br aria-hidden=\"true\" \/><span style=\"color: #000000;\">Victor Hugo, <em>Les contemplations<\/em>, extrait du po\u00e8me \u00ab\u00a0<\/span><span style=\"color: #000000;\"><em>Aux arbres<\/em>\u201d<\/span><\/p>\n<p><span style=\"color: #000000;\">Amicalement <br \/><\/span><\/p>\n\n\n","protected":false},"excerpt":{"rendered":"<p>Le choc Depuis une semaine, je suis sous le choc. Sous couvert d&rsquo;un arr\u00eat\u00e9 pr\u00e9fectoral du 21 novembre 2022 s&rsquo;appuyant sur l&rsquo;article 134-6 du Code forestier promulgu\u00e9 en 2012, la ville d&rsquo;Anglet vient de distribuer le 9 juin 2023 \u00e0<\/p>\n","protected":false},"author":1,"featured_media":0,"comment_status":"open","ping_status":"open","sticky":false,"template":"","format":"standard","meta":{"footnotes":""},"categories":[296],"tags":[],"class_list":["post-9999","post","type-post","status-publish","format-standard","hentry","category-anglet-sauvage"],"_links":{"self":[{"href":"https:\/\/libre-cueillette.net\/index.php\/wp-json\/wp\/v2\/posts\/9999","targetHints":{"allow":["GET"]}}],"collection":[{"href":"https:\/\/libre-cueillette.net\/index.php\/wp-json\/wp\/v2\/posts"}],"about":[{"href":"https:\/\/libre-cueillette.net\/index.php\/wp-json\/wp\/v2\/types\/post"}],"author":[{"embeddable":true,"href":"https:\/\/libre-cueillette.net\/index.php\/wp-json\/wp\/v2\/users\/1"}],"replies":[{"embeddable":true,"href":"https:\/\/libre-cueillette.net\/index.php\/wp-json\/wp\/v2\/comments?post=9999"}],"version-history":[{"count":69,"href":"https:\/\/libre-cueillette.net\/index.php\/wp-json\/wp\/v2\/posts\/9999\/revisions"}],"predecessor-version":[{"id":10151,"href":"https:\/\/libre-cueillette.net\/index.php\/wp-json\/wp\/v2\/posts\/9999\/revisions\/10151"}],"wp:attachment":[{"href":"https:\/\/libre-cueillette.net\/index.php\/wp-json\/wp\/v2\/media?parent=9999"}],"wp:term":[{"taxonomy":"category","embeddable":true,"href":"https:\/\/libre-cueillette.net\/index.php\/wp-json\/wp\/v2\/categories?post=9999"},{"taxonomy":"post_tag","embeddable":true,"href":"https:\/\/libre-cueillette.net\/index.php\/wp-json\/wp\/v2\/tags?post=9999"}],"curies":[{"name":"wp","href":"https:\/\/api.w.org\/{rel}","templated":true}]}}